{"id":164527,"date":"2026-01-06T15:18:10","date_gmt":"2026-01-06T15:18:10","guid":{"rendered":"https:\/\/kamucalisani.net\/?p=164527"},"modified":"2026-01-06T15:18:10","modified_gmt":"2026-01-06T15:18:10","slug":"eniste-dehset-sacti-kayinbiraderini-vurdu","status":"publish","type":"post","link":"https:\/\/kamucalisani.net\/index.php\/2026\/01\/06\/eniste-dehset-sacti-kayinbiraderini-vurdu\/","title":{"rendered":"Eni\u015fte deh\u015fet sa\u00e7t\u0131! Kay\u0131nbiraderini vurdu"},"content":{"rendered":"<p><p>Olay d\u00fcn saat 19.00 s\u0131ralar\u0131nda S\u00fcleymaniye Mahallesi Ferah sokaktaki 2 katl\u0131 evin 2. kat\u0131nda meydana geldi. Fahrettin S.(45) ile ablas\u0131n\u0131n e\u015fi Nurefeddin B.(66)&#8217;nin evine giderek, bo\u015fanma a\u015famas\u0131nda olan ablas\u0131 Nergiz B.&#8217;ye ait e\u015fyalar\u0131 almak istedi. E\u015fyalar\u0131 ald\u0131\u011f\u0131 s\u0131rada eni\u015ftesi ile tart\u0131\u015fma ya\u015fad\u0131. Tart\u0131\u015fma bir anda kavgaya d\u00f6n\u00fc\u015ft\u00fc.<\/p>\n<p><strong>KAYINB\u0130RADER\u0130N\u0130 VURDU<\/strong><\/p>\n<p>Kavgada eni\u015fte elindeki tabancayla kay\u0131nbiraderine ate\u015f ederken, kay\u0131nbiraderi ise tekme ve yumruklarla sald\u0131rd\u0131. Kavga sonucu kay\u0131nbiraderi sol baca\u011f\u0131ndan tabancayla vurularak yaraland\u0131. Eni\u015fte ise darp sonucu yaraland\u0131. Olay yerine 112 ve polis ekipleri sevk edildi. Ekipler kavgay\u0131 sonland\u0131rd\u0131. Sol baca\u011f\u0131na isabet eden mermi ile yaralanan \u015fah\u0131s Ambulansla \u0130neg\u00f6l Devlet Hastanesine kald\u0131r\u0131ld\u0131. Yaral\u0131n\u0131n sa\u011fl\u0131k durumunun iyi oldu\u011fu \u00f6\u011frenildi.<\/p>\n<p>Darp sonucu yaralanan eni\u015fte ise polis ekiplerince \u00f6zel bir hastanede yap\u0131lan tedavinin ard\u0131ndan su\u00e7 aleti 3 adet ruhsats\u0131z tabanca ile g\u00f6zalt\u0131na al\u0131nd\u0131.<\/p>\n<p>\u0130fadesinde &#8220;Eski e\u015fimin erkek karde\u015fi eve gelip e\u015fyalar\u0131 almak istedi. Aram\u0131zda tart\u0131\u015fma ya\u015fand\u0131. Beni darp etmeye ba\u015flad\u0131. Bende kendimi korumak i\u00e7in ate\u015f ettim&#8221; dedi\u011fi \u00f6\u011frenilen Nurefeddin B.(66), \u00e7\u0131kar\u0131ld\u0131\u011f\u0131 mahkemece tutuklanarak cezaevine g\u00f6nderildi.<\/p>\n\n<p><\/p>\n<p>Kaynak :\u00a0<span style=\"background-color: rgb(255, 249, 236); color: rgb(55, 58, 60); font-size: 14px;\">http:\/\/www.milliyet.com.tr\/gundem\/eniste-dehset-sacti-kayinbiraderini-vurdu-7516432<\/span><\/p>\n","protected":false},"excerpt":{"rendered":"<p>Bursa&#8217;n\u0131n \u0130neg\u00f6l il\u00e7esinde meydana gelen kavgada kay\u0131nbiraderini baca\u011f\u0131ndan vurarak yaralayan eni\u015fte tutukland\u0131.<\/p>\n","protected":false},"author":1,"featured_media":164528,"comment_status":"open","ping_status":"open","sticky":false,"template":"","format":"standard","meta":{"footnotes":""},"categories":[3],"tags":[],"class_list":["post-164527","post","type-post","status-publish","format-standard","has-post-thumbnail","hentry","category-guncel"],"_links":{"self":[{"href":"https:\/\/kamucalisani.net\/index.php\/wp-json\/wp\/v2\/posts\/164527","targetHints":{"allow":["GET"]}}],"collection":[{"href":"https:\/\/kamucalisani.net\/index.php\/wp-json\/wp\/v2\/posts"}],"about":[{"href":"https:\/\/kamucalisani.net\/index.php\/wp-json\/wp\/v2\/types\/post"}],"author":[{"embeddable":true,"href":"https:\/\/kamucalisani.net\/index.php\/wp-json\/wp\/v2\/users\/1"}],"replies":[{"embeddable":true,"href":"https:\/\/kamucalisani.net\/index.php\/wp-json\/wp\/v2\/comments?post=164527"}],"version-history":[{"count":1,"href":"https:\/\/kamucalisani.net\/index.php\/wp-json\/wp\/v2\/posts\/164527\/revisions"}],"predecessor-version":[{"id":164529,"href":"https:\/\/kamucalisani.net\/index.php\/wp-json\/wp\/v2\/posts\/164527\/revisions\/164529"}],"wp:featuredmedia":[{"embeddable":true,"href":"https:\/\/kamucalisani.net\/index.php\/wp-json\/wp\/v2\/media\/164528"}],"wp:attachment":[{"href":"https:\/\/kamucalisani.net\/index.php\/wp-json\/wp\/v2\/media?parent=164527"}],"wp:term":[{"taxonomy":"category","embeddable":true,"href":"https:\/\/kamucalisani.net\/index.php\/wp-json\/wp\/v2\/categories?post=164527"},{"taxonomy":"post_tag","embeddable":true,"href":"https:\/\/kamucalisani.net\/index.php\/wp-json\/wp\/v2\/tags?post=164527"}],"curies":[{"name":"wp","href":"https:\/\/api.w.org\/{rel}","templated":true}]}}