{"id":164906,"date":"2026-01-07T08:12:22","date_gmt":"2026-01-07T08:12:22","guid":{"rendered":"https:\/\/kamucalisani.net\/?p=164906"},"modified":"2026-01-07T08:12:22","modified_gmt":"2026-01-07T08:12:22","slug":"nevsehirde-isci-servisiyle-hafif-ticari-arac-carpisti-olu-ve-yaralilar-var","status":"publish","type":"post","link":"https:\/\/kamucalisani.net\/index.php\/2026\/01\/07\/nevsehirde-isci-servisiyle-hafif-ticari-arac-carpisti-olu-ve-yaralilar-var\/","title":{"rendered":"Nev\u015fehir&#8217;de i\u015f\u00e7i servisiyle hafif ticari ara\u00e7 \u00e7arp\u0131\u015ft\u0131! \u00d6l\u00fc ve yaral\u0131lar var"},"content":{"rendered":"<p><p>Kaza, Ni\u011fde-Derinkuyu kara yolu Ye\u015filhisar Kav\u015fa\u011f\u0131&#8217;nda meydana geldi. Edinilen bilgiye g\u00f6re, \u00dc.A. idaresindeki 50 ADD 673 plakal\u0131 hafif ticari ara\u00e7la B.\u00d6. idaresindeki 51 AEC 271 plakal\u0131 i\u015f\u00e7i servisi \u00e7arp\u0131\u015ft\u0131.<\/p>\n<p>Kazada hafif ticari arac\u0131n s\u00fcr\u00fcc\u00fcs\u00fc olay yerinde hayat\u0131n\u0131 kaybederken, i\u015f\u00e7i servisinde bulunan 14 ki\u015fi yaraland\u0131. \u0130hbar \u00fczerine olay yerine \u00e7ok say\u0131da ambulans ve jandarma ekibi sevk edildi.<\/p>\n<p>Jandarma ekipleri yolda g\u00fcvenlik \u00f6nlemi al\u0131rken, yaral\u0131 14 ki\u015fi de Nev\u015fehir Devlet Hastanesi&#8217;ne kald\u0131r\u0131larak tedavi alt\u0131na al\u0131nd\u0131. Kazaya kar\u0131\u015fan ara\u00e7lar \u00e7ekici ile kald\u0131r\u0131ld\u0131.<\/p>\n<p>Kazayla ilgili soru\u015fturma ba\u015flat\u0131ld\u0131.<\/p>\n\n<p><\/p>\n<p>Kaynak :\u00a0<span style=\"background-color: rgb(255, 249, 236); color: rgb(55, 58, 60); font-size: 14px;\">http:\/\/www.milliyet.com.tr\/gundem\/nevsehirde-isci-servisiyle-hafif-ticari-arac-carpisti-olu-ve-yaralilar-var-7516753<\/span><\/p>\n","protected":false},"excerpt":{"rendered":"<p>Nev\u015fehir&#8217;de hafif ticari ara\u00e7 ile i\u015f\u00e7i servisinin \u00e7arp\u0131\u015fmas\u0131 sonucu meydana gelen kazada 1 ki\u015fi hayat\u0131n\u0131 kaybetti, 14 ki\u015fi de yaraland\u0131. Kazayla ilgili soru\u015fturma ba\u015flat\u0131ld\u0131.<\/p>\n","protected":false},"author":1,"featured_media":164907,"comment_status":"open","ping_status":"open","sticky":false,"template":"","format":"standard","meta":{"footnotes":""},"categories":[3],"tags":[],"class_list":["post-164906","post","type-post","status-publish","format-standard","has-post-thumbnail","hentry","category-guncel"],"_links":{"self":[{"href":"https:\/\/kamucalisani.net\/index.php\/wp-json\/wp\/v2\/posts\/164906","targetHints":{"allow":["GET"]}}],"collection":[{"href":"https:\/\/kamucalisani.net\/index.php\/wp-json\/wp\/v2\/posts"}],"about":[{"href":"https:\/\/kamucalisani.net\/index.php\/wp-json\/wp\/v2\/types\/post"}],"author":[{"embeddable":true,"href":"https:\/\/kamucalisani.net\/index.php\/wp-json\/wp\/v2\/users\/1"}],"replies":[{"embeddable":true,"href":"https:\/\/kamucalisani.net\/index.php\/wp-json\/wp\/v2\/comments?post=164906"}],"version-history":[{"count":1,"href":"https:\/\/kamucalisani.net\/index.php\/wp-json\/wp\/v2\/posts\/164906\/revisions"}],"predecessor-version":[{"id":164908,"href":"https:\/\/kamucalisani.net\/index.php\/wp-json\/wp\/v2\/posts\/164906\/revisions\/164908"}],"wp:featuredmedia":[{"embeddable":true,"href":"https:\/\/kamucalisani.net\/index.php\/wp-json\/wp\/v2\/media\/164907"}],"wp:attachment":[{"href":"https:\/\/kamucalisani.net\/index.php\/wp-json\/wp\/v2\/media?parent=164906"}],"wp:term":[{"taxonomy":"category","embeddable":true,"href":"https:\/\/kamucalisani.net\/index.php\/wp-json\/wp\/v2\/categories?post=164906"},{"taxonomy":"post_tag","embeddable":true,"href":"https:\/\/kamucalisani.net\/index.php\/wp-json\/wp\/v2\/tags?post=164906"}],"curies":[{"name":"wp","href":"https:\/\/api.w.org\/{rel}","templated":true}]}}