{"id":165595,"date":"2026-01-09T13:30:12","date_gmt":"2026-01-09T13:30:12","guid":{"rendered":"https:\/\/kamucalisani.net\/?p=165595"},"modified":"2026-01-09T13:30:12","modified_gmt":"2026-01-09T13:30:12","slug":"fenerbahcede-guendouzi-ve-mert-gunok-antrenmana-cikti-galatasaray-maci-hazirliklari-tamamlandi","status":"publish","type":"post","link":"https:\/\/kamucalisani.net\/index.php\/2026\/01\/09\/fenerbahcede-guendouzi-ve-mert-gunok-antrenmana-cikti-galatasaray-maci-hazirliklari-tamamlandi\/","title":{"rendered":"Fenerbah\u00e7e&#8217;de Guendouzi ve Mert G\u00fcnok antrenmana \u00e7\u0131kt\u0131! Galatasaray ma\u00e7\u0131 haz\u0131rl\u0131klar\u0131 tamamland\u0131"},"content":{"rendered":"<p><p>S\u00fcper Kupa finalinde yar\u0131n Galatasaray ile kar\u015f\u0131la\u015facak Fenerbah\u00e7e, m\u00fcsabakan\u0131n haz\u0131rl\u0131klar\u0131n\u0131 tamamlad\u0131.<\/p>\n<p>Sar\u0131-lacivertli kul\u00fcpten yap\u0131lan a\u00e7\u0131klamaya g\u00f6re, Fenerbah\u00e7e Can Bartu Tesisleri&#8217;ndeki antrenman teknik direkt\u00f6r Domenico Tedesco y\u00f6netiminde ger\u00e7ekle\u015ftirildi.<\/p>\n<p>Yeni transfer Matteo Guendouzi ve Mert G\u00fcnok sar\u0131-lacivertli ekiple ilk antrenman\u0131na \u00e7\u0131kt\u0131.<\/p>\n<p>Salonda core \u00e7al\u0131\u015fmas\u0131yla ba\u015flayan antrenman, sahada yap\u0131lan \u0131s\u0131nma, koordinasyon ve \u00e7abukluk hareketleriyle devam etti. Pas \u00e7al\u0131\u015fmas\u0131n\u0131n ard\u0131ndan yap\u0131lan taktiksel ve bireysel programlarla haz\u0131rl\u0131klar tamamland\u0131. Fenerbah\u00e7e, antrenman\u0131n ard\u0131ndan tesislerde kampa girdi.<\/p>\n<p>Galatasaray ile Fenerbah\u00e7e&#8217;nin kar\u015f\u0131 kar\u015f\u0131ya gelece\u011fi Turkcell S\u00fcper Kupa finali yar\u0131n saat 20.30&#8217;da Atat\u00fcrk Olimpiyat Stad\u0131&#8217;nda yap\u0131lacak.<\/p>\n<p>\u00a0<\/p>\n\n<p><\/p>\n<p>Kaynak :\u00a0<span style=\"background-color: rgb(255, 249, 236); color: rgb(55, 58, 60); font-size: 14px;\">http:\/\/www.milliyet.com.tr\/skorer\/fenerbahcede-guendouzi-ve-mert-gunok-antrenmana-cikti-galatasaray-maci-hazirliklari-tamamlandi-7518237<\/span><\/p>\n","protected":false},"excerpt":{"rendered":"<p>S\u00fcper Kupa finalinde Galatasaray ile m\u00fccadele edecek olan Fenerbah\u00e7e dev ma\u00e7\u0131n haz\u0131rl\u0131klar\u0131n\u0131 tamamlad\u0131.<\/p>\n","protected":false},"author":1,"featured_media":165596,"comment_status":"open","ping_status":"open","sticky":false,"template":"","format":"standard","meta":{"footnotes":""},"categories":[7],"tags":[],"class_list":["post-165595","post","type-post","status-publish","format-standard","has-post-thumbnail","hentry","category-spor"],"_links":{"self":[{"href":"https:\/\/kamucalisani.net\/index.php\/wp-json\/wp\/v2\/posts\/165595","targetHints":{"allow":["GET"]}}],"collection":[{"href":"https:\/\/kamucalisani.net\/index.php\/wp-json\/wp\/v2\/posts"}],"about":[{"href":"https:\/\/kamucalisani.net\/index.php\/wp-json\/wp\/v2\/types\/post"}],"author":[{"embeddable":true,"href":"https:\/\/kamucalisani.net\/index.php\/wp-json\/wp\/v2\/users\/1"}],"replies":[{"embeddable":true,"href":"https:\/\/kamucalisani.net\/index.php\/wp-json\/wp\/v2\/comments?post=165595"}],"version-history":[{"count":1,"href":"https:\/\/kamucalisani.net\/index.php\/wp-json\/wp\/v2\/posts\/165595\/revisions"}],"predecessor-version":[{"id":165597,"href":"https:\/\/kamucalisani.net\/index.php\/wp-json\/wp\/v2\/posts\/165595\/revisions\/165597"}],"wp:featuredmedia":[{"embeddable":true,"href":"https:\/\/kamucalisani.net\/index.php\/wp-json\/wp\/v2\/media\/165596"}],"wp:attachment":[{"href":"https:\/\/kamucalisani.net\/index.php\/wp-json\/wp\/v2\/media?parent=165595"}],"wp:term":[{"taxonomy":"category","embeddable":true,"href":"https:\/\/kamucalisani.net\/index.php\/wp-json\/wp\/v2\/categories?post=165595"},{"taxonomy":"post_tag","embeddable":true,"href":"https:\/\/kamucalisani.net\/index.php\/wp-json\/wp\/v2\/tags?post=165595"}],"curies":[{"name":"wp","href":"https:\/\/api.w.org\/{rel}","templated":true}]}}