{"id":165736,"date":"2026-01-09T17:00:11","date_gmt":"2026-01-09T17:00:11","guid":{"rendered":"https:\/\/kamucalisani.net\/?p=165736"},"modified":"2026-01-09T17:00:11","modified_gmt":"2026-01-09T17:00:11","slug":"firtinaya-ragmen-calistirilan-isci-hayatini-kaybetmisti-firma-sahibi-tutuklandi","status":"publish","type":"post","link":"https:\/\/kamucalisani.net\/index.php\/2026\/01\/09\/firtinaya-ragmen-calistirilan-isci-hayatini-kaybetmisti-firma-sahibi-tutuklandi\/","title":{"rendered":"F\u0131rt\u0131naya ra\u011fmen \u00e7al\u0131\u015ft\u0131r\u0131lan i\u015f\u00e7i hayat\u0131n\u0131 kaybetmi\u015fti! Firma sahibi tutukland\u0131"},"content":{"rendered":"<p><p>Olay, d\u00fcn ak\u015fam saatlerinde Kad\u0131nlar Denizi mevkiinde Le Blue Hotel&#8217;in \u00f6n\u00fcndeki iskelede meydana geldi. Edinilen bilgiye g\u00f6re, olumsuz hava \u015fartlar\u0131na ra\u011fmen yap\u0131lan iskele \u00e7al\u0131\u015fmas\u0131 b\u00fcy\u00fck bir faciaya d\u00f6n\u00fc\u015ft\u00fc.<\/p>\n<p>F\u0131rt\u0131nada dalgalar\u0131n \u015fiddetiyle iskeleden denize d\u00fc\u015fen 3 i\u015f\u00e7i uzun s\u00fcre denizde mahsur kald\u0131. Yap\u0131lan ihbar \u00fczerine b\u00f6lgeye sa\u011fl\u0131k, itfaiye, polis ve sahil g\u00fcvenlik ekipleri sevk edildi. Olay yerine gelen ekipler, denize d\u00fc\u015fen Abdullah K., Muharrem D. ve \u0130smail Da\u011f&#8217;\u0131 kurtarmak i\u00e7in \u00e7al\u0131\u015fma ba\u015flatt\u0131.<\/p>\n<p><strong>DEN\u0130ZE D\u00dc\u015eEN \u0130\u015e\u00c7\u0130 HAYATINI KAYBETT\u0130<\/strong><\/p>\n<p>Ekipler Abdullah K. (26) ve Muharrem D.&#8217;yi (22) denizden \u00e7\u0131kar\u0131p sa\u011fl\u0131k ekiplerine teslim etti. Denize d\u00fc\u015fen \u0130smail Da\u011f&#8217;\u0131n (30) cans\u0131z bedeni ise olay yerinden 100 metre ileride bulundu.<\/p>\n<p>Yaral\u0131 2 i\u015f\u00e7i ambulansla hastaneye kald\u0131r\u0131l\u0131rken, Abdullah K.&#8217;n\u0131n hayati tehlikesinin bulundu\u011fu \u00f6\u011frenildi. Hayat\u0131n\u0131 kaybeden \u0130smail Da\u011f&#8217;\u0131n ise cans\u0131z bedeni hastane morguna kald\u0131r\u0131ld\u0131.<\/p>\n<p><strong>\u0130N\u015eAAT F\u0130RMASI SAH\u0130B\u0130 TUTUKLANDI<\/strong><\/p>\n<p>\u0130\u015f\u00e7ilerin \u00e7al\u0131\u015fma \u00f6ncesinde f\u0131rt\u0131na oldu\u011funu ve \u00e7al\u0131\u015fmak istemediklerini bildirdi\u011fi ancak kendilerinden \u00e7al\u0131\u015fmalar\u0131n s\u00fcrd\u00fcr\u00fclmesinin istendi\u011fi iddia edildi. Ya\u015fanan olay\u0131n ard\u0131ndan Le Blue Otel sorumlusu Z.A. ve iskelede bak\u0131m ve y\u0131k\u0131m i\u015fini yapan \u00d6zkan \u0130n\u015faat&#8217;\u0131n sahibi Y.\u00d6. polis ekipleri taraf\u0131ndan g\u00f6zalt\u0131na al\u0131nd\u0131.<\/p>\n<p>Emniyette i\u015flemleri tamamlanarak adliyeye sevk edilen Z.A. adli kontrol ile serbest b\u0131rak\u0131l\u0131rken, Y.\u00d6. ise tutuklanarak cezaevine g\u00f6nderildi.<\/p>\n\n<p><\/p>\n<p>Kaynak :\u00a0<span style=\"background-color: rgb(255, 249, 236); color: rgb(55, 58, 60); font-size: 14px;\">http:\/\/www.milliyet.com.tr\/gundem\/firtinaya-ragmen-calistirilan-isci-hayatini-kaybetmisti-firma-sahibi-tutuklandi-7518352<\/span><\/p>\n","protected":false},"excerpt":{"rendered":"<p>Ayd\u0131n Ku\u015fadas\u0131&#8217;nda f\u0131rt\u0131naya ra\u011fmen iskelede \u00e7al\u0131\u015ft\u0131r\u0131lan 3 i\u015f\u00e7inin denize d\u00fc\u015fmesiyle sonu\u00e7lanan faciada yeni detaylar ortaya \u00e7\u0131kt\u0131. Dev dalgalar nedeniyle denize d\u00fc\u015fen 30 ya\u015f\u0131ndaki \u0130smail Da\u011f&#8217;\u0131n hayat\u0131n\u0131 kaybetti\u011fi olay sonras\u0131 g\u00f6zalt\u0131na al\u0131nan firma sahibi tutukland\u0131.<\/p>\n","protected":false},"author":1,"featured_media":165737,"comment_status":"open","ping_status":"open","sticky":false,"template":"","format":"standard","meta":{"footnotes":""},"categories":[3],"tags":[903,322],"class_list":["post-165736","post","type-post","status-publish","format-standard","has-post-thumbnail","hentry","category-guncel","tag-calisma","tag-ekipler"],"_links":{"self":[{"href":"https:\/\/kamucalisani.net\/index.php\/wp-json\/wp\/v2\/posts\/165736","targetHints":{"allow":["GET"]}}],"collection":[{"href":"https:\/\/kamucalisani.net\/index.php\/wp-json\/wp\/v2\/posts"}],"about":[{"href":"https:\/\/kamucalisani.net\/index.php\/wp-json\/wp\/v2\/types\/post"}],"author":[{"embeddable":true,"href":"https:\/\/kamucalisani.net\/index.php\/wp-json\/wp\/v2\/users\/1"}],"replies":[{"embeddable":true,"href":"https:\/\/kamucalisani.net\/index.php\/wp-json\/wp\/v2\/comments?post=165736"}],"version-history":[{"count":1,"href":"https:\/\/kamucalisani.net\/index.php\/wp-json\/wp\/v2\/posts\/165736\/revisions"}],"predecessor-version":[{"id":165738,"href":"https:\/\/kamucalisani.net\/index.php\/wp-json\/wp\/v2\/posts\/165736\/revisions\/165738"}],"wp:featuredmedia":[{"embeddable":true,"href":"https:\/\/kamucalisani.net\/index.php\/wp-json\/wp\/v2\/media\/165737"}],"wp:attachment":[{"href":"https:\/\/kamucalisani.net\/index.php\/wp-json\/wp\/v2\/media?parent=165736"}],"wp:term":[{"taxonomy":"category","embeddable":true,"href":"https:\/\/kamucalisani.net\/index.php\/wp-json\/wp\/v2\/categories?post=165736"},{"taxonomy":"post_tag","embeddable":true,"href":"https:\/\/kamucalisani.net\/index.php\/wp-json\/wp\/v2\/tags?post=165736"}],"curies":[{"name":"wp","href":"https:\/\/api.w.org\/{rel}","templated":true}]}}