{"id":166005,"date":"2026-01-10T11:36:12","date_gmt":"2026-01-10T11:36:12","guid":{"rendered":"https:\/\/kamucalisani.net\/?p=166005"},"modified":"2026-01-10T11:36:12","modified_gmt":"2026-01-10T11:36:12","slug":"bakan-tunc-mesruiyet-tartismalarinin-hicbir-gecerliligi-soz-konusu-degil","status":"publish","type":"post","link":"https:\/\/kamucalisani.net\/index.php\/2026\/01\/10\/bakan-tunc-mesruiyet-tartismalarinin-hicbir-gecerliligi-soz-konusu-degil\/","title":{"rendered":"Bakan Tun\u00e7: Me\u015fruiyet tart\u0131\u015fmalar\u0131n\u0131n hi\u00e7bir ge\u00e7erlili\u011fi s\u00f6z konusu de\u011fil"},"content":{"rendered":"<p><p>Tun\u00e7, Memur-Sen ile Ankara Y\u0131ld\u0131r\u0131m Beyaz\u0131t \u00dcniversitesi i\u015fbirli\u011finde K\u0131z\u0131lcahamam&#8217;daki otelde d\u00fczenlenen &#8220;4688 Say\u0131l\u0131 Kamu G\u00f6revlileri Sendikalar\u0131 ve Toplu S\u00f6zle\u015fme Kanunu-Yarg\u0131 Kararlar\u0131 ve Hukuki Tart\u0131\u015fmalar&#8221; Sempozyumu&#8217;nda konu\u015ftu.<\/p>\n<p>Memur-Sen&#8217;in, kamu g\u00f6revlilerinin \u00f6nemli kazan\u0131mlar elde etmesine ve emek m\u00fccadelesinin ba\u015far\u0131yla s\u00fcrd\u00fcr\u00fclmesine b\u00fcy\u00fck katk\u0131 sa\u011flad\u0131\u011f\u0131n\u0131 belirten Tun\u00e7, Konfederasyonun 1 milyonu a\u015fk\u0131n \u00fcyesiyle \u00e7al\u0131\u015fma hayat\u0131na de\u011fer katt\u0131\u011f\u0131n\u0131 s\u00f6yledi.<\/p>\n<p>Bakan Tun\u00e7, \u00fclkenin sorunlar\u0131na kafa yoran, \u00e7\u00f6z\u00fcm \u00fcreten, milletin derdiyle dertlenen en \u00f6nemli sivil toplum kurulu\u015flar\u0131n\u0131n ba\u015f\u0131nda gelen Memur-Sen&#8217;in, vesayet\u00e7i anlay\u0131\u015f\u0131n kar\u015f\u0131s\u0131nda, milli iradenin yan\u0131nda durdu\u011funu ifade etti.<\/p>\n<p>Tun\u00e7, T\u00fcrkiye&#8217;de sendikac\u0131l\u0131\u011f\u0131n ser\u00fcveninin, ayn\u0131 zamanda demokrasinin ini\u015fli \u00e7\u0131k\u0131\u015fl\u0131 yolculu\u011funun da aynas\u0131 oldu\u011funa dikkati \u00e7ekerek, darbelerle kesintiye u\u011frayan, yasaklarla daralt\u0131lan, b\u00fcrokratik vesayetle s\u0131n\u0131rland\u0131r\u0131lan sendikal hayat\u0131n, buna ra\u011fmen her d\u00f6nemde eme\u011fin iradesiyle yeniden filizlendi\u011fini dile getirdi.<\/p>\n<p><strong>&#8220;SEND\u0130KAL \u00d6RG\u00dcTLENMEY\u0130 ANAYASAL G\u00dcVENCEYE KAVU\u015eTURDUK&#8221; <\/strong><\/p>\n<p>T\u00fcrkiye&#8217;deki sendikac\u0131l\u0131\u011f\u0131n bug\u00fcn devlet ile \u00e7al\u0131\u015fan aras\u0131ndaki ili\u015fkiyi \u00e7at\u0131\u015fma zemininden \u00e7\u0131kar\u0131p sosyal diyalog eksenine ta\u015f\u0131yan temel demokratik mekanizma haline geldi\u011fini anlatan Tun\u00e7, \u015funlar\u0131 kaydetti:<\/p>\n<p>&#8220;Sendikac\u0131l\u0131k, sadece bir hak alan\u0131 de\u011fil ayn\u0131 zamanda bir demokrasi s\u0131nav\u0131d\u0131r. \u0130\u015fte bu noktada T\u00fcrkiye&#8217;nin son 23 y\u0131l\u0131, sendikal haklar\u0131n s\u00f6ylemden \u00e7\u0131k\u0131p somut kazan\u0131mlara d\u00f6n\u00fc\u015ft\u00fcr\u00fcld\u00fc\u011f\u00fc bir reform d\u00f6nemi olmu\u015ftur. 2002 y\u0131l\u0131 sonras\u0131nda hayata ge\u00e7irilen d\u00fczenlemeler, sendikac\u0131l\u0131\u011f\u0131n tarihsel m\u00fccadelesini modern hukuk devleti zemininde yeniden tahkim eden bir k\u0131r\u0131lma noktas\u0131 olmu\u015ftur. Kamu y\u00f6netiminde kat\u0131l\u0131mc\u0131l\u0131\u011f\u0131, \u015feffafl\u0131\u011f\u0131 ve sosyal diyalo\u011fu merkeze alan bu anlay\u0131\u015f, kamu g\u00f6revlilerinin sendikal haklar\u0131 konusunda da kendini g\u00fc\u00e7l\u00fc bi\u00e7imde hissettirmi\u015ftir. \u0130\u015fte bu anlay\u0131\u015fla anayasal, yasal ve idari uygulamaya y\u00f6nelik bir\u00e7ok d\u00fczenlemeyi hayata ge\u00e7irdik.&#8221;<\/p>\n<p>Son 23 y\u0131lda ger\u00e7ekle\u015ftirdikleri reformlarla toplu s\u00f6zle\u015fme hakk\u0131n\u0131 anayasal g\u00fcvenceye kavu\u015fturduklar\u0131n\u0131, sendikal \u00f6rg\u00fctlenmenin \u00f6n\u00fcndeki idari ve fiili engelleri \u00f6nemli \u00f6l\u00e7\u00fcde giderdiklerini ve sendikaya kat\u0131l\u0131m\u0131 kolayla\u015ft\u0131rd\u0131klar\u0131n\u0131 vurgulayan Tun\u00e7, &#8220;Cumhurba\u015fkan\u0131&#8217;m\u0131z Say\u0131n Recep Tayyip Erdo\u011fan&#8217;\u0131n liderli\u011finde, sendikal \u00f6rg\u00fctlenmeyi idarenin takdirine ba\u011fl\u0131 bir alan olmaktan \u00e7\u0131kararak anayasal g\u00fcvenceye kavu\u015fturduk, yarg\u0131sal korumaya ald\u0131k ve idari kolayl\u0131klarla desteklenen etkin bir hak kullan\u0131m\u0131 haline getirdik.&#8221; ifadesini kulland\u0131.<\/p>\n<div>\n<div><img decoding=\"async\" src=\"https:\/\/kamucalisani.net\/wp-content\/uploads\/2026\/01\/bakan-tunc-mesruiyet-tartismalarinin-hicbir-gecerliligi-soz-konusu-degil-0-57KG1pbs.jpg\"\/><\/img><\/div>\n<\/div>\n<p>Bakan Tun\u00e7, \u015fu de\u011ferlendirmelerde bulundu:<\/p>\n<p>&#8220;4688 say\u0131l\u0131 Kanun&#8217;un kabul\u00fcnden sonra 2002 y\u0131l\u0131ndan itibaren yapt\u0131\u011f\u0131m\u0131z de\u011fi\u015fikliklerle, sendikal haklar\u0131 dar bir \u00e7er\u00e7evede tan\u0131mlayan anlay\u0131\u015f\u0131 terk ederek Kanun&#8217;u de\u011fi\u015fen ihtiya\u00e7lara ve demokratik standartlara uyum sa\u011flayacak \u015fekilde s\u00fcrekli geli\u015ftirdik. Yapt\u0131\u011f\u0131m\u0131z d\u00fczenlemelerle sendikal haklar\u0131n kullan\u0131m alan\u0131n\u0131 geni\u015flettik, toplu s\u00f6zle\u015fme mekanizmas\u0131n\u0131 g\u00fc\u00e7lendirdik. Y\u0131llar i\u00e7erisinde yapt\u0131\u011f\u0131m\u0131z bu de\u011fi\u015fiklikler, devletin, kamu g\u00f6revlisini edilgen bir idari unsur olarak de\u011fil y\u00f6netime kat\u0131l\u0131m\u0131n asli payda\u015f\u0131 olarak g\u00f6rmeye ba\u015flad\u0131\u011f\u0131n\u0131n a\u00e7\u0131k g\u00f6stergesidir. Bu \u00e7er\u00e7evede 4688 say\u0131l\u0131 Kanun, kamu g\u00f6revlilerinin sendikal haklar\u0131n\u0131 idarenin l\u00fctfu olarak de\u011fil insan onuruna dayal\u0131, vazge\u00e7ilmez ve devredilemez temel haklar olarak kabul etmektedir.&#8221;<\/p>\n<p><strong>YARGI KARARLARI <\/strong><\/p>\n<p>Hukukun, kanun koyucunun iradesini esas alan, yarg\u0131n\u0131n yorumu ve vicdan\u0131yla tamamlanan b\u00fct\u00fcnc\u00fcl bir yap\u0131 oldu\u011funu anlatan Tun\u00e7, bu noktada yarg\u0131 kararlar\u0131n\u0131n, 4688 Say\u0131l\u0131 Kanun&#8217;un uygulanmas\u0131nda yol g\u00f6sterici pusula i\u015flevi g\u00f6rd\u00fc\u011f\u00fcn\u00fc s\u00f6yledi.<\/p>\n<p>Yarg\u0131n\u0131n, bir yandan sendikal \u00f6zg\u00fcrl\u00fckleri geni\u015f yorumlama iradesi ortaya koyarken di\u011fer yandan kamu hizmetinin s\u00fcreklili\u011fi, tarafs\u0131zl\u0131\u011f\u0131 ve etkinli\u011fi ilkeleriyle hassas bir denge kurma sorumlulu\u011funu \u00fcstlendi\u011fini kaydeden Tun\u00e7, &#8220;Sendika \u00fcyeli\u011fi ve sendikal faaliyet, disiplin hukuku bak\u0131m\u0131ndan olumsuz bir de\u011ferlendirme \u00f6l\u00e7\u00fct\u00fc olamaz. Sendikal faaliyete dayal\u0131 olarak yap\u0131lan g\u00f6rev yeri de\u011fi\u015fiklikleri, soru\u015fturmalar ve idari tasarruflar hukuka ayk\u0131r\u0131d\u0131r. Bunlar, yarg\u0131 kararlar\u0131 \u0131\u015f\u0131\u011f\u0131nda belirlenen \u00e7ok \u00f6nemli ilkeler. Sendikal haklar, \u00f6l\u00e7\u00fcl\u00fcl\u00fck ilkesine ayk\u0131r\u0131 \u015fekilde s\u0131n\u0131rland\u0131r\u0131lamaz ve idarenin takdir yetkisi, sendikal \u00f6zg\u00fcrl\u00fckleri zay\u0131flatacak \u015fekilde kullan\u0131lamaz. \u0130\u015fte bu ve buna benzer bir\u00e7ok i\u00e7tihat var. Bu i\u00e7tihatlar, hukukun yaln\u0131zca normatif de\u011fil koruyucu ve \u00f6zg\u00fcrle\u015ftirici bir i\u015flev \u00fcstlenmesi gerekti\u011fini bizlere hat\u0131rlatmaktad\u0131r.&#8221; \u015feklinde konu\u015ftu.<\/p>\n<p><strong>&#8220;ME\u015eRU\u0130YET TARTI\u015eMALARININ H\u0130\u00c7B\u0130R GE\u00c7ERL\u0130L\u0130\u011e\u0130 S\u00d6Z KONUSU DE\u011e\u0130L&#8221; <\/strong><\/p>\n<p>Tun\u00e7, sorunlar\u0131 konu\u015farak \u00e7\u00f6zmeyi y\u00f6netim anlay\u0131\u015flar\u0131n\u0131n esas\u0131 kabul ettiklerini belirterek, son 23 y\u0131lda sadece \u00e7al\u0131\u015fma hayat\u0131nda de\u011fil bir\u00e7ok alanda kronikle\u015fmi\u015f meseleleri \u00e7\u00f6z\u00fcme kavu\u015fturduklar\u0131n\u0131 dile getirdi.<\/p>\n<p>Her t\u00fcrl\u00fc ele\u015ftiriye a\u00e7\u0131k olduklar\u0131n\u0131 ancak bunlar\u0131n sadece engelleme, kar\u015f\u0131 \u00e7\u0131kma, karalama ve hakaretten ibaret olmas\u0131n\u0131n \u00fclkeye fayda sa\u011flamayaca\u011f\u0131n\u0131 vurgulayan Tun\u00e7, s\u00f6zlerini \u015f\u00f6yle tamamlad\u0131:<\/p>\n<p>&#8220;\u0130ftiralar\u0131n, mesnetsiz ithamlar\u0131n, \u00e7irkin yak\u0131\u015ft\u0131rmalar\u0131n, \u00f6zellikle Say\u0131n Cumhurba\u015fkan\u0131&#8217;m\u0131za y\u00f6nelik me\u015fruiyet tart\u0131\u015fmalar\u0131n\u0131n hi\u00e7bir ge\u00e7erlili\u011fi s\u00f6z konusu de\u011fil. Say\u0131n Cumhurba\u015fkan\u0131&#8217;m\u0131z, Cumhur \u0130ttifak\u0131 ve AK Parti, me\u015fruiyetini milletten al\u0131r. Me\u015fruiyetini alarak millete hizmet etti\u011fi i\u00e7in \u00e7eyrek as\u0131rd\u0131r da millet vazge\u00e7memi\u015ftir ve bundan sonra da vazge\u00e7meyecektir. Biz, me\u015fruiyeti yabanc\u0131larda, d\u0131\u015f \u00fclkelerde \u00fclkemizi \u015fikayet ederek aramay\u0131z. Maalesef \u00fclkemiz muhalefetinin de b\u00f6yle bir \u015fanss\u0131zl\u0131\u011f\u0131 var. Ke\u015fke daha yap\u0131c\u0131, daha d\u00fczeyli ve s\u00fcrekli proje \u00fcreten, \u00f6n alan, \u00f6n a\u00e7an bir muhalefet anlay\u0131\u015f\u0131 olsa.&#8221;<\/p>\n<p>Bakan Tun\u00e7, yarg\u0131 mensuplar\u0131n\u0131n, devam eden baz\u0131 soru\u015fturma ve kovu\u015fturmalar \u00fczerinden hedef al\u0131nmas\u0131na da tepki g\u00f6sterdi.<\/p>\n\n<p><\/p>\n<p>Kaynak :\u00a0<span style=\"background-color: rgb(255, 249, 236); color: rgb(55, 58, 60); font-size: 14px;\">http:\/\/www.milliyet.com.tr\/gundem\/bakan-tunc-mesruiyet-tartismalarinin-hicbir-gecerliligi-soz-konusu-degil-7518638<\/span><\/p>\n","protected":false},"excerpt":{"rendered":"<p>Adalet Bakan\u0131 Y\u0131lmaz Tun\u00e7, &#8220;Yapt\u0131\u011f\u0131m\u0131z d\u00fczenlemelerle sendikal haklar\u0131n kullan\u0131m alan\u0131n\u0131 geni\u015flettik, toplu s\u00f6zle\u015fme mekanizmas\u0131n\u0131 g\u00fc\u00e7lendirdik.&#8221; dedi.<\/p>\n","protected":false},"author":1,"featured_media":166006,"comment_status":"open","ping_status":"open","sticky":false,"template":"","format":"standard","meta":{"footnotes":""},"categories":[3],"tags":[170,266,10931,4559,865],"class_list":["post-166005","post","type-post","status-publish","format-standard","has-post-thumbnail","hentry","category-guncel","tag-alan","tag-kamu","tag-sendikal","tag-tunc","tag-yargi"],"_links":{"self":[{"href":"https:\/\/kamucalisani.net\/index.php\/wp-json\/wp\/v2\/posts\/166005","targetHints":{"allow":["GET"]}}],"collection":[{"href":"https:\/\/kamucalisani.net\/index.php\/wp-json\/wp\/v2\/posts"}],"about":[{"href":"https:\/\/kamucalisani.net\/index.php\/wp-json\/wp\/v2\/types\/post"}],"author":[{"embeddable":true,"href":"https:\/\/kamucalisani.net\/index.php\/wp-json\/wp\/v2\/users\/1"}],"replies":[{"embeddable":true,"href":"https:\/\/kamucalisani.net\/index.php\/wp-json\/wp\/v2\/comments?post=166005"}],"version-history":[{"count":1,"href":"https:\/\/kamucalisani.net\/index.php\/wp-json\/wp\/v2\/posts\/166005\/revisions"}],"predecessor-version":[{"id":166008,"href":"https:\/\/kamucalisani.net\/index.php\/wp-json\/wp\/v2\/posts\/166005\/revisions\/166008"}],"wp:featuredmedia":[{"embeddable":true,"href":"https:\/\/kamucalisani.net\/index.php\/wp-json\/wp\/v2\/media\/166006"}],"wp:attachment":[{"href":"https:\/\/kamucalisani.net\/index.php\/wp-json\/wp\/v2\/media?parent=166005"}],"wp:term":[{"taxonomy":"category","embeddable":true,"href":"https:\/\/kamucalisani.net\/index.php\/wp-json\/wp\/v2\/categories?post=166005"},{"taxonomy":"post_tag","embeddable":true,"href":"https:\/\/kamucalisani.net\/index.php\/wp-json\/wp\/v2\/tags?post=166005"}],"curies":[{"name":"wp","href":"https:\/\/api.w.org\/{rel}","templated":true}]}}