{"id":166122,"date":"2026-01-10T18:48:10","date_gmt":"2026-01-10T18:48:10","guid":{"rendered":"https:\/\/kamucalisani.net\/?p=166122"},"modified":"2026-01-10T18:48:10","modified_gmt":"2026-01-10T18:48:10","slug":"canli-super-kupa-fenerbahcenin-oldu-sari-lacivertliler-galatasarayi-2-golle-gecti","status":"publish","type":"post","link":"https:\/\/kamucalisani.net\/index.php\/2026\/01\/10\/canli-super-kupa-fenerbahcenin-oldu-sari-lacivertliler-galatasarayi-2-golle-gecti\/","title":{"rendered":"CANLI | S\u00fcper Kupa, Fenerbah\u00e7e&#8217;nin oldu! Sar\u0131-lacivertliler Galatasaray&#8217;\u0131 2 golle ge\u00e7ti"},"content":{"rendered":"<p><p>S\u00fcper Kupa final ma\u00e7\u0131nda \u0130stanbul&#8217;da Galatasaray ile Fenerbah\u00e7e kar\u015f\u0131la\u015ft\u0131. Sar\u0131-lacivertli ekip ma\u00e7tan 2-0 galip ayr\u0131ld\u0131 ve S\u00fcper Kupa&#8217;n\u0131n sahibi oldu. Fenerbah\u00e7e&#8217;nin gollerini 28. dakikada Guendouzi ve 48. dakikada Oosterwolde kaydetti.<\/p>\n<section>\n<div>\n<div><span>90.Dakika<\/span><\/p>\n<div>SON D\u00dcD\u00dcK GELD\u0130!<\/div>\n<div>\n<p>S\u00fcper Kupa&#8217;da Fenerbah\u00e7e, Galatasaray&#8217;\u0131 2-0 ma\u011flup etti.<\/p>\n<\/div>\n<\/div>\n<div><span>75.Dakika<\/span><\/p>\n<div>FENERBAH\u00c7E&#8217;DEN \u00dcST \u00dcSTE POZ\u0130SYONLAR<\/div>\n<div>\n<p>Fenerbah\u00e7e \u00e7ok tehlikeli pozisyonlar buldu. \u00d6nce Talisca kaleciyle ba\u015f ba\u015fa kald\u0131. G\u00fcnay gole izin vermedi. Seken topta \u0130smail kaleci G\u00fcnay&#8217;\u0131 ge\u00e7emedi. Son olarak Asensio&#8217;nun orta \u015fut kar\u0131\u015f\u0131m\u0131 topunu G\u00fcnay kornere \u00e7eldi.<\/p>\n<\/div>\n<\/div>\n<div><span>72.Dakika<\/span><\/p>\n<div>GALATASARAY&#8217;DA \u0130LKAY OYUNDA<\/div>\n<div>\n<p>\u0130lkay G\u00fcndo\u011fan, 72. dakikada Torreira&#8217;n\u0131n yerine oyuna dahil oldu.<\/p>\n<\/div>\n<\/div>\n<div><span>68.Dakika<\/span><\/p>\n<div>FENERBAH\u00c7E&#8217;DE 2 DE\u011e\u0130\u015e\u0130KL\u0130K<\/div>\n<div>\n<p>Talisca ve Nene, 68. dakikada Musaba ile Duran&#8217;\u0131n yerine oyuna dahil oldu<\/p>\n<\/div>\n<\/div>\n<div><span>58.Dakika<\/span><\/p>\n<div>TORRE\u0130RA KALEY\u0130 YOKLADI<\/div>\n<div>\n<p>Lucas Torreira ceza sahas\u0131 d\u0131\u015f\u0131ndan g\u00f6nderdi\u011fi \u015fut auta gitti.<\/p>\n<\/div>\n<\/div>\n<div><span>48.Dakika<\/span><\/p>\n<div>FENERBAH\u00c7E FARKI 2&#8217;YE \u00c7IKARDI<\/div>\n<div>\n<p>Marco Asensio&#8217;nun kulland\u0131\u011f\u0131 k\u00f6\u015fe vuru\u015funda Jayden Oosterwolde yar\u0131m vole vuru\u015fu ile topu a\u011flara g\u00f6ndermeyi ba\u015fard\u0131. Fenerbah\u00e7e 2-0 \u00f6ne ge\u00e7ti.<\/p>\n<\/div>\n<\/div>\n<div><span>46.Dakika<\/span><\/p>\n<div>GALATASARAY&#8217;DA DE\u011e\u0130\u015e\u0130KL\u0130K<\/div>\n<div>\n<p>Galatasaray&#8217;da\u00a0Sara, ikinci yar\u0131n\u0131n ba\u015f\u0131nda Davinson&#8217;un yerine oyuna dahil oldu.<\/p>\n<\/div>\n<\/div>\n<div><span>46.Dakika<\/span><\/p>\n<div>\u0130K\u0130NC\u0130 YARI BA\u015eLADI<\/div>\n<div>\n<p>Galatasaray-Fenerbah\u00e7e ma\u00e7\u0131n\u0131n ikinci yar\u0131s\u0131 ba\u015flad\u0131.<\/p>\n<\/div>\n<\/div>\n<div><span>45.Dakika<\/span><\/p>\n<div>\u0130LK YARI SONA ERD\u0130<\/div>\n<div>\n<p>S\u00fcper Kupa&#8217;da Fenerbah\u00e7e, Galatasaray kar\u015f\u0131s\u0131nda ilk yar\u0131y\u0131 1-0 \u00f6nde kapatt\u0131.<\/p>\n<\/div>\n<\/div>\n<div><span>41.Dakika<\/span><\/p>\n<div>SANE SARI KART G\u00d6RD\u00dc<\/div>\n<div>\n<p>Havalanan topa Guendouzi kafas\u0131yla hareketlenirken Leroy Sane aya\u011f\u0131n\u0131 sokarak kontrol etmek istedi. Hakem Halil Umut Meler bu pozisyonu tehlikeli hareket olarak sayd\u0131 ve faul karar\u0131 vererek Sane&#8217;ye sar\u0131 kart g\u00f6sterdi.<\/p>\n<\/div>\n<\/div>\n<div><span>37.Dakika<\/span><\/p>\n<div>GALATASARAY&#8217;IN GOL\u00dc GE\u00c7ERS\u0130Z SAYILDI<\/div>\n<div>\n<p>Guendouzi&#8217;nin k\u0131sa d\u00fc\u015fen pas\u0131nda Ederson topu uzakla\u015ft\u0131rmak isterken top Yunus&#8217;un \u00f6n\u00fcnde kald\u0131. Milli futbolcu gol\u00fc att\u0131 ancak hakem Halil Umut Meler pozisyonda elle oynama oldu\u011funu i\u015faret etti.\u00a0<\/p>\n<\/div>\n<\/div>\n<div><span>28.Dakika<\/span><\/p>\n<div>FENERBAH\u00c7E GOL\u00dc BULDU<\/div>\n<div>\n<p>Yeni transfer Matteo Guendouzi ceza sahas\u0131 d\u0131\u015f\u0131ndan \u00e7ekti\u011fi \u015futta topu filelere g\u00f6nderdi. Fenerbah\u00e7e S\u00fcper Kupa final ma\u00e7\u0131nda Galatasaray kar\u015f\u0131s\u0131nda 1-0 \u00f6ne ge\u00e7ti.<\/p>\n<\/div>\n<\/div>\n<div><span>24.Dakika<\/span><\/p>\n<div>DAV\u0130NSON NET POZ\u0130SYONU KA\u00c7IRDI<\/div>\n<div>\n<p>Sane&#8217;nin kulland\u0131\u011f\u0131 serbest vuru\u015fta Icardi kafay\u0131 vurdu Ederson&#8217;dan d\u00f6nen topu m\u00fcsait poziyonda Davinson d\u0131\u015far\u0131 att\u0131.<\/p>\n<\/div>\n<\/div>\n<div><span>23.Dakika<\/span><\/p>\n<div>B\u0130R SARI KART DAHA<\/div>\n<div>\n<p>Fenerbah\u00e7e&#8217;de\u00a0Mert M\u00fcld\u00fcr, Bar\u0131\u015f Alper&#8217;e yapt\u0131\u011f\u0131 faul sonras\u0131 sar\u0131 kart g\u00f6rd\u00fc<\/p>\n<\/div>\n<\/div>\n<div><span>18.Dakika<\/span><\/p>\n<div>MA\u00c7IN \u0130LK SARI KARTI DAV\u0130NSON&#8217;A<\/div>\n<div>\n<p>Kerem Akt\u00fcrko\u011flu&#8217;nu faul ile durduran Davinson Sanchez itirazlar\u0131ndan sonra sar\u0131 kart g\u00f6rd\u00fc.<\/p>\n<\/div>\n<\/div>\n<div><span>10.Dakika<\/span><\/p>\n<div>FENERBAH\u00c7E ETK\u0130L\u0130 GELD\u0130<\/div>\n<div>\n<p>Levent Mercan topu sol kanata uzun g\u00f6nderdi. Topla bulu\u015fan Anthony Musaba topu s\u00fcrerek ceza sahas\u0131 i\u00e7erisine girdi. \u00c7aprazdan \u00e7ekti\u011fi \u015fut auta gitti.<\/p>\n<\/div>\n<\/div>\n<div><span>6.Dakika<\/span><\/p>\n<div>GALATASARAY&#8217;DAN \u0130LK POZ\u0130SYON<\/div>\n<div>\n<p>Galatasaray, 6. dakikada Bar\u0131\u015f Alper Y\u0131lmaz ile h\u0131zl\u0131 \u00e7\u0131kt\u0131. Bar\u0131\u015f&#8217;\u0131n \u00e7ekti\u011fi \u015futta top Ederson&#8217;da kald\u0131.<\/p>\n<\/div>\n<\/div>\n<div><span>4.Dakika<\/span><\/p>\n<div>FENERBAH\u00c7E GOLE YAKLA\u015eTI<\/div>\n<div>\n<p>Duran&#8217;\u0131n \u015futunda G\u00fcnay topu kornere \u00e7eldi. Pozisyon \u00f6ncesinde\u00a0Fenerbah\u00e7e penalt\u0131 bekledi, Halil Umut Meler oyunun devam etmesini istedi.<\/p>\n<\/div>\n<\/div>\n<div><span>1.Dakika<\/span><\/p>\n<div>\u0130LK D\u00dcD\u00dcK GELD\u0130!<\/div>\n<div>\n<p>S\u00fcper Kupa Finali&#8217;nde Galatasaray-Fenerbah\u00e7e derbisi ba\u015flad\u0131<\/p>\n<\/div>\n<\/div>\n<div><span>18:12<\/span><span>10 Ocak 2026<\/span><\/p>\n<div>OKAN BURUK&#8217;TAN G\u00dcNAY A\u00c7IKLAMASI<\/div>\n<div>\n<p>Galatasaray\u00a0Teknik Direkt\u00f6r\u00fc Okan Buruk, S\u00fcper Kupa finalindeki Fenerbah\u00e7e derbisinden \u00f6nce a\u00e7\u0131klamalarda bulundu.<\/p>\n<p>52 ya\u015f\u0131ndaki teknik adam, &#8220;Yolda trafik de vard\u0131, bu havada, bu \u015fartlarda iki tak\u0131m\u0131n taraftarlar\u0131n\u0131n bu stada ko\u015farak gelmesi \u00e7ok de\u011ferli. Taraftarlar\u0131m\u0131za te\u015fekk\u00fcr ederiz, biz de gerekeni sahada yapaca\u011f\u0131z. Bu ma\u00e7lar\u0131n heyecan\u0131 her zaman ba\u015fkad\u0131r. Sahada kalmak gerekiyor. Sonra planlar\u0131m\u0131z\u0131 uygulamak istiyoruz. Rakibimizin de yeni transferleri sahada olacak. Bizim de al\u0131\u015f\u0131k olmu\u015f kadromuz var.&#8221; dedi.<\/p>\n<p>\u00a0Okan Buruk, kadro tercihi i\u00e7in, &#8220;Kadroda orta sahay\u0131 de\u011fi\u015ftirdik. Kalede de G\u00fcnay&#8217;\u0131 tercih ettik. Ge\u00e7en sene kupada G\u00fcnay vard\u0131, onu se\u00e7tik. U\u011furcan da Trabzonspor&#8217;a kar\u015f\u0131 iyi oynad\u0131. Herkes \u00e7ok oynamak istiyor.&#8221; diye konu\u015ftu.<\/p>\n<p>\u00a0<\/p>\n<p>\u00a0<\/p>\n<\/div>\n<\/div>\n<div><span>18:05<\/span><span>10 Ocak 2026<\/span><\/p>\n<div>&#8221;TAKIM \u00c7OK ATE\u015eL\u0130&#8221;<\/div>\n<div>\n<p>Turkcell S\u00fcper Kupa finalinde Fenerbah\u00e7e ve Galatasaray, kozlar\u0131n\u0131 payla\u015facak.<\/p>\n<p>\u00a0Dev derbi \u00f6ncesi Fenerbah\u00e7e&#8217;nin teknik direkt\u00f6r\u00fc Domenico Tedesco a\u00e7\u0131klamalarda bulundu.<\/p>\n<p>\u00a0Derbi \u00f6ncesi tak\u0131m\u0131n \u00e7ok ate\u015fli oldu\u011funu dile getiren Tedesc\u0131, &#8220;Ma\u00e7 \u00f6ncesi konu\u015fmam \u00e7ok y\u00fcksek sesli ve motive ediciydi. Tak\u0131m\u0131n buna ihtiyac\u0131 yoktu ama yine de bunu yapt\u0131m. Tak\u0131m \u00e7ok ate\u015fli ve oynamaya haz\u0131r. \u0130yi durumday\u0131z.&#8221; dedi.<\/p>\n<p>A\u00e7\u0131klamalar\u0131na devam eden deneyimli hoca, &#8220;Birliktelik ve aile kelimelerini vurguluyoruz. Bir kelime kullan\u0131yorsan\u0131z, bunu hissetmeniz de laz\u0131m. Sabah i\u015fe gitti\u011finiz yer \u00e7ok g\u00fczel olmal\u0131, Samand\u0131ra da b\u00f6yle bir yer. Oraya gitmekten, oradan olmaktan mutluluk duyuyoruz.&#8221; ifadelerini kulland\u0131.<\/p>\n<\/div>\n<\/div>\n<div><span>18:02<\/span><span>10 Ocak 2026<\/span><\/p>\n<div>\u00c7A\u011eLAR S\u00d6Y\u00dcNC\u00dc&#8217;DEN MA\u00c7 \u00d6N\u00dc A\u00c7IKLAMASI<\/div>\n<div>\n<p>Turkcell S\u00fcper Kupa finalinde Fenerbah\u00e7e ve Galatasaray, kozlar\u0131n\u0131 payla\u015facak.<\/p>\n<p>Dev derbi \u00f6ncesi Fenerbah\u00e7e&#8217;nin milli stoperi \u00c7a\u011flar S\u00f6y\u00fcnc\u00fc a\u00e7\u0131klamalarda bulundu.<\/p>\n<p>Kupay\u0131 almak istediklerini s\u00f6yleyen S\u00f6y\u00fcnc\u00fc, &#8220;B\u00f6yle b\u00fcy\u00fck finaller her futbolcuya nasip olmuyor. Bunun bilincindeyiz. Fenerbah\u00e7e taraftar\u0131na g\u00fczel bir hediye vermek istiyoruz. G\u00f6rd\u00fc\u011f\u00fcn\u00fcz gibi Samand\u0131ra&#8217;da g\u00fczel bir ortam var, her \u015fey m\u00fckemmel. G\u00fczel bir oyunla kupay\u0131 almak istiyoruz.&#8221; dedi.<\/p>\n<\/div>\n<\/div>\n<div><span>17:47<\/span><span>10 Ocak 2026<\/span><\/p>\n<div>GALATASARAY&#8217;IN 11&#8217;\u0130 BELL\u0130 OLDU<\/div>\n<div>\n<p>G\u00fcnay, Sallai, Sanchez, Abd\u00fclkerim, Eren, Torreira, Lemina, Yunus, Sane, Bar\u0131\u015f, Icardi.<\/p>\n<\/div>\n<\/div>\n<div><span>17:40<\/span><span>10 Ocak 2026<\/span><\/p>\n<div>FENERBAH\u00c7E&#8217;N\u0130N 11&#8217;\u0130 BELL\u0130 OLDU<\/div>\n<div>\n<p>Ederson, Mert, Skriniar, Oosterwolde, Levent, \u0130smail, Guendouzi, Musaba, Asensio, Kerem, Duran.<\/p>\n<\/div>\n<\/div>\n<div><span>17:22<\/span><span>10 Ocak 2026<\/span><\/p>\n<div>FENERBAH\u00c7E KAF\u0130LES\u0130 STADYUMA GELD\u0130<\/div>\n<div>\n<p>Fenerbah\u00e7e kafilesi, Galatasaray ile oynanacak Turkcell S\u00fcper Kupa finali i\u00e7in Atat\u00fcrk Olimpiyat Stadyumu\u2019na ula\u015ft\u0131.<\/p>\n<p>Fenerbah\u00e7e, Turkcell S\u00fcper Kupa finalinde Galatasaray ile kar\u015f\u0131 kar\u015f\u0131 gelecek. Atat\u00fcrk Olimpiyat Stadyumu\u2019nda saat 18.45\u2019te ba\u015flayacak m\u00fccadelede hakem Halil Umut Meler d\u00fcd\u00fck \u00e7alacak. Halil Umut Meler\u2019in yard\u0131mc\u0131l\u0131klar\u0131n\u0131 \u00c7a\u011flar Uyarcan ve Abdullah Bora \u00d6zkara \u00fcstlenecek.<\/p>\n<p>Bu ma\u00e7 \u00f6ncesi saat 15.45\u2019te tesislerden ayr\u0131lan Fenerbah\u00e7e kafilesi, 17.00\u2019de Atat\u00fcrk Olimpiyat Stadyumu\u2019na ula\u015ft\u0131. Stadyuma gelen sar\u0131-lacivertliler ma\u00e7 saatini beklemeye ba\u015flad\u0131.<\/p>\n<\/div>\n<\/div>\n<div><span>16:57<\/span><span>10 Ocak 2026<\/span><\/p>\n<div>DERB\u0130 \u00d6NCES\u0130 ORTALIK KARI\u015eTI<\/div>\n<div>\n<p>Turkcell S\u00fcper Kupa Final ma\u00e7\u0131 \u00f6ncesinde Galatasaray ile Fenerbah\u00e7eli taraftarlar aras\u0131nda kavga \u00e7\u0131kt\u0131.<\/p>\n<p>Atat\u00fcrk Olimpiyat Stadyumu etraf\u0131nda iki tak\u0131m taraftarlar\u0131 kar\u015f\u0131 kar\u015f\u0131ya gelince s\u00f6zl\u00fc at\u0131\u015fmalar kavgaya d\u00f6n\u00fc\u015ft\u00fc.<\/p>\n<p>Bu esnada ta\u015flar ve me\u015faleler at\u0131ld\u0131. Olaylar stadyumun farkl\u0131 yerlerinde meydana geldi ve derbi \u00f6ncesi gerilim tavan yapt\u0131.<\/p>\n<p><img decoding=\"async\" src=\"https:\/\/kamucalisani.net\/wp-content\/uploads\/2026\/01\/canli-super-kupa-fenerbahcenin-oldu-sari-lacivertliler-galatasarayi-2-golle-gecti-0-e6MKRik4.jpg\"\/><\/img><\/p>\n<\/div>\n<\/div>\n<div><span>16:22<\/span><span>10 Ocak 2026<\/span><\/p>\n<div>TARAFTARLAR STADA G\u0130RMEYE BA\u015eLADI<\/div>\n<div>\n<p>Dev ma\u00e7 \u00f6ncesi sar\u0131-lacivertli ve sar\u0131-k\u0131rm\u0131z\u0131l\u0131 taraftarlar stat \u00e7evresinde toplanmaya ve trib\u00fcnlerdeki yerlerini almaya ba\u015flad\u0131.<\/p>\n<p>Stat etraf\u0131nda iki tak\u0131m\u0131n taraftarlar\u0131n\u0131n kar\u015f\u0131 kar\u015f\u0131ya gelmemesi ad\u0131na yo\u011fun \u00f6nlemi al\u0131nd\u0131.<\/p>\n<p><img decoding=\"async\" src=\"https:\/\/kamucalisani.net\/wp-content\/uploads\/2026\/01\/canli-super-kupa-fenerbahcenin-oldu-sari-lacivertliler-galatasarayi-2-golle-gecti-1-79cQaZx5.jpg\"\/><\/img><\/p>\n<\/div>\n<\/div>\n<div><span>15:50<\/span><span>10 Ocak 2026<\/span><\/p>\n<div>&#8216;ASIRLIK REKABET&#8217;<\/div>\n<div>\n<\/div>\n<\/div>\n<div><span>14:40<\/span><span>10 Ocak 2026<\/span><\/p>\n<div>YA\u011eMURLUK DA\u011eITILACAK<\/div>\n<div>\n<p>Atat\u00fcrk Olimpiyat Stadyumu\u2019nda, ya\u011fmur riskine kar\u015f\u0131 Fenerbah\u00e7eli taraftarlara sar\u0131, Galatasarayl\u0131 taraftarlara ise k\u0131rm\u0131z\u0131 ya\u011fmurluk da\u011f\u0131t\u0131lacak.<\/p>\n<\/div>\n<\/div>\n<div><span>14:37<\/span><span>10 Ocak 2026<\/span><\/p>\n<div>FENERBAH\u00c7E DERB\u0130YE \u00c7UBUKLU FORMAYLA \u00c7IKACAK<\/div>\n<div>\n<p>Fenerbah\u00e7e \u00e7ubuklu formayla derbiye \u00e7\u0131kacak.<\/p>\n<\/div>\n<\/div>\n<div><span>14:36<\/span><span>10 Ocak 2026<\/span><\/p>\n<div>GALATASARAY PAR\u00c7ALI FORMA \u0130LE SAHADA<\/div>\n<div>\n<p>Galatasaray, sahada par\u00e7al\u0131 forma ile yer alacak.<\/p>\n<\/div>\n<\/div>\n<div><span>12:52<\/span><span>10 Ocak 2026<\/span><\/p>\n<div>SADETT\u0130N SARAN&#8217;DAN NENE \u0130\u00c7\u0130N JET HAMLES\u0130<\/div>\n<div>\n<p>Fenerbah\u00e7e Ba\u015fkan\u0131 Sadettin Saran, Mali&#8217;nin elenmesinin ard\u0131ndan Dorgeles Nene i\u00e7in jet g\u00f6nderterek gen\u00e7 oyuncuyu \u0130stanbul&#8217;a getirtme karar\u0131 ald\u0131.<\/p>\n<p>Ma\u00e7 saatine kadar kadroya dahil edilmesi planlanan Nene, s\u00fcre almasa dahi kadroda bulunarak ihtiya\u00e7 olmas\u0131 durumunda s\u00fcre bulabilecek durumda olacak.<\/p>\n<p><img decoding=\"async\" src=\"https:\/\/kamucalisani.net\/wp-content\/uploads\/2026\/01\/canli-super-kupa-fenerbahcenin-oldu-sari-lacivertliler-galatasarayi-2-golle-gecti-2-lGK2e8GA.jpg\"\/><\/img><\/p>\n<\/div>\n<\/div>\n<div><span>12:00<\/span><span>10 Ocak 2026<\/span><\/p>\n<div>VAR HAKEM\u0130 \u00d6MER FARUK TURTAY<\/div>\n<div>\n<p>S\u00fcper Kupa finalinde Galatasaray ile Fenerbah\u00e7e aras\u0131nda oynanacak derbinin VAR\u2019\u0131 \u00d6mer Faruk Turtay oldu.<\/p>\n<p>Derbiyi hakem Halil Umut Meler y\u00f6netecek. Meler\u2019in yard\u0131mc\u0131l\u0131klar\u0131n\u0131 \u0130brahim \u00c7a\u011flar Uyarcan ve Abdullah Bora \u00d6zkara yapacak. M\u00fcsabakan\u0131n d\u00f6rd\u00fcnc\u00fc hakemi ise Ozan Erg\u00fcn olacak.<\/p>\n<p>Turtay\u2019a AVAR\u2019da An\u0131l Usta ve Ali \u015eansalan e\u015flik edecek.<\/p>\n<p><img decoding=\"async\" src=\"https:\/\/kamucalisani.net\/wp-content\/uploads\/2026\/01\/canli-super-kupa-fenerbahcenin-oldu-sari-lacivertliler-galatasarayi-2-golle-gecti-3-kQcA1UC1.jpg\"\/><\/img><\/p>\n<\/div>\n<\/div>\n<div><span>11:56<\/span><span>10 Ocak 2026<\/span><\/p>\n<div>FENERBAH\u00c7E&#8217;YE SAKATLARDAN K\u00d6T\u00dc HABER<\/div>\n<div>\n<p>\u00d6te yandan sakatl\u0131\u011f\u0131n\u0131 atlatan oyunculardan beklenen m\u00fcjdeli haber gelmedi. Fenerbah\u00e7e&#8217;de Semedo, Talisca ve Alvarez, antrenman \u00f6ncesi kontrolden ge\u00e7ti. Sa\u011fl\u0131k ekibinin tasviyesi, \u2018oynamalar\u0131 riskli olur\u2019 y\u00f6n\u00fcnde olunca, \u00fc\u00e7 futbolcu da tak\u0131mdan ayr\u0131, bireysel \u00e7al\u0131\u015fma ger\u00e7ekle\u015ftirdi.<\/p>\n<p><img decoding=\"async\" src=\"https:\/\/kamucalisani.net\/wp-content\/uploads\/2026\/01\/canli-super-kupa-fenerbahcenin-oldu-sari-lacivertliler-galatasarayi-2-golle-gecti-4-HkUs6Fzb.jpg\"\/><\/img><\/p>\n<\/div>\n<\/div>\n<div><span>11:43<\/span><span>10 Ocak 2026<\/span><\/p>\n<div>SINGO DERB\u0130DE R\u0130SKE ED\u0130LMEYECEK<\/div>\n<div>\n<p>Galatasaray&#8217;da sakatl\u0131\u011f\u0131 nedeniyle bir s\u00fcredir formas\u0131ndan uzak kalan Wilfried Singo&#8217;dan derbi \u00f6ncesi k\u00f6t\u00fc haber geldi. Trt Spor&#8217;un haberine g\u00f6re; Singo derbide riske edilmeyecek.<\/p>\n<p><img decoding=\"async\" src=\"https:\/\/kamucalisani.net\/wp-content\/uploads\/2026\/01\/canli-super-kupa-fenerbahcenin-oldu-sari-lacivertliler-galatasarayi-2-golle-gecti-5-qIMKdQvX.jpg\"\/><\/img><\/p>\n<\/div>\n<\/div>\n<div><span>08:00<\/span><span>10 Ocak 2026<\/span><\/p>\n<div>MUHTEMEL 11&#8217;LER<\/div>\n<div>\n<p><strong>Galatasaray:<\/strong> U\u011furcan, Sallai, Sanchez, Abd\u00fclkerim, Eren, Torreira, Lemina, Yunus, Sane, Bar\u0131\u015f, Icardi.<\/p>\n<p><strong>Fenerbah\u00e7e:<\/strong> Ederson, Mert, Skriniar, Oosterwolde, Levent, \u0130smail, Guendouzi, Asensio, Musaba, Kerem, Duran.<\/p>\n<p>\u00a0<\/p>\n<\/div>\n<\/div>\n<div><span>07:50<\/span><span>10 Ocak 2026<\/span><\/p>\n<div>\u0130LK YARIDAK\u0130 DERB\u0130 1-1 B\u0130TT\u0130<\/div>\n<div>\n<p>\u00a0Trendyol S\u00fcper Lig&#8217;in ilk yar\u0131s\u0131nda Kad\u0131k\u00f6y&#8217;de oynanan derbi 1-1 sona erdi.<\/p>\n<p><img decoding=\"async\" src=\"https:\/\/kamucalisani.net\/wp-content\/uploads\/2026\/01\/canli-super-kupa-fenerbahcenin-oldu-sari-lacivertliler-galatasarayi-2-golle-gecti-6-DqWVtfVx.jpg\"\/><\/img><\/p>\n<p>S\u00fcper Lig&#8217;in 14. haftas\u0131nda Chobani Stad\u0131&#8217;nda yap\u0131lan m\u00fcsabakan\u0131n 27. dakikas\u0131nda Leroy Sane&#8217;nin gol\u00fcyle 1-0 \u00f6ne ge\u00e7en Galatasaray, Jhon Duran&#8217;\u0131n 90+5. dakikadaki gol\u00fcne engel olamay\u0131nca ma\u00e7 1-1 berabere sonu\u00e7land\u0131.<\/p>\n<\/div>\n<\/div>\n<div><span>07:30<\/span><span>10 Ocak 2026<\/span><\/p>\n<div>YEN\u0130 TRANSFERLER KADRODA OLACAK<\/div>\n<div>\n<p>\u00a0Fenerbah\u00e7e&#8217;nin Samsunspor ma\u00e7\u0131nda ilk 11&#8217;de forma giyen yeni transferi Anthony Musaba&#8217;n\u0131n yan\u0131 s\u0131ra Be\u015fikta\u015f ile yollar\u0131n\u0131 ay\u0131rd\u0131ktan sonra sar\u0131-lacivertli kul\u00fcbe d\u00f6nen tecr\u00fcbeli kaleci Mert G\u00fcnok&#8217;un ma\u00e7ta kadroda yer almas\u0131 bekleniyor.<\/p>\n<p><img decoding=\"async\" src=\"https:\/\/kamucalisani.net\/wp-content\/uploads\/2026\/01\/canli-super-kupa-fenerbahcenin-oldu-sari-lacivertliler-galatasarayi-2-golle-gecti-7-yQuliMPA.jpg\"\/><\/img><\/p>\n<p>\u0130talya&#8217;n\u0131n Lazio ekibinden transfer edilen Matteo Guendouzi de ma\u00e7 kadrosunda yer alabilir. Frans\u0131z futbolcuyla ilgili karar ma\u00e7 saatinde verilecek.<\/p>\n<\/div>\n<\/div>\n<div><span>07:00<\/span><span>10 Ocak 2026<\/span><\/p>\n<div>FENERBAH\u00c7E&#8217;DE ALTI EKS\u0130K<\/div>\n<div>\n<p>Fenerbah\u00e7e, zorlu m\u00fcsabakada \u00f6nemli isimlerinden faydalanamayacak. Sar\u0131-lacivertlilerde kart cezal\u0131s\u0131 Fred Rodrigues&#8217;in yan\u0131 s\u0131ra sakatl\u0131klar\u0131 bulunan Archie Brown, Edson Alvarez ve Nelson Semedo forma giyemeyecek. Anderson Talisca&#8217;n\u0131n durumu ise belirsiz. Brezilyal\u0131 futbolcunun durumu ma\u00e7 saatinde belli olacak. Bu isimlerin yan\u0131 s\u0131ra milli tak\u0131mlar\u0131nda bulunan Dorgeles Nene ve Youssef En-Nesyri de kar\u015f\u0131la\u015fmada yer alamayacak.<\/p>\n<p>\u00a0<\/p>\n<\/div>\n<\/div>\n<div><span>06:30<\/span><span>10 Ocak 2026<\/span><\/p>\n<div>GALATASARAY&#8217;DA \u0130K\u0130 EKS\u0130K<\/div>\n<div>\n<p>Sar\u0131-k\u0131rm\u0131z\u0131l\u0131 tak\u0131mda 2 futbolcu, derbide forma giyemeyecek. Afrika Uluslar Kupas\u0131&#8217;nda Nijerya formas\u0131 giyen Victor Osimhen ile Senegal ad\u0131na m\u00fccadele eden Ismail Jakobs, derbide tak\u0131mlar\u0131n\u0131n yan\u0131nda olamayacak.<\/p>\n<\/div>\n<\/div>\n<div><span>06:00<\/span><span>10 Ocak 2026<\/span><\/p>\n<div>F.BAH\u00c7E, SAMSUNSPOR ENGEL\u0130N\u0130 A\u015eTI<\/div>\n<div>\n<p>S\u00fcper Lig&#8217;de 2024-25 sezonunu 2. s\u0131rada tamamlayarak lig 3.&#8217;s\u00fc Samsunspor ile yar\u0131 finalde kar\u015f\u0131la\u015fan sar\u0131-lacivertliler, Adana&#8217;da oynanan m\u00fcsabakada rakibini Kerem Akt\u00fcrko\u011flu ve Jhon Duran&#8217;\u0131n golleriyle 2-0 yenerek finalde Galatasaray&#8217;\u0131n rakibi olmay\u0131 ba\u015fard\u0131.<\/p>\n<p>\u00a0<\/p>\n<p>GALATASARAY&#8217;DA \u0130K\u0130 EKS\u0130K<\/p>\n<p>Sar\u0131-k\u0131rm\u0131z\u0131l\u0131 tak\u0131mda 2 futbolcu, derbide forma giyemeyecek. Afrika Uluslar Kupas\u0131&#8217;nda Nijerya formas\u0131 giyen Victor Osimhen ile Senegal ad\u0131na m\u00fccadele eden Ismail Jakobs, derbide tak\u0131mlar\u0131n\u0131n yan\u0131nda olamayacak.<\/p>\n<p>\u00a0<\/p>\n<\/div>\n<\/div>\n<div><span>06:00<\/span><span>10 Ocak 2026<\/span><\/p>\n<div>G.SARAY, TRABZONSPOR&#8217;U YENEREK GELD\u0130<\/div>\n<div>\n<p>Ge\u00e7en sezon Trendyol S\u00fcper Lig ve Ziraat T\u00fcrkiye Kupas\u0131&#8217;n\u0131 kazanarak tamamlayan sar\u0131-k\u0131rm\u0131z\u0131l\u0131 ekip, S\u00fcper Kupa&#8217;da oynama hakk\u0131 elde etti. Galatasaray, bu sezon yenilenen format\u0131yla ilk kez 4 tak\u0131m\u0131n kat\u0131l\u0131m\u0131yla d\u00fczenlenen S\u00fcper Kupa&#8217;n\u0131n yar\u0131 finalinde T\u00fcrkiye Kupas\u0131 finalisti Trabzonspor&#8217;u 4-1 yenerek finale y\u00fckseldi.<\/p>\n<\/div>\n<\/div>\n<\/div>\n<\/section>\n<p>\u00a0<\/p>\n\n<p><\/p>\n<p>Kaynak :\u00a0<span style=\"background-color: rgb(255, 249, 236); color: rgb(55, 58, 60); font-size: 14px;\">http:\/\/www.milliyet.com.tr\/skorer\/live-super-kupa-fenerbahcenin-oldu-sari-lacivertliler-galatasarayi-2-golle-gecti-7518462<\/span><\/p>\n","protected":false},"excerpt":{"rendered":"<p>S\u00fcper Kupa final ma\u00e7\u0131nda \u0130stanbul&#8217;da Galatasaray ile Fenerbah\u00e7e kar\u015f\u0131la\u015ft\u0131. Sar\u0131-lacivertli ekip ma\u00e7tan 2-0 galip ayr\u0131ld\u0131 ve S\u00fcper Kupa&#8217;n\u0131n sahibi oldu.<\/p>\n","protected":false},"author":1,"featured_media":166123,"comment_status":"open","ping_status":"open","sticky":false,"template":"","format":"standard","meta":{"footnotes":""},"categories":[7],"tags":[10935,852,184,257,288],"class_list":["post-166122","post","type-post","status-publish","format-standard","has-post-thumbnail","hentry","category-spor","tag-10-ocak","tag-bas","tag-fenerbahce","tag-galatasaray","tag-mac"],"_links":{"self":[{"href":"https:\/\/kamucalisani.net\/index.php\/wp-json\/wp\/v2\/posts\/166122","targetHints":{"allow":["GET"]}}],"collection":[{"href":"https:\/\/kamucalisani.net\/index.php\/wp-json\/wp\/v2\/posts"}],"about":[{"href":"https:\/\/kamucalisani.net\/index.php\/wp-json\/wp\/v2\/types\/post"}],"author":[{"embeddable":true,"href":"https:\/\/kamucalisani.net\/index.php\/wp-json\/wp\/v2\/users\/1"}],"replies":[{"embeddable":true,"href":"https:\/\/kamucalisani.net\/index.php\/wp-json\/wp\/v2\/comments?post=166122"}],"version-history":[{"count":1,"href":"https:\/\/kamucalisani.net\/index.php\/wp-json\/wp\/v2\/posts\/166122\/revisions"}],"predecessor-version":[{"id":166132,"href":"https:\/\/kamucalisani.net\/index.php\/wp-json\/wp\/v2\/posts\/166122\/revisions\/166132"}],"wp:featuredmedia":[{"embeddable":true,"href":"https:\/\/kamucalisani.net\/index.php\/wp-json\/wp\/v2\/media\/166123"}],"wp:attachment":[{"href":"https:\/\/kamucalisani.net\/index.php\/wp-json\/wp\/v2\/media?parent=166122"}],"wp:term":[{"taxonomy":"category","embeddable":true,"href":"https:\/\/kamucalisani.net\/index.php\/wp-json\/wp\/v2\/categories?post=166122"},{"taxonomy":"post_tag","embeddable":true,"href":"https:\/\/kamucalisani.net\/index.php\/wp-json\/wp\/v2\/tags?post=166122"}],"curies":[{"name":"wp","href":"https:\/\/api.w.org\/{rel}","templated":true}]}}