{"id":166243,"date":"2026-01-11T07:36:11","date_gmt":"2026-01-11T07:36:11","guid":{"rendered":"https:\/\/kamucalisani.net\/?p=166243"},"modified":"2026-01-11T07:36:11","modified_gmt":"2026-01-11T07:36:11","slug":"adanadan-afrikaya-bir-intihar-cok-sayida-magdur-sok-fotograf","status":"publish","type":"post","link":"https:\/\/kamucalisani.net\/index.php\/2026\/01\/11\/adanadan-afrikaya-bir-intihar-cok-sayida-magdur-sok-fotograf\/","title":{"rendered":"Adana&#8217;dan Afrika&#8217;ya: Bir intihar, \u00e7ok say\u0131da ma\u011fdur! \u015eok foto\u011fraf&#8230;"},"content":{"rendered":"<p><p>Kentte 3 \u015fubesi bulunan g\u00fczellik merkezinin sahibi S.\u00c7.&#8217;nin, piyasa de\u011ferinin alt\u0131nda hizmet vadiyle \u00e7ok say\u0131da m\u00fc\u015fterisini ve tedarik\u00e7isini doland\u0131r\u0131p, 17 Nisan 2025&#8217;te yurt d\u0131\u015f\u0131na ka\u00e7t\u0131\u011f\u0131 iddia edildi.<\/p>\n<p>S.\u00c7.\u2019nin 3 ayd\u0131r maa\u015flar\u0131n\u0131 alamayan \u00e7al\u0131\u015fanlar\u0131, \u015fubelerdeki e\u015fyalar\u0131 ya\u011fmalad\u0131. \u00c7al\u0131\u015fanlar\u0131na \u00f6z\u00fcr mesaj\u0131 g\u00f6nderen S.\u00c7., ka\u00e7mad\u0131\u011f\u0131n\u0131 ve bir g\u00fcn bor\u00e7lar\u0131n\u0131 \u00f6deyece\u011fini ancak e\u015fyalar\u0131n ya\u011fmalanmas\u0131 nedeniyle zor durumda oldu\u011funu \u00f6ne s\u00fcrd\u00fc.<\/p>\n<div>\n<div><img decoding=\"async\" src=\"https:\/\/kamucalisani.net\/wp-content\/uploads\/2026\/01\/adanadan-afrikaya-bir-intihar-cok-sayida-magdur-sok-fotograf-0-CDrPztjy.jpg\"\/><\/img><\/div>\n<\/div>\n<p>S.\u00c7.\u2019nin, ge\u00e7en y\u0131l kredi \u00e7ekmek i\u00e7in evini ipotek eden Uluslararas\u0131 G\u00fczellik Uzmanlar\u0131 Federasyonu Ba\u015fkan\u0131 N.\u015e.\u2019nin e\u015fi Fad\u0131l \u015eahin intihar etti. Ma\u011fdurlar, S.\u00c7.&#8217;nin yakalan\u0131p T\u00fcrkiye&#8217;ye getirilmesini istedi.<\/p>\n<div>\n<div><img decoding=\"async\" src=\"https:\/\/kamucalisani.net\/wp-content\/uploads\/2026\/01\/adanadan-afrikaya-bir-intihar-cok-sayida-magdur-sok-fotograf-1-HfItwlmD.jpg\"\/><\/img><\/div>\n<\/div>\n<p>S.\u00c7., bu s\u00fcre\u00e7te G\u00fcney Afrika&#8217;da ya\u015fad\u0131\u011f\u0131 l\u00fcks hayat\u0131 sosyal medya hesab\u0131ndan payla\u015fmaktan geri durmad\u0131. S.\u00c7.&#8217;nin l\u00fcks g\u00fczellik merkezi a\u00e7t\u0131\u011f\u0131, m\u00fc\u015fterilerine hizmet verdi\u011fi ortaya \u00e7\u0131kt\u0131. M\u00fc\u015fterileriyle sosyal medyada foto\u011fraflar payla\u015fan S.\u00c7. tepkilere neden oldu.<\/p>\n<div>\n<div><img decoding=\"async\" src=\"https:\/\/kamucalisani.net\/wp-content\/uploads\/2026\/01\/adanadan-afrikaya-bir-intihar-cok-sayida-magdur-sok-fotograf-2-s8E9lTiM.jpg\"\/><\/img><\/div>\n<\/div>\n<div>\n<div><img decoding=\"async\" src=\"https:\/\/kamucalisani.net\/wp-content\/uploads\/2026\/01\/adanadan-afrikaya-bir-intihar-cok-sayida-magdur-sok-fotograf-3-JU6nLHII.jpg\"\/><\/img><\/div>\n<\/div>\n<p><\/p>\n<p>Kaynak :\u00a0<span style=\"background-color: rgb(255, 249, 236); color: rgb(55, 58, 60); font-size: 14px;\">http:\/\/www.milliyet.com.tr\/gundem\/adanadan-afrikaya-bir-intihar-cok-sayida-magdur-sok-fotograf-7518980<\/span><\/p>\n","protected":false},"excerpt":{"rendered":"<p>Adana&#8217;da \u00e7ok say\u0131da m\u00fc\u015fterisini ve tedarik\u00e7isini milyonlarca lira doland\u0131r\u0131p, yurt d\u0131\u015f\u0131na ka\u00e7t\u0131\u011f\u0131 ve bu ki\u015filerden birinin intihar\u0131na yol a\u00e7t\u0131\u011f\u0131 \u00f6ne s\u00fcr\u00fclen g\u00fczellik merkezi sahibi S.\u00c7., G\u00fcney Afrika&#8217;da g\u00fczellik merkezi a\u00e7t\u0131.<\/p>\n","protected":false},"author":1,"featured_media":166244,"comment_status":"open","ping_status":"open","sticky":false,"template":"","format":"standard","meta":{"footnotes":""},"categories":[3],"tags":[],"class_list":["post-166243","post","type-post","status-publish","format-standard","has-post-thumbnail","hentry","category-guncel"],"_links":{"self":[{"href":"https:\/\/kamucalisani.net\/index.php\/wp-json\/wp\/v2\/posts\/166243","targetHints":{"allow":["GET"]}}],"collection":[{"href":"https:\/\/kamucalisani.net\/index.php\/wp-json\/wp\/v2\/posts"}],"about":[{"href":"https:\/\/kamucalisani.net\/index.php\/wp-json\/wp\/v2\/types\/post"}],"author":[{"embeddable":true,"href":"https:\/\/kamucalisani.net\/index.php\/wp-json\/wp\/v2\/users\/1"}],"replies":[{"embeddable":true,"href":"https:\/\/kamucalisani.net\/index.php\/wp-json\/wp\/v2\/comments?post=166243"}],"version-history":[{"count":1,"href":"https:\/\/kamucalisani.net\/index.php\/wp-json\/wp\/v2\/posts\/166243\/revisions"}],"predecessor-version":[{"id":166249,"href":"https:\/\/kamucalisani.net\/index.php\/wp-json\/wp\/v2\/posts\/166243\/revisions\/166249"}],"wp:featuredmedia":[{"embeddable":true,"href":"https:\/\/kamucalisani.net\/index.php\/wp-json\/wp\/v2\/media\/166244"}],"wp:attachment":[{"href":"https:\/\/kamucalisani.net\/index.php\/wp-json\/wp\/v2\/media?parent=166243"}],"wp:term":[{"taxonomy":"category","embeddable":true,"href":"https:\/\/kamucalisani.net\/index.php\/wp-json\/wp\/v2\/categories?post=166243"},{"taxonomy":"post_tag","embeddable":true,"href":"https:\/\/kamucalisani.net\/index.php\/wp-json\/wp\/v2\/tags?post=166243"}],"curies":[{"name":"wp","href":"https:\/\/api.w.org\/{rel}","templated":true}]}}