{"id":167063,"date":"2026-01-12T15:12:10","date_gmt":"2026-01-12T15:12:10","guid":{"rendered":"https:\/\/kamucalisani.net\/?p=167063"},"modified":"2026-01-12T15:12:10","modified_gmt":"2026-01-12T15:12:10","slug":"silivride-dehsete-dusuren-koc-saldirisi-sahibini-hastanelik-etti","status":"publish","type":"post","link":"https:\/\/kamucalisani.net\/index.php\/2026\/01\/12\/silivride-dehsete-dusuren-koc-saldirisi-sahibini-hastanelik-etti\/","title":{"rendered":"Silivri&#8217;de deh\u015fete d\u00fc\u015f\u00fcren ko\u00e7 sald\u0131r\u0131s\u0131! Sahibini hastanelik etti"},"content":{"rendered":"<p><p>Olay, Semizkumlar Mahallesi&#8217;ndeki sitede meydana geldi. Edinilen bilgiye g\u00f6re, Fikret B., besledi\u011fi ko\u00e7un sald\u0131r\u0131s\u0131na u\u011frad\u0131. Sald\u0131r\u0131 s\u0131ras\u0131nda yaln\u0131z olan Fikret B. kan i\u00e7inde kalarak, kaburgalar\u0131nda k\u0131r\u0131klar meydana geldi.<\/p>\n<p>Sald\u0131r\u0131dan kendi imkanlar\u0131yla kurtulan Fikret B., Ba\u015fak\u015fehir \u00c7am ve Sakura \u015eehir Hastanesi&#8217;ne kald\u0131r\u0131ld\u0131. \u00d6te yandan olay\u0131n ard\u0131ndan ko\u00e7un kestirildi\u011fi \u00f6\u011frenildi.<\/p>\n<p><strong>SALDIRI KAMERADA<\/strong><\/p>\n<p>Ko\u00e7un sahibine sald\u0131r\u0131s\u0131 \u00e7evredeki g\u00fcvenlik kameras\u0131yla kaydedildi. G\u00f6r\u00fcnt\u00fclerde, Fikret B.&#8217;ye besledi\u011fi ko\u00e7un dakikalarca sald\u0131rmas\u0131 ve olay\u0131n ard\u0131ndan Fikret B.&#8217;nin sokaktan sald\u0131r\u0131s\u0131na u\u011frad\u0131\u011f\u0131 ko\u00e7u ile uzakla\u015ft\u0131\u011f\u0131 anlar yer ald\u0131.<\/p>\n<div>\n<div><img decoding=\"async\" src=\"https:\/\/kamucalisani.net\/wp-content\/uploads\/2026\/01\/silivride-dehsete-dusuren-koc-saldirisi-sahibini-hastanelik-etti-0-ud1pSKyC.jpg\"\/><\/img><\/div>\n<\/div>\n<p><\/p>\n<p>Kaynak :\u00a0<span style=\"background-color: rgb(255, 249, 236); color: rgb(55, 58, 60); font-size: 14px;\">http:\/\/www.milliyet.com.tr\/gundem\/silivride-dehsete-dusuren-koc-saldirisi-sahibini-hastanelik-etti-7519811<\/span><\/p>\n","protected":false},"excerpt":{"rendered":"<p>Silivri\u2019de sitede bulunan ko\u00e7 sahibine dakikalarca sald\u0131rd\u0131. Olay\u0131n ard\u0131ndan ko\u00e7un sahibi Fikret B. hastaneye kald\u0131r\u0131l\u0131rken, sald\u0131r\u0131 an\u0131 \u00e7evredeki g\u00fcvenlik kameras\u0131yla kaydedildi.<\/p>\n","protected":false},"author":1,"featured_media":167064,"comment_status":"open","ping_status":"open","sticky":false,"template":"","format":"standard","meta":{"footnotes":""},"categories":[3],"tags":[10984,796],"class_list":["post-167063","post","type-post","status-publish","format-standard","has-post-thumbnail","hentry","category-guncel","tag-kocu","tag-saldiri"],"_links":{"self":[{"href":"https:\/\/kamucalisani.net\/index.php\/wp-json\/wp\/v2\/posts\/167063","targetHints":{"allow":["GET"]}}],"collection":[{"href":"https:\/\/kamucalisani.net\/index.php\/wp-json\/wp\/v2\/posts"}],"about":[{"href":"https:\/\/kamucalisani.net\/index.php\/wp-json\/wp\/v2\/types\/post"}],"author":[{"embeddable":true,"href":"https:\/\/kamucalisani.net\/index.php\/wp-json\/wp\/v2\/users\/1"}],"replies":[{"embeddable":true,"href":"https:\/\/kamucalisani.net\/index.php\/wp-json\/wp\/v2\/comments?post=167063"}],"version-history":[{"count":1,"href":"https:\/\/kamucalisani.net\/index.php\/wp-json\/wp\/v2\/posts\/167063\/revisions"}],"predecessor-version":[{"id":167066,"href":"https:\/\/kamucalisani.net\/index.php\/wp-json\/wp\/v2\/posts\/167063\/revisions\/167066"}],"wp:featuredmedia":[{"embeddable":true,"href":"https:\/\/kamucalisani.net\/index.php\/wp-json\/wp\/v2\/media\/167064"}],"wp:attachment":[{"href":"https:\/\/kamucalisani.net\/index.php\/wp-json\/wp\/v2\/media?parent=167063"}],"wp:term":[{"taxonomy":"category","embeddable":true,"href":"https:\/\/kamucalisani.net\/index.php\/wp-json\/wp\/v2\/categories?post=167063"},{"taxonomy":"post_tag","embeddable":true,"href":"https:\/\/kamucalisani.net\/index.php\/wp-json\/wp\/v2\/tags?post=167063"}],"curies":[{"name":"wp","href":"https:\/\/api.w.org\/{rel}","templated":true}]}}