{"id":167410,"date":"2026-01-13T06:54:09","date_gmt":"2026-01-13T06:54:09","guid":{"rendered":"https:\/\/kamucalisani.net\/?p=167410"},"modified":"2026-01-13T06:54:09","modified_gmt":"2026-01-13T06:54:09","slug":"adeta-buzdan-sehir-kentten-sasirtan-goruntuler","status":"publish","type":"post","link":"https:\/\/kamucalisani.net\/index.php\/2026\/01\/13\/adeta-buzdan-sehir-kentten-sasirtan-goruntuler\/","title":{"rendered":"Adeta buzdan \u015fehir! Kentten \u015fa\u015f\u0131rtan g\u00f6r\u00fcnt\u00fcler"},"content":{"rendered":"<p><p>K\u0131\u015f mevsiminin en sert ge\u00e7ti\u011fi illerin ba\u015f\u0131nda gelen A\u011fr\u0131&#8217;da, bir s\u00fcre \u00f6nce etkili olan kar ya\u011f\u0131\u015f\u0131n\u0131n ard\u0131ndan hava s\u0131cakl\u0131klar\u0131 d\u00fc\u015fmeye devam ediyor.<\/p>\n<p>So\u011fuk hava il genelinde g\u00fcnl\u00fck ya\u015fam\u0131 olumsuz etkiliyor.<\/p>\n<div>\n<div><img decoding=\"async\" src=\"https:\/\/kamucalisani.net\/wp-content\/uploads\/2026\/01\/adeta-buzdan-sehir-kentten-sasirtan-goruntuler-0-yxXjyzB3.jpg\"\/><\/img><\/div>\n<\/div>\n<p>Bir\u00e7ok ev ve i\u015f yerinin \u00e7at\u0131s\u0131nda buz sark\u0131tlar\u0131 olu\u015furken, kent merkezinden ge\u00e7en Murat Nehri&#8217;nin y\u00fczeyinin b\u00fcy\u00fck b\u00f6l\u00fcm\u00fc buzla kapland\u0131.<\/p>\n<div>\n<div><img decoding=\"async\" src=\"https:\/\/kamucalisani.net\/wp-content\/uploads\/2026\/01\/adeta-buzdan-sehir-kentten-sasirtan-goruntuler-1-g1NghRni.jpg\"\/><\/img><\/div>\n<\/div>\n<p>So\u011fuk hava nedeniyle park halindeki baz\u0131 ara\u00e7lar\u0131n camlar\u0131 buz tuttu. Vatanda\u015flar ise ara\u00e7lar\u0131n\u0131 so\u011fuktan korumak i\u00e7in battaniye ile \u00f6rterek tedbir almaya \u00e7al\u0131\u015ft\u0131.<\/p>\n\n<p><\/p>\n<p>Kaynak :\u00a0<span style=\"background-color: rgb(255, 249, 236); color: rgb(55, 58, 60); font-size: 14px;\">http:\/\/www.milliyet.com.tr\/gundem\/adeta-buzdan-sehir-kentten-sasirtan-goruntuler-7520070<\/span><\/p>\n","protected":false},"excerpt":{"rendered":"<p>\u00a0A\u011fr\u0131&#8217;da etkili olan dondurucu so\u011fuk, g\u00fcnl\u00fck ya\u015fam\u0131 olumsuz etkiliyor. Bir\u00e7ok ev ve i\u015f yerinin \u00e7at\u0131s\u0131nda buz sark\u0131tlar\u0131 olu\u015furken, kent merkezinden ge\u00e7en Murat Nehri&#8217;nin y\u00fczeyinin b\u00fcy\u00fck b\u00f6l\u00fcm\u00fc buzla kapland\u0131.<\/p>\n","protected":false},"author":1,"featured_media":167411,"comment_status":"open","ping_status":"open","sticky":false,"template":"","format":"standard","meta":{"footnotes":""},"categories":[3],"tags":[],"class_list":["post-167410","post","type-post","status-publish","format-standard","has-post-thumbnail","hentry","category-guncel"],"_links":{"self":[{"href":"https:\/\/kamucalisani.net\/index.php\/wp-json\/wp\/v2\/posts\/167410","targetHints":{"allow":["GET"]}}],"collection":[{"href":"https:\/\/kamucalisani.net\/index.php\/wp-json\/wp\/v2\/posts"}],"about":[{"href":"https:\/\/kamucalisani.net\/index.php\/wp-json\/wp\/v2\/types\/post"}],"author":[{"embeddable":true,"href":"https:\/\/kamucalisani.net\/index.php\/wp-json\/wp\/v2\/users\/1"}],"replies":[{"embeddable":true,"href":"https:\/\/kamucalisani.net\/index.php\/wp-json\/wp\/v2\/comments?post=167410"}],"version-history":[{"count":1,"href":"https:\/\/kamucalisani.net\/index.php\/wp-json\/wp\/v2\/posts\/167410\/revisions"}],"predecessor-version":[{"id":167414,"href":"https:\/\/kamucalisani.net\/index.php\/wp-json\/wp\/v2\/posts\/167410\/revisions\/167414"}],"wp:featuredmedia":[{"embeddable":true,"href":"https:\/\/kamucalisani.net\/index.php\/wp-json\/wp\/v2\/media\/167411"}],"wp:attachment":[{"href":"https:\/\/kamucalisani.net\/index.php\/wp-json\/wp\/v2\/media?parent=167410"}],"wp:term":[{"taxonomy":"category","embeddable":true,"href":"https:\/\/kamucalisani.net\/index.php\/wp-json\/wp\/v2\/categories?post=167410"},{"taxonomy":"post_tag","embeddable":true,"href":"https:\/\/kamucalisani.net\/index.php\/wp-json\/wp\/v2\/tags?post=167410"}],"curies":[{"name":"wp","href":"https:\/\/api.w.org\/{rel}","templated":true}]}}