{"id":167415,"date":"2026-01-13T07:06:09","date_gmt":"2026-01-13T07:06:09","guid":{"rendered":"https:\/\/kamucalisani.net\/?p=167415"},"modified":"2026-01-13T07:06:09","modified_gmt":"2026-01-13T07:06:09","slug":"samsunspor-baskani-yuksel-yildirimdan-eyup-aydin-cikisi-galatasaray-poseti-kriz-yaratti","status":"publish","type":"post","link":"https:\/\/kamucalisani.net\/index.php\/2026\/01\/13\/samsunspor-baskani-yuksel-yildirimdan-eyup-aydin-cikisi-galatasaray-poseti-kriz-yaratti\/","title":{"rendered":"Samsunspor Ba\u015fkan\u0131 Y\u00fcksel Y\u0131ld\u0131r\u0131m&#8217;dan Ey\u00fcp Ayd\u0131n \u00e7\u0131k\u0131\u015f\u0131! Galatasaray po\u015feti kriz yaratt\u0131"},"content":{"rendered":"<p><p>Galatasaray&#8217;dan sezon ba\u015f\u0131nda Samsunspor&#8217;a kiralanan Ey\u00fcp Ayd\u0131n ile ilgili Y\u00fcksel Y\u0131ld\u0131r\u0131m \u00e7arpr\u0131c\u0131 a\u00e7\u0131klamalarda bulundu.<\/p>\n<p><strong>GALATASARAY&#8217;A TEKL\u0130F YAPMADIK<\/strong><\/p>\n<p>Samsunspor Ba\u015fkan\u0131 Y\u00fcksel Y\u0131ld\u0131r\u0131m, Radyospor&#8217;a yapt\u0131\u011f\u0131 a\u00e7\u0131klama: Ey\u00fcp Ayd\u0131n&#8217;\u0131n bonservisi i\u00e7in Galatasaray&#8217;a teklif yapmad\u0131k. Neden yapmad\u0131k? Samsunspor \u015firket tak\u0131m\u0131 olsa da taraftar\u0131n sesi bizim i\u00e7in bir veridir. Biz taraftar\u0131m\u0131z\u0131 dikkate al\u0131yoruz. Ey\u00fcp Ayd\u0131n&#8217;\u0131n elindeki Galatasaray po\u015fetine ve Abd\u00fclkerim Bardakc\u0131&#8217;n\u0131n elini \u00f6pmesine taraftar tepki g\u00f6sterdi. Ey\u00fcp hen\u00fcz \u00e7ok gen\u00e7 bir oyuncu, iyi niyetli birisi. Ey\u00fcp ile ilgili sezon sonunda karar verece\u011fiz. Thomas Reis&#8217;in bu konuda onay\u0131 \u00f6nemli&#8221; ifadelerini kulland\u0131.<\/p>\n<div>\n<div><img decoding=\"async\" src=\"https:\/\/kamucalisani.net\/wp-content\/uploads\/2026\/01\/samsunspor-baskani-yuksel-yildirimdan-eyup-aydin-cikisi-galatasaray-poseti-kriz-yaratti-0-OfqknuYI.jpg\"\/><\/img><\/div>\n<\/div>\n<p><strong>SILAS \u0130\u00c7\u0130N RESM TEKL\u0130F YAPTIK<\/strong><\/p>\n<p>Elayis Tav\u015fan&#8217;\u0131n transferi i\u00e7in kul\u00fcb\u00fc Verona ile pazarl\u0131klar sonucunda anla\u015fma sa\u011flad\u0131k. Elayis Tav\u015fan ile de anla\u015fma sa\u011flam\u0131\u015ft\u0131k. Ancak bug\u00fcn Elayis Tav\u015fan&#8217;\u0131n menajerinden 100 bin Euro&#8217;luk zam geldi. &#8220;Fuat Hoca&#8217;ya bu \u015fartlarda olmaz&#8221; dedim. Anla\u015ft\u0131\u011f\u0131m\u0131z rakama &#8216;Evet&#8217; derlerse transfer ger\u00e7ekle\u015fecek. Elayis Tav\u015fan ile 4.5 y\u0131ll\u0131k s\u00f6zle\u015fme imzalayaca\u011f\u0131z. Elayis Tav\u015fan gelecek sezondan itibaren yerli futbolcu stat\u00fcs\u00fcnde oynayacak. Capita&#8217;ya teklif yapt\u0131k. Capita transferinde menajeri gelgit yap\u0131yor. Capita&#8217;n\u0131n menajeri Toman\u00e9&#8217;nin menajeriydi, bizi o transfer s\u00fcrecinden tan\u0131yor<\/p>\n<p>Silas i\u00e7in resmi teklif yapt\u0131k. Kul\u00fcb\u00fc Stuttgart&#8217;la son anda bonservis konusunda anla\u015famad\u0131k. Silas, Mainz&#8217;e gitti ve oradaki s\u00f6zle\u015fmesi sezon sonunda bitecek. Silas ve menajerinden gelecek sezon i\u00e7in s\u00f6z ald\u0131k.\u00a0<\/p>\n<div>\n<div><img decoding=\"async\" src=\"https:\/\/kamucalisani.net\/wp-content\/uploads\/2026\/01\/samsunspor-baskani-yuksel-yildirimdan-eyup-aydin-cikisi-galatasaray-poseti-kriz-yaratti-1-wVjNlDp8.jpg\"\/><\/img><\/div>\n<\/div>\n<p><strong>\u0130RFAN CAN&#8217;IN OPS\u0130YONU 1.2 M\u0130LYON EURO DE\u011e\u0130L<\/strong><\/p>\n<p>\u0130rfan Can E\u011fribayat&#8217;\u0131n opsiyonunu kullan\u0131rsak 2 art\u0131 1 y\u0131ll\u0131k s\u00f6zle\u015fme imzalayaca\u011f\u0131z. \u0130rfan Can E\u011fribayat&#8217;\u0131n opsiyonu 1.2 milyon Euro de\u011fil. Daha uygun \u00fccretlerle anla\u015fma sa\u011flad\u0131k.<\/p>\n\n<p><\/p>\n<p>Kaynak :\u00a0<span style=\"background-color: rgb(255, 249, 236); color: rgb(55, 58, 60); font-size: 14px;\">http:\/\/www.milliyet.com.tr\/skorer\/samsunspor-baskani-yuksel-yildirimdan-eyup-aydin-cikisi-galatasaray-poseti-kriz-yaratti-7520093<\/span><\/p>\n","protected":false},"excerpt":{"rendered":"<p>Galatasaray&#8217;dan sezon ba\u015f\u0131nda Samsunspor&#8217;a kiralanan Ey\u00fcp Ayd\u0131n ile ilgili Y\u00fcksel Y\u0131ld\u0131r\u0131m \u00e7arpr\u0131c\u0131 a\u00e7\u0131klamalarda bulundu. Fenerbah\u00e7e&#8217;den kiralanan \u0130rfan Can E\u011fribayat i\u00e7in ise \u00fccret konusundaki iddiaya cevap verdi.<\/p>\n","protected":false},"author":1,"featured_media":167416,"comment_status":"open","ping_status":"open","sticky":false,"template":"","format":"standard","meta":{"footnotes":""},"categories":[7],"tags":[10995,8403,10994,256,709],"class_list":["post-167415","post","type-post","status-publish","format-standard","has-post-thumbnail","hentry","category-spor","tag-elayis-tavsan","tag-eyup","tag-menajeri","tag-sezon","tag-teklif"],"_links":{"self":[{"href":"https:\/\/kamucalisani.net\/index.php\/wp-json\/wp\/v2\/posts\/167415","targetHints":{"allow":["GET"]}}],"collection":[{"href":"https:\/\/kamucalisani.net\/index.php\/wp-json\/wp\/v2\/posts"}],"about":[{"href":"https:\/\/kamucalisani.net\/index.php\/wp-json\/wp\/v2\/types\/post"}],"author":[{"embeddable":true,"href":"https:\/\/kamucalisani.net\/index.php\/wp-json\/wp\/v2\/users\/1"}],"replies":[{"embeddable":true,"href":"https:\/\/kamucalisani.net\/index.php\/wp-json\/wp\/v2\/comments?post=167415"}],"version-history":[{"count":1,"href":"https:\/\/kamucalisani.net\/index.php\/wp-json\/wp\/v2\/posts\/167415\/revisions"}],"predecessor-version":[{"id":167419,"href":"https:\/\/kamucalisani.net\/index.php\/wp-json\/wp\/v2\/posts\/167415\/revisions\/167419"}],"wp:featuredmedia":[{"embeddable":true,"href":"https:\/\/kamucalisani.net\/index.php\/wp-json\/wp\/v2\/media\/167416"}],"wp:attachment":[{"href":"https:\/\/kamucalisani.net\/index.php\/wp-json\/wp\/v2\/media?parent=167415"}],"wp:term":[{"taxonomy":"category","embeddable":true,"href":"https:\/\/kamucalisani.net\/index.php\/wp-json\/wp\/v2\/categories?post=167415"},{"taxonomy":"post_tag","embeddable":true,"href":"https:\/\/kamucalisani.net\/index.php\/wp-json\/wp\/v2\/tags?post=167415"}],"curies":[{"name":"wp","href":"https:\/\/api.w.org\/{rel}","templated":true}]}}