{"id":167543,"date":"2026-01-13T10:12:09","date_gmt":"2026-01-13T10:12:09","guid":{"rendered":"https:\/\/kamucalisani.net\/?p=167543"},"modified":"2026-01-13T10:12:09","modified_gmt":"2026-01-13T10:12:09","slug":"emre-belozoglu-tek-derdim-kasimpasa-ikinci-yariyi-bekliyoruz","status":"publish","type":"post","link":"https:\/\/kamucalisani.net\/index.php\/2026\/01\/13\/emre-belozoglu-tek-derdim-kasimpasa-ikinci-yariyi-bekliyoruz\/","title":{"rendered":"Emre Bel\u00f6zo\u011flu: Tek derdim Kas\u0131mpa\u015fa, ikinci yar\u0131y\u0131 bekliyoruz"},"content":{"rendered":"<p><p>Kas\u0131mpa\u015fa Teknik Direkt\u00f6r\u00fc Emre Bel\u00f6zo\u011flu, T\u00dcGVA Gen\u00e7Lig Lansman\u0131\u2019nda Demir\u00f6ren Haber Ajans\u0131\u2019na (DHA) \u00f6zel a\u00e7\u0131klamalarda bulundu. Bel\u00f6zo\u011flu, \u201cBug\u00fcn gen\u00e7leri konu\u015fmam\u0131z laz\u0131m. Ba\u015fka \u015feyler konu\u015fmamak laz\u0131m. S\u00fcper Kupa\u2019y\u0131 Fenerbah\u00e7e kazand\u0131. Uzun zamand\u0131r kupa ve \u015fampiyonluk hasreti olan bir camia i\u00e7in bu kazan\u0131m \u00f6nemliydi\u201d diye konu\u015ftu.<\/p>\n<p><strong>\u2018TEK DERD\u0130M KASIMPA\u015eA\u2019<\/strong><\/p>\n<p>Kas\u0131mpa\u015fa\u2019ya odakland\u0131\u011f\u0131n\u0131 vurgulayan Bel\u00f6zo\u011flu, \u201cBenim tek derdim Kas\u0131mpa\u015fa. Ligin ikinci yar\u0131s\u0131n\u0131 bekliyoruz. Trib\u00fcnlerde \u00f6zellikle i\u00e7 sahada eksilme oldu\u011fu s\u00f6yleniyor. Taraftar deste\u011fine ihtiyac\u0131m\u0131z var. En do\u011fru oyuncularla Kas\u0131mpa\u015fa\u2019y\u0131 hak etti\u011fi yere getirece\u011fiz\u201d ifadelerini kulland\u0131.<\/p>\n\n<p><\/p>\n<p>Kaynak :\u00a0<span style=\"background-color: rgb(255, 249, 236); color: rgb(55, 58, 60); font-size: 14px;\">http:\/\/www.milliyet.com.tr\/skorer\/emre-belozoglu-tek-derdim-kasimpasa-ikinci-yariyi-bekliyoruz-7520269<\/span><\/p>\n","protected":false},"excerpt":{"rendered":"<p>Kas\u0131mpa\u015fa Teknik Direkt\u00f6r\u00fc Emre Bel\u00f6zo\u011flu, \u201cBenim tek derdim Kas\u0131mpa\u015fa. Ligin ikinci yar\u0131s\u0131n\u0131 bekliyoruz. Trib\u00fcnlerde \u00f6zellikle i\u00e7 sahada eksilme oldu\u011fu s\u00f6yleniyor. Taraftar deste\u011fine ihtiyac\u0131m\u0131z var\u201d dedi.<\/p>\n","protected":false},"author":1,"featured_media":167544,"comment_status":"open","ping_status":"open","sticky":false,"template":"","format":"standard","meta":{"footnotes":""},"categories":[7],"tags":[8534],"class_list":["post-167543","post","type-post","status-publish","format-standard","has-post-thumbnail","hentry","category-spor","tag-kasimpasa"],"_links":{"self":[{"href":"https:\/\/kamucalisani.net\/index.php\/wp-json\/wp\/v2\/posts\/167543","targetHints":{"allow":["GET"]}}],"collection":[{"href":"https:\/\/kamucalisani.net\/index.php\/wp-json\/wp\/v2\/posts"}],"about":[{"href":"https:\/\/kamucalisani.net\/index.php\/wp-json\/wp\/v2\/types\/post"}],"author":[{"embeddable":true,"href":"https:\/\/kamucalisani.net\/index.php\/wp-json\/wp\/v2\/users\/1"}],"replies":[{"embeddable":true,"href":"https:\/\/kamucalisani.net\/index.php\/wp-json\/wp\/v2\/comments?post=167543"}],"version-history":[{"count":1,"href":"https:\/\/kamucalisani.net\/index.php\/wp-json\/wp\/v2\/posts\/167543\/revisions"}],"predecessor-version":[{"id":167545,"href":"https:\/\/kamucalisani.net\/index.php\/wp-json\/wp\/v2\/posts\/167543\/revisions\/167545"}],"wp:featuredmedia":[{"embeddable":true,"href":"https:\/\/kamucalisani.net\/index.php\/wp-json\/wp\/v2\/media\/167544"}],"wp:attachment":[{"href":"https:\/\/kamucalisani.net\/index.php\/wp-json\/wp\/v2\/media?parent=167543"}],"wp:term":[{"taxonomy":"category","embeddable":true,"href":"https:\/\/kamucalisani.net\/index.php\/wp-json\/wp\/v2\/categories?post=167543"},{"taxonomy":"post_tag","embeddable":true,"href":"https:\/\/kamucalisani.net\/index.php\/wp-json\/wp\/v2\/tags?post=167543"}],"curies":[{"name":"wp","href":"https:\/\/api.w.org\/{rel}","templated":true}]}}