{"id":167699,"date":"2026-01-13T14:06:12","date_gmt":"2026-01-13T14:06:12","guid":{"rendered":"https:\/\/kamucalisani.net\/?p=167699"},"modified":"2026-01-13T14:06:12","modified_gmt":"2026-01-13T14:06:12","slug":"canli-transfer-lookman-bombasi-fenerbahce-istiyordu-galatasaray-devrede","status":"publish","type":"post","link":"https:\/\/kamucalisani.net\/index.php\/2026\/01\/13\/canli-transfer-lookman-bombasi-fenerbahce-istiyordu-galatasaray-devrede\/","title":{"rendered":"CANLI TRANSFER | Lookman bombas\u0131! Fenerbah\u00e7e istiyordu Galatasaray devrede"},"content":{"rendered":"<p><p>S\u00fcper Lig&#8217;de k\u0131\u015f transfer d\u00f6nemi ba\u015flarken tak\u0131mlar kadrolar\u0131n\u0131 g\u00fc\u00e7lendirmek i\u00e7in harekete ge\u00e7ti. \u0130\u015fte Galatasaray, Fenerbah\u00e7e, Be\u015fikta\u015f ve Trabzonspor&#8217;un ilgilendi\u011fi isimler ba\u015fta olmak \u00fczere transfer g\u00fcndeminde yer alan futbolcular&#8230;<\/p>\n<section>\n<div>\n<div><span>16:10<\/span><span>13 Ocak 2026<\/span><\/p>\n<div>GALATASARAY&#8217;DAN LOOKMAN&#8217;A \u0130LG\u0130<\/div>\n<div>\n<p>Galatasaray&#8217;da transfer \u00e7al\u0131\u015fmalar\u0131 devam ederken ortaya \u00f6nemli bir iddia at\u0131ld\u0131.<\/p>\n<p>\u0130talyan gazeteci Gianluca Di Marzio&#8217;ya g\u00f6re Galatasaray g\u00f6z\u00fcn\u00fc Fenerbah\u00e7e&#8217;nin de ciddi \u015fekilde g\u00fcndeminde yer alan Ademola Lookman&#8217;a dikti.<\/p>\n<p>Yine habere g\u00f6re Abdullah Kavukcu&#8217;nun Milano&#8217;ya geldi\u011fi belirtilenler aras\u0131nda.<\/p>\n<p>Bu sezon, Afrika Uluslar Kupas\u0131&#8217;nda yar\u0131 finalde Fas ile kar\u015f\u0131la\u015facak olan Nijeryal\u0131 forvet, t\u00fcm m\u00fcsabakalarda \u00e7\u0131kt\u0131\u011f\u0131 16 ma\u00e7ta \u00fc\u00e7 gol att\u0131 ve bir asist yapt\u0131.<\/p>\n<p><img decoding=\"async\" src=\"https:\/\/kamucalisani.net\/wp-content\/uploads\/2026\/01\/canli-transfer-lookman-bombasi-fenerbahce-istiyordu-galatasaray-devrede-0-DTlQBZfO.jpg\"\/><\/img><\/p>\n<\/div>\n<\/div>\n<div><span>15:13<\/span><span>13 Ocak 2026<\/span><\/p>\n<div>OKAN BURUK&#8217;TAN ZAKARIA&#8217;YA ONAY<\/div>\n<div>\n<p>Okan Buruk\u2019un onay verdi\u011fi Denis Zakaria, Galatasaray\u2019\u0131n transfer listesine girdi.<\/p>\n<p>Sar\u0131-k\u0131rm\u0131z\u0131l\u0131lar, \u0130svi\u00e7reli orta saha i\u00e7in Monaco ile k\u0131sa s\u00fcre i\u00e7inde resmi temaslara ba\u015flamay\u0131 planl\u0131yor. Y\u00f6netim, alternatif isimlerle de g\u00f6r\u00fc\u015fmelerini s\u00fcrd\u00fcr\u00fcyor. (Takvim)<\/p>\n<p><img decoding=\"async\" src=\"https:\/\/kamucalisani.net\/wp-content\/uploads\/2026\/01\/canli-transfer-lookman-bombasi-fenerbahce-istiyordu-galatasaray-devrede-1-yDMWNkHS.jpg\"\/><\/img><\/p>\n<\/div>\n<\/div>\n<div><span>13:32<\/span><span>13 Ocak 2026<\/span><\/p>\n<div>GALATASARAY&#8217;IN G\u00d6ZDES\u0130 S\u00d6ZLE\u015eME UZATMAYA YAKIN<\/div>\n<div>\n<p>Galatasaray&#8217;\u0131n transfer listesinde yer ald\u0131\u011f\u0131 konu\u015fulan Fabian Ruiz, PSG ile yeni s\u00f6zle\u015fme imzalamaya haz\u0131r.<\/p>\n<p>Matteo Moretto&#8217;nun haberine g\u00f6re PSG ile yeni s\u00f6zle\u015fme imzalamak i\u00e7in anla\u015fan Fabian Ruiz, tak\u0131m\u0131yla 2029 y\u0131l\u0131na kadar s\u00f6zle\u015fme imzalayacak.<\/p>\n<p><strong>GALATASARAY&#8217;IN \u0130LG\u0130S\u0130 OLDU\u011eU KONU\u015eULUYORDU<\/strong><\/p>\n<p>Orta sahaya takviye yapmak isteyen Galatasaray&#8217;\u0131n bir numaral\u0131 hedefinin Fabian Ruiz oldu\u011fu haberi, bas\u0131nda s\u0131k s\u0131k yer buluyordu. Euro 2024&#8217;te y\u0131ld\u0131zla\u015fan \u0130spanyol orta saha, ge\u00e7ti\u011fimiz sezon da PSG formas\u0131yla \u015eampiyonlar Ligi \u015fampiyonlu\u011fu ya\u015fayarak \u201cD\u00fcnyan\u0131n en iyi orta sahalar\u0131ndan biri\u201d unvan\u0131n\u0131 sa\u011flamla\u015ft\u0131rm\u0131\u015ft\u0131. PSG ile yeni s\u00f6zle\u015fme imzalamas\u0131 beklenen Fabian Ruiz&#8217;in Galatasaray&#8217;a transfer olmas\u0131 ihtimali de bu vesileyle ortadan kalkm\u0131\u015f olacak<\/p>\n<p><\/p>\n<p><img decoding=\"async\" src=\"https:\/\/kamucalisani.net\/wp-content\/uploads\/2026\/01\/canli-transfer-lookman-bombasi-fenerbahce-istiyordu-galatasaray-devrede-2-a86eyjgB.jpg\"\/><\/img><\/p>\n<\/div>\n<\/div>\n<div><span>10:52<\/span><span>13 Ocak 2026<\/span><\/p>\n<div>GALATASARAY&#8217;DAN DEV BONSERV\u0130S<\/div>\n<div>\n<p>Galatasaray transferde \u00e7al\u0131\u015fmalar\u0131n\u0131 s\u00fcrd\u00fcr\u00fcrken s\u0131cak geli\u015fmeler ya\u015fan\u0131yor.<\/p>\n<p>Sport Mediaset&#8217;te yer alan habere g\u00f6re Galatasaray, Davide Frattesi i\u00e7in ciddi ad\u0131mlar at\u0131yor. Ge\u00e7ti\u011fimiz haftalarda ger\u00e7ekle\u015fen ilk temaslar\u0131n ard\u0131ndan, sar\u0131-k\u0131rm\u0131z\u0131l\u0131 ekip harekete ge\u00e7meye karar verdi.<\/p>\n<p>Galatasaray&#8217;\u0131n 35 milyon Euro zorunlu sat\u0131n alma opsiyonlu kiralama se\u00e7ene\u011fine haz\u0131r oldu\u011fu belirtilirken Inter ile resmi teklifi sunmak i\u00e7in g\u00f6r\u00fc\u015f\u00fclece\u011fi iddia edildi. Inter oyuncunun \u0130talya d\u0131\u015f\u0131na sat\u0131lmas\u0131na kar\u015f\u0131 de\u011fil.<\/p>\n<p>Inter&#8217;de 3 milyon Euro kazanan Frattesi i\u00e7in Galatasaray&#8217;\u0131n teklifi ise y\u0131ll\u0131k 5 milyon Euro&#8217;dan 4 senelik s\u00f6zle\u015fme.<\/p>\n<p><img decoding=\"async\" src=\"https:\/\/kamucalisani.net\/wp-content\/uploads\/2026\/01\/canli-transfer-lookman-bombasi-fenerbahce-istiyordu-galatasaray-devrede-3-D9FCxxEB.jpg\"\/><\/img><\/p>\n<\/div>\n<\/div>\n<div><span>09:47<\/span><span>13 Ocak 2026<\/span><\/p>\n<div>EN NESYR\u0130&#8217;YE TEKL\u0130F<\/div>\n<div>\n<p>Fenerbah\u00e7e&#8217;nin golc\u00fcs\u00fc Youssef En-Nesyri i\u00e7in resmi teklif geldi. Fasl\u0131 santrforu isteyen Katar ekibi Al-Sadd, sar\u0131-lacivertlilere 5 milyon Euro kiralama art\u0131 25 milyon Euro sat\u0131n alma opsiyonlu teklif sundu.<\/p>\n<p>Taraflar\u0131n karar\u0131n\u0131 bug\u00fcn yap\u0131lacak g\u00f6r\u00fc\u015fme sonras\u0131 vermesi bekleniyor. Fenerbah\u00e7e ile s\u00f6zle\u015fmesi Haziran 2029&#8217;a kadar olan En-Nesyri&#8217;nin piyasa de\u011feri ise 22 milyon Euro olarak g\u00f6steriliyor.<\/p>\n<p>Performans\u0131yla taraftarlar taraf\u0131ndan ele\u015ftirilere maruz kalan 28 ya\u015f\u0131ndaki futbolcu, bu sezon 25 ma\u00e7a \u00e7\u0131karken 8 gol, 1 asistlik katk\u0131da bulundu. (Sabah)<\/p>\n<p><img decoding=\"async\" src=\"https:\/\/kamucalisani.net\/wp-content\/uploads\/2026\/01\/canli-transfer-lookman-bombasi-fenerbahce-istiyordu-galatasaray-devrede-4-FlpijATA.jpg\"\/><\/img><\/p>\n<\/div>\n<\/div>\n<div><span>08:40<\/span><span>13 Ocak 2026<\/span><\/p>\n<div>BE\u015e\u0130KTA\u015e AGBADOU \u0130LE EL SIKI\u015eTI<\/div>\n<div>\n<p>Gabriel Paulista ile yollar\u0131n\u0131 ay\u0131rd\u0131ktan sonra stoper aray\u0131\u015flar\u0131n\u0131 h\u0131zland\u0131ran Be\u015fikta\u015f, Emmanuel Agbadou\u2019yu kadrosuna katmaya haz\u0131rlan\u0131yor. Siyah-beyazl\u0131lar, \u0130ngiltere Premier Lig ekibi Wolverhampton\u2019da forma giyen 28 ya\u015f\u0131ndaki Fildi\u015fi Sahilli stoperle 3.5 y\u0131ll\u0131k s\u00f6zle\u015fme i\u00e7in anla\u015fma sa\u011flad\u0131.<\/p>\n<p>Teknik Direkt\u00f6r Sergen Yal\u00e7\u0131n\u2019\u0131n bir s\u00fcredir kadrosunda g\u00f6rmek istedi\u011fi 1.92 boyundaki sa\u011f stoperle maddi konularda el s\u0131k\u0131\u015f\u0131ld\u0131. Siyah-beyazl\u0131lar, Wolverhampton\u2019a 2 milyon euro 6 ayl\u0131k kiralama bedeli ve 10 milyon euro sat\u0131n alma opsiyonu i\u00e7eren resmi teklif yapt\u0131.<\/p>\n<p>Premier Lig\u2019de son s\u0131rada yer alan Wolverhampton, Be\u015fikta\u015f\u2019tan sat\u0131n alma bedelinin art\u0131r\u0131lmas\u0131n\u0131 istedi. Siyah-beyazl\u0131lar\u0131n k\u0131sa s\u00fcre i\u00e7inde \u0130ngiliz ekibine yeni bir teklif yaparak Agbadou transferini b\u00fcy\u00fck olas\u0131l\u0131kla tamamlayaca\u011f\u0131 bildirildi.<\/p>\n<p><img decoding=\"async\" src=\"https:\/\/kamucalisani.net\/wp-content\/uploads\/2026\/01\/canli-transfer-lookman-bombasi-fenerbahce-istiyordu-galatasaray-devrede-5-P1DyOmWz.jpg\"\/><\/img><\/p>\n<\/div>\n<\/div>\n<div><span>07:41<\/span><span>13 Ocak 2026<\/span><\/p>\n<div>TRANSFER TEKL\u0130F\u0130 YAPILDI<\/div>\n<div>\n<p>David Jurasek\u2019le ba\u011flar\u0131n\u0131 koparan Be\u015fikta\u015f, sol bek aray\u0131\u015f\u0131nda rotas\u0131n\u0131 yeniden \u0130ngiltere\u2019ye \u00e7evirdi. Nuno Tavares i\u00e7in Lazio ile anla\u015fma zemini bulamayan siyah-beyazl\u0131lar, Premier Lig ekibi Burnley\u2019de top ko\u015fturan 24 ya\u015f\u0131ndaki Hollandal\u0131 sol bek Quilindschy Hartman\u2019\u0131 kadrosuna katmak i\u00e7in harekete ge\u00e7ti.<\/p>\n<p>Kartal\u2019\u0131n Hartman i\u00e7in sat\u0131n alma opsiyonlu kiralama teklifi yapt\u0131\u011f\u0131 ve kul\u00fcpler aras\u0131ndaki g\u00f6r\u00fc\u015fmelerin olumlu y\u00f6nde ilerledi\u011fi ifade edildi.<\/p>\n<p><img decoding=\"async\" src=\"https:\/\/kamucalisani.net\/wp-content\/uploads\/2026\/01\/canli-transfer-lookman-bombasi-fenerbahce-istiyordu-galatasaray-devrede-6-RWKjydyK.jpg\"\/><\/img><\/p>\n<\/div>\n<\/div>\n<div><span>07:09<\/span><span>13 Ocak 2026<\/span><\/p>\n<div>S\u00dcPER L\u0130G DEVLER\u0130 KAR\u015eI KAR\u015eIYA<\/div>\n<div>\n<p>Nkunku\u2019nun ard\u0131ndan Lookman\u2019da da ilerleme kaydedemeyen Sar\u0131-Lacivertliler\u2019in, Tottenham\u2019\u0131n y\u0131ld\u0131z\u0131n\u0131 listeye ald\u0131\u011f\u0131 kaydedildi. Ad\u0131 Galatasaray ile de an\u0131lan Tel i\u00e7in Fenerbah\u00e7e\u2019nin kiralama teklifi yapaca\u011f\u0131 belirtildi.<\/p>\n<p>Frans\u0131z y\u0131ld\u0131z, istedi\u011fi s\u00fcreyi alamad\u0131\u011f\u0131 i\u00e7in Tottenham\u2019dan ayr\u0131lmak istiyor. \u0130ngiltere\u2019nin \u00f6nde gelen gazetelerinden The Guardian\u2019da yer alan habere g\u00f6re Tel i\u00e7in Fenerbah\u00e7e, Galatasaray ve Paris FC devrede. 3 tak\u0131m\u0131n da 20 ya\u015f\u0131ndaki h\u00fccum oyuncusunu sezon sonuna kadar kiralamak istedi\u011fi belirtildi.<\/p>\n<p>Haberde Tottenham\u2019\u0131n Tel\u2019i tak\u0131mda tutmay\u0131 planlad\u0131\u011f\u0131, ancak Frans\u0131z y\u0131ld\u0131z\u0131n ayr\u0131l\u0131k konusunda \u0131srarc\u0131 oldu\u011fu vurguland\u0131. Gen\u00e7 yetenek, ge\u00e7en sezon Bayern M\u00fcnih\u2019ten kiraland\u0131ktan sonra anla\u015fmadaki madde gere\u011fi 35 milyon Euro\u2019ya bonservisi al\u0131nd\u0131. Mathys Tel bu sezon 19 resmi ma\u00e7ta 685 dakika s\u00fcre alabildi, 3 gol att\u0131.<\/p>\n<p><img decoding=\"async\" src=\"https:\/\/kamucalisani.net\/wp-content\/uploads\/2026\/01\/canli-transfer-lookman-bombasi-fenerbahce-istiyordu-galatasaray-devrede-7-cwcPeRuN.jpg\"\/><\/img><\/p>\n<p>\u00a0<\/p>\n<\/div>\n<\/div>\n<\/div>\n<\/section>\n<p><\/p>\n<p>Kaynak :\u00a0<span style=\"background-color: rgb(255, 249, 236); color: rgb(55, 58, 60); font-size: 14px;\">http:\/\/www.milliyet.com.tr\/skorer\/live-lookman-bombasi-fenerbahce-istiyordu-galatasaray-devrede-7520035<\/span><\/p>\n","protected":false},"excerpt":{"rendered":"<p>S\u00fcper Lig&#8217;de k\u0131\u015f transfer d\u00f6nemi resmen ba\u015flarken kul\u00fcpler kadrolar\u0131na takviye yapmak i\u00e7in hummal\u0131 bir bi\u00e7imde transfer \u00e7al\u0131\u015fmalar\u0131n\u0131 s\u00fcrd\u00fcr\u00fcyor. G\u00fcn\u00fcn \u00f6ne \u00e7\u0131kan transfer haberlerini sizler i\u00e7in derledik.<\/p>\n","protected":false},"author":1,"featured_media":167700,"comment_status":"open","ping_status":"open","sticky":false,"template":"","format":"standard","meta":{"footnotes":""},"categories":[7],"tags":[11009,257,292,1235,589],"class_list":["post-167699","post","type-post","status-publish","format-standard","has-post-thumbnail","hentry","category-spor","tag-13-ocak","tag-galatasaray","tag-lig","tag-sozlesme","tag-transfer"],"_links":{"self":[{"href":"https:\/\/kamucalisani.net\/index.php\/wp-json\/wp\/v2\/posts\/167699","targetHints":{"allow":["GET"]}}],"collection":[{"href":"https:\/\/kamucalisani.net\/index.php\/wp-json\/wp\/v2\/posts"}],"about":[{"href":"https:\/\/kamucalisani.net\/index.php\/wp-json\/wp\/v2\/types\/post"}],"author":[{"embeddable":true,"href":"https:\/\/kamucalisani.net\/index.php\/wp-json\/wp\/v2\/users\/1"}],"replies":[{"embeddable":true,"href":"https:\/\/kamucalisani.net\/index.php\/wp-json\/wp\/v2\/comments?post=167699"}],"version-history":[{"count":1,"href":"https:\/\/kamucalisani.net\/index.php\/wp-json\/wp\/v2\/posts\/167699\/revisions"}],"predecessor-version":[{"id":167709,"href":"https:\/\/kamucalisani.net\/index.php\/wp-json\/wp\/v2\/posts\/167699\/revisions\/167709"}],"wp:featuredmedia":[{"embeddable":true,"href":"https:\/\/kamucalisani.net\/index.php\/wp-json\/wp\/v2\/media\/167700"}],"wp:attachment":[{"href":"https:\/\/kamucalisani.net\/index.php\/wp-json\/wp\/v2\/media?parent=167699"}],"wp:term":[{"taxonomy":"category","embeddable":true,"href":"https:\/\/kamucalisani.net\/index.php\/wp-json\/wp\/v2\/categories?post=167699"},{"taxonomy":"post_tag","embeddable":true,"href":"https:\/\/kamucalisani.net\/index.php\/wp-json\/wp\/v2\/tags?post=167699"}],"curies":[{"name":"wp","href":"https:\/\/api.w.org\/{rel}","templated":true}]}}