{"id":167994,"date":"2026-01-14T02:24:10","date_gmt":"2026-01-14T02:24:10","guid":{"rendered":"https:\/\/kamucalisani.net\/?p=167994"},"modified":"2026-01-14T02:24:10","modified_gmt":"2026-01-14T02:24:10","slug":"kadikoyde-apartmanda-yangin-1i-agir-8-yarali","status":"publish","type":"post","link":"https:\/\/kamucalisani.net\/index.php\/2026\/01\/14\/kadikoyde-apartmanda-yangin-1i-agir-8-yarali\/","title":{"rendered":"Kad\u0131k\u00f6y&#8217;de apartmanda yang\u0131n! 1&#8217;i a\u011f\u0131r 8 yaral\u0131"},"content":{"rendered":"<p><p>Ac\u0131badem Mahallesi Ha\u015fim Bey Sokak&#8217;ta 4 katl\u0131 binan\u0131n giri\u015f kat\u0131nda hen\u00fcz bilinmeyen bir nedenle \u00e7\u0131kan yang\u0131n, k\u0131sa s\u00fcrede evin tamam\u0131n\u0131 sard\u0131.<\/p>\n<p>\u00dcst katlarda mahsur kalanlar\u0131n baz\u0131lar\u0131 binadan kendi imkanlar\u0131yla d\u0131\u015far\u0131 \u00e7\u0131karken, baz\u0131lar\u0131 balkon ve camlar\u0131 a\u00e7arak hava almaya \u00e7al\u0131\u015ft\u0131.\u0130hbar \u00fczerine belirtilen adrese itfaiye, polis ve sa\u011fl\u0131k ekipleri sevk edildi.<\/p>\n<div>\n<div><img decoding=\"async\" src=\"https:\/\/kamucalisani.net\/wp-content\/uploads\/2026\/01\/kadikoyde-apartmanda-yangin-1i-agir-8-yarali-0-f1Delvz7.jpg\"\/><\/img><\/div>\n<\/div>\n<p><strong>1&#8217;\u0130 A\u011eIR 8 YARALI HASTANEYE KALDIRILDI<\/strong><br \/>Yap\u0131lan \u00e7al\u0131\u015fmalar sonucu \u00fcst katlarda mahsur kalanlar itfaiyenin merdiveniyle a\u015fa\u011f\u0131 indirildi.<br \/>Yang\u0131n\u0131n \u00e7\u0131kt\u0131\u011f\u0131 dairede 2 k\u0131z\u0131yla mahsur kalan ve y\u00fcr\u00fcme g\u00fc\u00e7l\u00fc\u011f\u00fc \u00e7eken ya\u015fl\u0131 bir ki\u015fi itfaiye ekiplerince d\u0131\u015far\u0131 \u00e7\u0131kar\u0131ld\u0131.<\/p>\n<p>Aralar\u0131nda \u00e7ocuklar\u0131n da bulundu\u011fu 1&#8217;i a\u011f\u0131r, 8 yaral\u0131 ambulanslarla hastaneye kald\u0131r\u0131ld\u0131.<br \/>Ekiplerin m\u00fcdahalesiyle yakla\u015f\u0131k bir saatte yang\u0131n kontrol alt\u0131na al\u0131narak s\u00f6nd\u00fcr\u00fcld\u00fc.<\/p>\n\n<p><\/p>\n<p>Kaynak :\u00a0<span style=\"background-color: rgb(255, 249, 236); color: rgb(55, 58, 60); font-size: 14px;\">http:\/\/www.milliyet.com.tr\/gundem\/kadikoyde-apartmanda-yangin-1i-agir-8-yarali-7520686<\/span><\/p>\n","protected":false},"excerpt":{"rendered":"<p>\u0130stanbul&#8217;un Kad\u0131k\u00f6y il\u00e7esinde bir apartmanda \u00e7\u0131kan yang\u0131nda yaralanan 1&#8217;i a\u011f\u0131r 8 ki\u015fi tedavi alt\u0131na al\u0131nd\u0131.<\/p>\n","protected":false},"author":1,"featured_media":167995,"comment_status":"open","ping_status":"open","sticky":false,"template":"","format":"standard","meta":{"footnotes":""},"categories":[3],"tags":[],"class_list":["post-167994","post","type-post","status-publish","format-standard","has-post-thumbnail","hentry","category-guncel"],"_links":{"self":[{"href":"https:\/\/kamucalisani.net\/index.php\/wp-json\/wp\/v2\/posts\/167994","targetHints":{"allow":["GET"]}}],"collection":[{"href":"https:\/\/kamucalisani.net\/index.php\/wp-json\/wp\/v2\/posts"}],"about":[{"href":"https:\/\/kamucalisani.net\/index.php\/wp-json\/wp\/v2\/types\/post"}],"author":[{"embeddable":true,"href":"https:\/\/kamucalisani.net\/index.php\/wp-json\/wp\/v2\/users\/1"}],"replies":[{"embeddable":true,"href":"https:\/\/kamucalisani.net\/index.php\/wp-json\/wp\/v2\/comments?post=167994"}],"version-history":[{"count":1,"href":"https:\/\/kamucalisani.net\/index.php\/wp-json\/wp\/v2\/posts\/167994\/revisions"}],"predecessor-version":[{"id":167997,"href":"https:\/\/kamucalisani.net\/index.php\/wp-json\/wp\/v2\/posts\/167994\/revisions\/167997"}],"wp:featuredmedia":[{"embeddable":true,"href":"https:\/\/kamucalisani.net\/index.php\/wp-json\/wp\/v2\/media\/167995"}],"wp:attachment":[{"href":"https:\/\/kamucalisani.net\/index.php\/wp-json\/wp\/v2\/media?parent=167994"}],"wp:term":[{"taxonomy":"category","embeddable":true,"href":"https:\/\/kamucalisani.net\/index.php\/wp-json\/wp\/v2\/categories?post=167994"},{"taxonomy":"post_tag","embeddable":true,"href":"https:\/\/kamucalisani.net\/index.php\/wp-json\/wp\/v2\/tags?post=167994"}],"curies":[{"name":"wp","href":"https:\/\/api.w.org\/{rel}","templated":true}]}}