{"id":168015,"date":"2026-01-14T04:30:09","date_gmt":"2026-01-14T04:30:09","guid":{"rendered":"https:\/\/kamucalisani.net\/?p=168015"},"modified":"2026-01-14T04:30:09","modified_gmt":"2026-01-14T04:30:09","slug":"gokmene-ozur-borcunuz-var","status":"publish","type":"post","link":"https:\/\/kamucalisani.net\/index.php\/2026\/01\/14\/gokmene-ozur-borcunuz-var\/","title":{"rendered":"G\u00f6kmen&#8217;e \u00f6z\u00fcr borcunuz var"},"content":{"rendered":"<p><p>G\u00f6kmen \u00d6zdenak\u2019\u0131n \u00f6l\u00fcm\u00fc, 2025\u2019i belle\u011fime \u201columsuz\u201d bir y\u0131l olarak kilitledi. I\u015f\u0131klarda uyusun sevgili dostum\u2026Yar\u0131m asr\u0131 \u00e7oktan geride b\u0131rakm\u0131\u015f dostlu\u011fumuzda unutulmaz an\u0131lar biriktirmi\u015ftim. En unutamad\u0131klar\u0131mdan biri de Fenerbah\u00e7e &#8211; Galatasaray ma\u00e7\u0131 \u00f6ncesi G\u00f6kmen\u2019i al\u0131p Kurba\u011fal\u0131dere\u2019deki Fenerbah\u00e7e antrenman\u0131na g\u00f6t\u00fcrmem oldu. Ayak parmaklar\u0131n\u0131n ucunda y\u00fckselerek duvar\u0131n \u00fcst\u00fcnden \u201c\u00e7akt\u0131rmadan\u201d (!) idman\u0131 izlerken efsane arkada\u015f\u0131 Cemil Turan\u2019\u0131 g\u00f6rd\u00fc: \u201cYaaa karde\u015fim o topa plase vuracaks\u0131n. Haydi \u00e7al\u0131\u015f, \u00e7al\u0131\u015f!\u201d G\u00fclerek el sallad\u0131 Cemil\u2026 Bizim \u201cgizli takip\u201d (!) i\u015fi de \u201calenen g\u0131rg\u0131ra\u201d d\u00f6n\u00fc\u015ft\u00fc.<\/p>\n<p>Baba Osman \u00d6zdenak, karde\u015fleri Yasin ve Do\u011fan\u2019la da dosttum. Valide han\u0131mefendinin de o\u011flu G\u00f6kmen\u2019e \u201cGit, Attila beyi sofraya getir\u201d talimat\u0131n\u0131 unutamam. \u00d6zdenak ailesinin de\u011ferini ve sars\u0131lmaz ba\u011flar\u0131n\u0131 o g\u00fcn bir kez daha g\u00f6zlemledim.<\/p>\n<p>G\u00f6kmen \u00d6zdenak\u2019la \u00e7ok an\u0131m var. Uzatacak yerim ve keyfim yok. Bu yaz\u0131y\u0131 niye yazd\u0131m?<\/p>\n<p>S\u00fcper Kupa finali: Fenerbah\u00e7e trib\u00fcn\u00fcndeki gen\u00e7ler tan\u0131mam\u0131\u015f, duymam\u0131\u015f, bilmiyor olabilirler. Trib\u00fcnlerde heyecanl\u0131, ate\u015fli, taraftar gruplar\u0131, son y\u0131llar\u0131n hep gerginle\u015fen ma\u00e7 ortam\u0131nda tam da \u00d6zdenak i\u00e7in sayg\u0131 duru\u015fu yap\u0131l\u0131rken, m\u00fcnasebetsizlik, edepsizlik, sayg\u0131s\u0131zl\u0131k.. Ne derseniz deyin\u2026 K\u00fcf\u00fcr kafirle geleneklerin ve sosyal sorumluluklar\u0131n d\u0131\u015f\u0131na \u00e7\u0131k\u0131p vicdan sahiplerinin kalbini k\u0131rd\u0131lar. Buna akl\u0131 ba\u015f\u0131ndaki Fenerbah\u00e7eliler de dahil\u2026<\/p>\n<p>Uzun s\u00f6z\u00fcn k\u0131sas\u0131: O trib\u00fcnlerin G\u00f6kmen \u00d6zdenak\u2019a \u00f6z\u00fcr borcu var. Kad\u0131k\u00f6y\u2019deki ilk ma\u00e7ta Mert\u00e7e, yi\u011fit\u00e7e sayg\u0131y\u0131 anlatan bir bez afi\u015fle kendileriyle ve G\u00f6kmen\u2019le bar\u0131\u015fabilirler. Bunu bekliyorum.<\/p>\n<p><strong>Atat\u00fcrk Olimpiyat Stad\u0131: Her yerde, her zaman futbol! <\/strong><\/p>\n<p>Atat\u00fcrk Olimpiyat Stad\u0131, \u0130stanbul\u2019un oyunlara haz\u0131rl\u0131k s\u00fcrecinde soyut projelerin yan\u0131 s\u0131ra somut bir eserle de adayl\u0131\u011f\u0131n\u0131 desteklemek \u00fczere in\u015fa edildi. Projeden in\u015faya Paris\u2019teki Stade De France\u2019\u0131 yaratan MZRCVINCI, spor d\u00fcnyas\u0131nda mimarlar\u0131n, takdirini ve sayg\u0131s\u0131n\u0131 kazand\u0131. Ayn\u0131 firma \u0130stanbul Atat\u00fcrk Olimpiyat Stad\u0131\u2019n\u0131n projesini de \u00e7izdi.<\/p>\n<p>Sonras\u0131nda r\u00fczgar, ya\u011fmur, so\u011fuk hava \u015fikayetleriyle ula\u015f\u0131m sorunlar\u0131 y\u00fcz\u00fcnden baz\u0131 dostlar bu stad\u0131 hi\u00e7 sevemedi. Hemen her defas\u0131nda orada futbol oynanamad\u0131\u011f\u0131n\u0131 \u00f6ne s\u00fcren Okan Hocam\u0131z\u2019\u0131n \u015fikayetlerini tekrarlad\u0131\u011f\u0131na tan\u0131k olduk.<\/p>\n<p>Oysa 2005 ve 2023 \u015eampiyonlar Ligi finaline ev sahipli\u011fi yaparak \u00f6vg\u00fcler kazanan stad da Atat\u00fcrk Olimpiyat Stad\u0131\u2019yd\u0131. Baz\u0131 dostlar unuttu\u2026 O stad 2023\u2019de Spor Bakanl\u0131\u011f\u0131\u2019ndan TFF\u2019ye devredildi. Atletizm pisti kald\u0131r\u0131ld\u0131. Zemin 80 santimetre y\u00fckseltildi. Koca tesis futbolun emrine sunuldu. \u015eimdi kimseye yaranam\u0131yor. Stad\u0131 \u00f6n yarg\u0131larla ele\u015ftiren arkada\u015flar, \u00f6zellkle projeden in\u015fa s\u00fcrecine ge\u00e7ilirken nelerden vazge\u00e7ildi\u011fini, sonras\u0131nda r\u00fczgar m\u00fccadelesinin ironik hikayelerini \u00f6\u011frenebilirler. (Eski Devlet Bakan\u0131 dostum B\u00fclent Akarcal\u0131\u2019ya sayg\u0131yla te\u015fekk\u00fcr ediyorum.)<\/p>\n<p>Beyler, futbol d\u00fcnyan\u0131n her yerinde, her iklimde, her zeminde, her saat oynanan evrensel bir oyundur. Hi\u00e7 de\u011filse oyuna sayg\u0131 g\u00f6sterin!<\/p>\n<p><strong>\u00dc\u00e7 B\u00fcy\u00fckler\u2019in transfer halleri <\/strong><\/p>\n<p>Yeniden anla\u015f\u0131ld\u0131 ki transfer, federasyonlar\u0131n belirledi\u011fi tarihlerden \u00e7ok \u00f6nce haz\u0131rlanan senaryolar\u0131n ak\u0131l, proje ve para ile ger\u00e7ekle\u015fen en \u00f6nemli yat\u0131r\u0131m alan\u0131d\u0131r.<\/p>\n<p>K\u0131saca s\u00f6yleyelim: Fenerbah\u00e7e Musaba ve Guendouzi transferleriyle \u00e7ok isabetli nokta at\u0131\u015f\u0131 yapm\u0131\u015ft\u0131r.<\/p>\n<p>Galatasaray, vitesi bo\u015fa alm\u0131\u015f g\u00f6r\u00fcn\u00fcyor\u2026 Sessiz ve hareketsiz durdu\u011funa bakmay\u0131n. Gaza gelmeyin, enseyi karartmay\u0131n!<\/p>\n<p>Be\u015fikta\u015f\u2019a bakarsak\u2026 Oto galerisi gibi\u2026 Eskiler sat\u0131l\u0131yor da, garaja yeni ara\u00e7lar gelmiyor. Taraftar sab\u0131rla bekliyor.<\/p>\n\n<p><\/p>\n<p>Kaynak :\u00a0<span style=\"background-color: rgb(255, 249, 236); color: rgb(55, 58, 60); font-size: 14px;\">http:\/\/www.milliyet.com.tr\/skorer\/attila-gokce\/gokmene-ozur-borcunuz-var-7520582<\/span><\/p>\n","protected":false},"excerpt":{"rendered":"<p>G\u00f6kmen \u00d6zdenak\u2019\u0131n \u00f6l\u00fcm\u00fc, 2025\u2019i belle\u011fime \u201columsuz\u201d bir y\u0131l olarak kilitledi. I\u015f\u0131klarda uyusun sevgili dostum\u2026Yar\u0131m asr\u0131 \u00e7oktan geride b\u0131rakm\u0131\u015f dostlu\u011fumuzda unutulmaz an\u0131lar biriktirmi\u015ftim. En unutamad\u0131klar\u0131mdan biri de Fenerbah\u00e7e &#8211; Galatasaray ma\u00e7\u0131 &#8230;<\/p>\n","protected":false},"author":1,"featured_media":168016,"comment_status":"open","ping_status":"open","sticky":false,"template":"","format":"standard","meta":{"footnotes":""},"categories":[7],"tags":[4518,10644,760,4658,1124],"class_list":["post-168015","post","type-post","status-publish","format-standard","has-post-thumbnail","hentry","category-spor","tag-gokmen","tag-ozdenak","tag-proje","tag-saygi","tag-stadi"],"_links":{"self":[{"href":"https:\/\/kamucalisani.net\/index.php\/wp-json\/wp\/v2\/posts\/168015","targetHints":{"allow":["GET"]}}],"collection":[{"href":"https:\/\/kamucalisani.net\/index.php\/wp-json\/wp\/v2\/posts"}],"about":[{"href":"https:\/\/kamucalisani.net\/index.php\/wp-json\/wp\/v2\/types\/post"}],"author":[{"embeddable":true,"href":"https:\/\/kamucalisani.net\/index.php\/wp-json\/wp\/v2\/users\/1"}],"replies":[{"embeddable":true,"href":"https:\/\/kamucalisani.net\/index.php\/wp-json\/wp\/v2\/comments?post=168015"}],"version-history":[{"count":1,"href":"https:\/\/kamucalisani.net\/index.php\/wp-json\/wp\/v2\/posts\/168015\/revisions"}],"predecessor-version":[{"id":168017,"href":"https:\/\/kamucalisani.net\/index.php\/wp-json\/wp\/v2\/posts\/168015\/revisions\/168017"}],"wp:featuredmedia":[{"embeddable":true,"href":"https:\/\/kamucalisani.net\/index.php\/wp-json\/wp\/v2\/media\/168016"}],"wp:attachment":[{"href":"https:\/\/kamucalisani.net\/index.php\/wp-json\/wp\/v2\/media?parent=168015"}],"wp:term":[{"taxonomy":"category","embeddable":true,"href":"https:\/\/kamucalisani.net\/index.php\/wp-json\/wp\/v2\/categories?post=168015"},{"taxonomy":"post_tag","embeddable":true,"href":"https:\/\/kamucalisani.net\/index.php\/wp-json\/wp\/v2\/tags?post=168015"}],"curies":[{"name":"wp","href":"https:\/\/api.w.org\/{rel}","templated":true}]}}