{"id":168433,"date":"2026-01-14T15:00:10","date_gmt":"2026-01-14T15:00:10","guid":{"rendered":"https:\/\/kamucalisani.net\/?p=168433"},"modified":"2026-01-14T15:00:10","modified_gmt":"2026-01-14T15:00:10","slug":"luks-sitedeki-dehsetin-goruntuleri-ortaya-cikti-kargo-bomba-elinde-patladi","status":"publish","type":"post","link":"https:\/\/kamucalisani.net\/index.php\/2026\/01\/14\/luks-sitedeki-dehsetin-goruntuleri-ortaya-cikti-kargo-bomba-elinde-patladi\/","title":{"rendered":"L\u00fcks sitedeki deh\u015fetin g\u00f6r\u00fcnt\u00fcleri ortaya \u00e7\u0131kt\u0131! Kargo bomba elinde patlad\u0131"},"content":{"rendered":"<p><p>Olay, 11 Ocak Pazar g\u00fcn\u00fc saat 13.30 s\u0131ralar\u0131nda Zeytinburnu Kazl\u0131\u00e7e\u015fme Mahallesi&#8217;nde bulunan bir sitede meydana geldi. \u0130ddiaya g\u00f6re, site giri\u015findeki dan\u0131\u015fma noktas\u0131na kargo g\u00f6revlisi taraf\u0131ndan bir paket b\u0131rak\u0131ld\u0131. Sitenin g\u00fcvenlik kameralar\u0131n\u0131 izleyen EVA Grup b\u00fcnyesindeki \u00e7al\u0131\u015fanlar paketin \u015f\u00fcpheli oldu\u011funu de\u011ferlendirdi. Bunun \u00fczerine paket, \u00f6zel g\u00fcvenlik g\u00f6revlileri taraf\u0131ndan kontroll\u00fc \u015fekilde bulundu\u011fu alandan al\u0131narak kenara ta\u015f\u0131nd\u0131.<\/p>\n<p><strong>PAKET PATLADI, G\u00dcVENL\u0130K G\u00d6REVL\u0130S\u0130 YARALANDI<\/strong><\/p>\n<p>Kurye geldi\u011fi, paket sahibine bildirildi. Paket incelendi\u011fi s\u0131rada bilinmeyen bir nedenle b\u00fcy\u00fck bir g\u00fcr\u00fclt\u00fcyle patlad\u0131. Sesi duyan site sakinleri b\u00fcy\u00fck korku ya\u015farken, patlamada 2 g\u00fcvenlik g\u00f6revlisi hafif \u015fekilde yaraland\u0131. Olay yerine sa\u011fl\u0131k ve polis ekipleri sevk edildi. \u00c7evrede geni\u015f g\u00fcvenlik \u00f6nlemleri al\u0131n\u0131rken, yaral\u0131lar olay yerindeki ilk m\u00fcdahalenin ard\u0131ndan hastaneye kald\u0131r\u0131ld\u0131. Tedavileri tamamlanan g\u00fcvenlik g\u00f6revlileri hastaneden taburcu edildi. Olayla ilgili soru\u015fturma s\u00fcrerken, g\u00fcvenlik g\u00f6revlilerinin dikkati sayesinde facian\u0131n e\u015fi\u011finden d\u00f6n\u00fcld\u00fc.<\/p>\n<p><strong>PATLAMA ANI KAMERAYA YANSIDI<\/strong><\/p>\n<p>\u00d6te yandan paketin patlad\u0131\u011f\u0131 anlar\u0131 g\u00fcvenlik kameras\u0131 g\u00f6r\u00fcnt\u00fcleri ortaya \u00e7\u0131kt\u0131. G\u00f6r\u00fcnt\u00fclerde paketin adeta bomba gibi patlad\u0131\u011f\u0131, etrafa k\u0131v\u0131lc\u0131mlar sa\u00e7\u0131ld\u0131\u011f\u0131 g\u00f6r\u00fcl\u00fcyor. Paketin yak\u0131n\u0131nda bulunanlar\u0131n ise b\u00fcy\u00fck bir korkuyla ka\u00e7t\u0131klar\u0131 g\u00f6r\u00fcnt\u00fclere yans\u0131yor.<\/p>\n<div>\n<div><img decoding=\"async\" src=\"https:\/\/kamucalisani.net\/wp-content\/uploads\/2026\/01\/luks-sitedeki-dehsetin-goruntuleri-ortaya-cikti-kargo-bomba-elinde-patladi-0-PzYqHyrO.jpg\"\/><\/img><\/div>\n<\/div>\n<p><strong>&#8220;KUTUNUN GELD\u0130\u011e\u0130 DA\u0130RE SAK\u0130N\u0130 DE \u015e\u00dcPHELENEREK KUTUYU LOB\u0130DE A\u00c7MAK \u0130STED\u0130&#8221;<\/strong><\/p>\n<p>Olay\u0131n oldu\u011fu anlar\u0131 anlatan g\u00fcvenlik g\u00f6revlisi Harun Ark\u0131n, &#8220;Kurye geldi, daireyi s\u00f6yledi. Ben kutu geldi\u011finde kuryenin \u00fcst\u00fcnde herhangi bir \u015firketin armas\u0131 yoktu. Ben de olaydan \u015f\u00fcphe ettim. Kutunun geldi\u011fi daire sakini de \u015f\u00fcphelenerek kutuyu lobide a\u00e7mak istedi. Paketi inceldi\u011fi gibi patlama meydana geldi. G\u00f6z\u00fcmde ufak bir hasar var. Kula\u011f\u0131mda bir hasar oldu. \u00c7ok \u015f\u00fck\u00fcr \u015fu an sa\u011fl\u0131k durumum iyi&#8221; ifadelerini kulland\u0131.<\/p>\n<p>Olay an\u0131nda orada bulunan di\u011fer g\u00fcvenlik g\u00f6revlisi Berra K\u00f6se, &#8220;Biz paketten \u015f\u00fcphelenince aray\u0131p kendisini lobiye davet ettik. Daire sakini paketi lobide a\u00e7may\u0131 denedi. Ve olay ger\u00e7ekle\u015fti. Gelen kuryeden \u015f\u00fcphelendik&#8221; dedi.<\/p>\n<p><strong>FAC\u0130AYI \u00d6NLEYEN PERSONEL \u00d6D\u00dcLLEND\u0130R\u0130LD\u0130<\/strong><\/p>\n<p>Kendilerine verilen e\u011fitimler yard\u0131m\u0131yla paketin \u015f\u00fcpheli oldu\u011funu de\u011ferlendirerek faciay\u0131 \u00f6nleyen g\u00fcvenlik g\u00f6revlileri ise, firma taraf\u0131ndan \u00f6d\u00fcllendirildi. Olay\u0131n ard\u0131ndan a\u00e7\u0131klamalarda bulunan firman\u0131n Y\u00f6netim Kurulu Ba\u015fkan\u0131 Ali Ayd\u0131n, m\u00fcdahalenin k\u0131sa s\u00fcrede yerinde verilen e\u011fitimler ile d\u00fczenli yap\u0131lan tatbikatlar\u0131n etkili oldu\u011funu belirtti.<\/p>\n<p>Yap\u0131lan \u00e7al\u0131\u015fmalara ili\u015fkin konu\u015fan Ali Ayd\u0131n, &#8220;Daha \u00f6nce verdi\u011fimiz bomba e\u011fitimleri, yak\u0131n muharebe e\u011fitimleri, bunlar\u0131 bizzat sahada ya\u015fayarak g\u00f6r\u00fcyoruz. Bu \u00fcz\u00fcc\u00fc olay pazar g\u00fcn\u00fc saat 13.30 s\u0131ralar\u0131nda paketin g\u00fcvenlik g\u00f6revlisi arkada\u015flara teslim edilmesiyle ger\u00e7ekle\u015ftirildi. Daire sahibi paketi, bizim g\u00fcvenlik g\u00f6revlisi arkada\u015flar\u0131m\u0131zla a\u00e7arak paketin i\u00e7inde havai fi\u015fek olmas\u0131 hasebiyle iki tane arkada\u015f\u0131m\u0131z yaraland\u0131. Aksine bizim i\u00e7in \u00fcz\u00fcc\u00fc bir olayd\u0131. Biz olay\u0131n sonras\u0131nda binan\u0131n en h\u0131zl\u0131 \u015fekilde tahliye edilmesini, sonra g\u00fcvenlik \u00f6nlemini h\u0131zl\u0131 bir \u015fekilde alarak, olay\u0131 kontrol alt\u0131na ald\u0131k. Daha sonra arkada\u015flar\u0131m\u0131z\u0131 h\u0131zl\u0131 bir \u015fekilde hastaneye g\u00f6nderdik. 2 tane arkada\u015f\u0131m\u0131z hafif \u015fekilde yaraland\u0131. Biz \u00fcst\u00fcm\u00fcze d\u00fc\u015fen g\u00f6revi en iyi \u015fekilde yapt\u0131k. Arkada\u015flar\u0131m\u0131za te\u015fekk\u00fcr ediyoruz&#8221; dedi.<\/p>\n<div>\n<div><img decoding=\"async\" src=\"https:\/\/kamucalisani.net\/wp-content\/uploads\/2026\/01\/luks-sitedeki-dehsetin-goruntuleri-ortaya-cikti-kargo-bomba-elinde-patladi-1-vL4ZE64h.jpg\"\/><\/img><\/div>\n<\/div>\n<p><strong>&#8220;TEKNOLOJ\u0130YLE BERABER G\u00dcVENL\u0130\u011e\u0130 DAHA \u0130LER\u0130 SEV\u0130YEYE TA\u015eIDIK&#8221;<\/strong><\/p>\n<p>Ali Ayd\u0131n konu\u015fmas\u0131n\u0131n devam\u0131nda, &#8220;Daha \u00f6ncelerden \u00f6zel g\u00fcvenlik dedi\u011fimizde sadece noktada duran ve olay olduktan sonra m\u00fcdahale eden bir sekt\u00f6rd\u00fc. \u015eu an teknolojiyle beraber \u00f6zel g\u00fcvenlik sekt\u00f6r\u00fcn\u00fc birle\u015ftirdik. Teknolojiyle beraber g\u00fcvenli\u011fi daha ileri seviyeye ta\u015f\u0131d\u0131k. Bu ne demek olaylar olmadan \u00f6nce kameralarla, yapay zekayla, otomasyondaki g\u00f6revli arkada\u015flarla \u00f6zveriyle \u00e7al\u0131\u015fmas\u0131yla paketin \u015f\u00fcpheli oldu\u011fu daha \u00f6nceden tespit edilmi\u015fti. Kat malikini a\u015fa\u011f\u0131ya \u00e7a\u011f\u0131rd\u0131k, kat maliki paketi orada a\u00e7t\u0131. Maalesef olay orada ger\u00e7ekle\u015fti. Arkada\u015flar\u0131m\u0131za \u00fcst\u00fcn ba\u015far\u0131 belgelerini ve maddi desteklerimizi \u015firket olarak verdik&#8221; \u015feklinde konu\u015ftu.<\/p>\n\n<p><\/p>\n<p>Kaynak :\u00a0<span style=\"background-color: rgb(255, 249, 236); color: rgb(55, 58, 60); font-size: 14px;\">http:\/\/www.milliyet.com.tr\/gundem\/luks-sitedeki-dehsetin-goruntuleri-ortaya-cikti-kargo-bomba-elinde-patladi-7521121<\/span><\/p>\n","protected":false},"excerpt":{"rendered":"<p>\u0130stanbul&#8217;un Zeytinburnu il\u00e7esinde l\u00fcks sitede meydana gelen ve 2 g\u00fcvenlik g\u00f6revlisinin hafif \u015fekilde yaraland\u0131\u011f\u0131 kargo paketinin patlad\u0131\u011f\u0131 anlar\u0131n g\u00fcvenlik kameras\u0131 g\u00f6r\u00fcnt\u00fcleri ortaya \u00e7\u0131kt\u0131. G\u00f6r\u00fcnt\u00fclerde paketin bomba gibi patlad\u0131\u011f\u0131 anlar yer ald\u0131.<\/p>\n","protected":false},"author":1,"featured_media":168434,"comment_status":"open","ping_status":"open","sticky":false,"template":"","format":"standard","meta":{"footnotes":""},"categories":[3],"tags":[815,2170,377,3211,5801],"class_list":["post-168433","post","type-post","status-publish","format-standard","has-post-thumbnail","hentry","category-guncel","tag-gorevli","tag-guvenlik","tag-olay","tag-paket","tag-suphe"],"_links":{"self":[{"href":"https:\/\/kamucalisani.net\/index.php\/wp-json\/wp\/v2\/posts\/168433","targetHints":{"allow":["GET"]}}],"collection":[{"href":"https:\/\/kamucalisani.net\/index.php\/wp-json\/wp\/v2\/posts"}],"about":[{"href":"https:\/\/kamucalisani.net\/index.php\/wp-json\/wp\/v2\/types\/post"}],"author":[{"embeddable":true,"href":"https:\/\/kamucalisani.net\/index.php\/wp-json\/wp\/v2\/users\/1"}],"replies":[{"embeddable":true,"href":"https:\/\/kamucalisani.net\/index.php\/wp-json\/wp\/v2\/comments?post=168433"}],"version-history":[{"count":1,"href":"https:\/\/kamucalisani.net\/index.php\/wp-json\/wp\/v2\/posts\/168433\/revisions"}],"predecessor-version":[{"id":168437,"href":"https:\/\/kamucalisani.net\/index.php\/wp-json\/wp\/v2\/posts\/168433\/revisions\/168437"}],"wp:featuredmedia":[{"embeddable":true,"href":"https:\/\/kamucalisani.net\/index.php\/wp-json\/wp\/v2\/media\/168434"}],"wp:attachment":[{"href":"https:\/\/kamucalisani.net\/index.php\/wp-json\/wp\/v2\/media?parent=168433"}],"wp:term":[{"taxonomy":"category","embeddable":true,"href":"https:\/\/kamucalisani.net\/index.php\/wp-json\/wp\/v2\/categories?post=168433"},{"taxonomy":"post_tag","embeddable":true,"href":"https:\/\/kamucalisani.net\/index.php\/wp-json\/wp\/v2\/tags?post=168433"}],"curies":[{"name":"wp","href":"https:\/\/api.w.org\/{rel}","templated":true}]}}