{"id":168580,"date":"2026-01-14T18:30:09","date_gmt":"2026-01-14T18:30:09","guid":{"rendered":"https:\/\/kamucalisani.net\/?p=168580"},"modified":"2026-01-14T18:30:09","modified_gmt":"2026-01-14T18:30:09","slug":"son-dakika-bakan-yumaklidan-cnn-turkte-onemli-aciklamalar-oncelik-her-zaman-icme-suyundadir","status":"publish","type":"post","link":"https:\/\/kamucalisani.net\/index.php\/2026\/01\/14\/son-dakika-bakan-yumaklidan-cnn-turkte-onemli-aciklamalar-oncelik-her-zaman-icme-suyundadir\/","title":{"rendered":"SON DAK\u0130KA! Bakan Yumakl\u0131&#8217;dan CNN T\u00fcrk&#8217;te \u00f6nemli a\u00e7\u0131klamalar! &#8216;\u00d6ncelik her zaman i\u00e7me suyundad\u0131r&#8217;"},"content":{"rendered":"<p><p>Tar\u0131m ve Orman Bakan\u0131 \u0130brahim Yumakl\u0131, CNN T\u00fcrk&#8217;te Tarafs\u0131z B\u00f6lge program\u0131nda g\u00fcndeme dair \u00f6nemli a\u00e7\u0131klamalarda bulunuyor. Bakan Yumakl\u0131 Ankara&#8217;da su krizi polemi\u011fine ili\u015fkin de detaylar\u0131 anlatt\u0131.<\/p>\n<p>Devlet Su \u0130\u015fleri&#8217;nin pek \u00e7ok \u00fclkede \u00f6rnek al\u0131nan bir kurum oldu\u011funu belirten Bakan Yumakl\u0131, &#8216;\u0130mza eserlerin \u00e7o\u011funu bizim m\u00fchendislerimiz yapt\u0131. \u00d6rne\u011fin Yusufeli Baraj\u0131. En son \u00f6rnek olarak bunu diyebilirim.&#8217; dedi.<\/p>\n<p><strong>T\u00dcRK\u0130YE&#8217;DE SUYUN SEKT\u00d6RLERE G\u00d6RE KULLANIMI<\/strong><\/p>\n<p><em>Suyun kullan\u0131m\u0131nda \u00f6ncelik s\u0131ras\u0131:<\/em><\/p>\n<p>1 &#8211; \u0130\u00e7me ve kullanma suyu ihtiyac\u0131<br \/>2 &#8211; \u00c7evresel su ihtiyac\u0131<br \/>3 &#8211; Tar\u0131msal sulama ve su \u00fcr\u00fcnleri yeti\u015ftiricili\u011fi<br \/>4 &#8211; Enerji \u00fcretimi ve s\u0131nai su ihtiya\u00e7lar\u0131<br \/>5 &#8211; Ticari, turizm, rekreasyon, madencilik, ta\u015f\u0131ma, ula\u015f\u0131m ile sair su ihtiya\u00e7lar\u0131<\/p>\n\n<p><\/p>\n<p>Kaynak :\u00a0<span style=\"background-color: rgb(255, 249, 236); color: rgb(55, 58, 60); font-size: 14px;\">http:\/\/www.milliyet.com.tr\/gundem\/son-dakika-bakan-yumaklidan-cnn-turkte-onemli-aciklamalar-oncelik-her-zaman-icme-suyundadir-7521202<\/span><\/p>\n","protected":false},"excerpt":{"rendered":"<p>Tar\u0131m ve Orman Bakan\u0131 \u0130brahim Yumakl\u0131, CNN T\u00fcrk&#8217;te Tarafs\u0131z B\u00f6lge program\u0131nda g\u00fcndeme dair \u00f6nemli a\u00e7\u0131klamalarda bulunuyor. Bakan Yumakl\u0131 Ankara&#8217;da su krizi polemi\u011fine ili\u015fkin de detaylar\u0131 anlatt\u0131.<\/p>\n","protected":false},"author":1,"featured_media":168581,"comment_status":"open","ping_status":"open","sticky":false,"template":"","format":"standard","meta":{"footnotes":""},"categories":[3],"tags":[],"class_list":["post-168580","post","type-post","status-publish","format-standard","has-post-thumbnail","hentry","category-guncel"],"_links":{"self":[{"href":"https:\/\/kamucalisani.net\/index.php\/wp-json\/wp\/v2\/posts\/168580","targetHints":{"allow":["GET"]}}],"collection":[{"href":"https:\/\/kamucalisani.net\/index.php\/wp-json\/wp\/v2\/posts"}],"about":[{"href":"https:\/\/kamucalisani.net\/index.php\/wp-json\/wp\/v2\/types\/post"}],"author":[{"embeddable":true,"href":"https:\/\/kamucalisani.net\/index.php\/wp-json\/wp\/v2\/users\/1"}],"replies":[{"embeddable":true,"href":"https:\/\/kamucalisani.net\/index.php\/wp-json\/wp\/v2\/comments?post=168580"}],"version-history":[{"count":1,"href":"https:\/\/kamucalisani.net\/index.php\/wp-json\/wp\/v2\/posts\/168580\/revisions"}],"predecessor-version":[{"id":168582,"href":"https:\/\/kamucalisani.net\/index.php\/wp-json\/wp\/v2\/posts\/168580\/revisions\/168582"}],"wp:featuredmedia":[{"embeddable":true,"href":"https:\/\/kamucalisani.net\/index.php\/wp-json\/wp\/v2\/media\/168581"}],"wp:attachment":[{"href":"https:\/\/kamucalisani.net\/index.php\/wp-json\/wp\/v2\/media?parent=168580"}],"wp:term":[{"taxonomy":"category","embeddable":true,"href":"https:\/\/kamucalisani.net\/index.php\/wp-json\/wp\/v2\/categories?post=168580"},{"taxonomy":"post_tag","embeddable":true,"href":"https:\/\/kamucalisani.net\/index.php\/wp-json\/wp\/v2\/tags?post=168580"}],"curies":[{"name":"wp","href":"https:\/\/api.w.org\/{rel}","templated":true}]}}