{"id":168591,"date":"2026-01-14T18:48:10","date_gmt":"2026-01-14T18:48:10","guid":{"rendered":"https:\/\/kamucalisani.net\/?p=168591"},"modified":"2026-01-14T18:48:10","modified_gmt":"2026-01-14T18:48:10","slug":"son-dakika-afad-duyurdu-balikesirde-3-9-buyuklugunde-deprem","status":"publish","type":"post","link":"https:\/\/kamucalisani.net\/index.php\/2026\/01\/14\/son-dakika-afad-duyurdu-balikesirde-3-9-buyuklugunde-deprem\/","title":{"rendered":"Son dakika&#8230; AFAD duyurdu: Bal\u0131kesir&#8217;de 3.9 b\u00fcy\u00fckl\u00fc\u011f\u00fcnde deprem"},"content":{"rendered":"<p><p>Afet ve Acil Durum Y\u00f6netimi Ba\u015fkanl\u0131\u011f\u0131n\u0131n internet sitesinde yer alan bilgiye g\u00f6re, merkez \u00fcss\u00fc S\u0131nd\u0131rg\u0131 il\u00e7esi olan 3,9 b\u00fcy\u00fckl\u00fc\u011f\u00fcnde sars\u0131nt\u0131 kaydedildi.<\/p>\n<p>Depremin 7 kilometre derinlikte meydana geldi\u011fi belirlendi.<\/p>\n<p><p>\u00a0<\/p>\n<p>\u00a0<\/p>\n\n<p><\/p>\n<p>Kaynak :\u00a0<span style=\"background-color: rgb(255, 249, 236); color: rgb(55, 58, 60); font-size: 14px;\">http:\/\/www.milliyet.com.tr\/gundem\/son-dakika-afad-duyurdu-balikesirde-3-9-buyuklugunde-deprem-7521203<\/span><\/p>\n","protected":false},"excerpt":{"rendered":"<p>Bal\u0131kesir&#8217;in S\u0131nd\u0131rg\u0131 il\u00e7esinde saat 20.36&#8217;da 3.9 b\u00fcy\u00fckl\u00fc\u011f\u00fcnde deprem meydana geldi.<\/p>\n","protected":false},"author":1,"featured_media":168592,"comment_status":"open","ping_status":"open","sticky":false,"template":"","format":"standard","meta":{"footnotes":""},"categories":[3],"tags":[],"class_list":["post-168591","post","type-post","status-publish","format-standard","has-post-thumbnail","hentry","category-guncel"],"_links":{"self":[{"href":"https:\/\/kamucalisani.net\/index.php\/wp-json\/wp\/v2\/posts\/168591","targetHints":{"allow":["GET"]}}],"collection":[{"href":"https:\/\/kamucalisani.net\/index.php\/wp-json\/wp\/v2\/posts"}],"about":[{"href":"https:\/\/kamucalisani.net\/index.php\/wp-json\/wp\/v2\/types\/post"}],"author":[{"embeddable":true,"href":"https:\/\/kamucalisani.net\/index.php\/wp-json\/wp\/v2\/users\/1"}],"replies":[{"embeddable":true,"href":"https:\/\/kamucalisani.net\/index.php\/wp-json\/wp\/v2\/comments?post=168591"}],"version-history":[{"count":1,"href":"https:\/\/kamucalisani.net\/index.php\/wp-json\/wp\/v2\/posts\/168591\/revisions"}],"predecessor-version":[{"id":168593,"href":"https:\/\/kamucalisani.net\/index.php\/wp-json\/wp\/v2\/posts\/168591\/revisions\/168593"}],"wp:featuredmedia":[{"embeddable":true,"href":"https:\/\/kamucalisani.net\/index.php\/wp-json\/wp\/v2\/media\/168592"}],"wp:attachment":[{"href":"https:\/\/kamucalisani.net\/index.php\/wp-json\/wp\/v2\/media?parent=168591"}],"wp:term":[{"taxonomy":"category","embeddable":true,"href":"https:\/\/kamucalisani.net\/index.php\/wp-json\/wp\/v2\/categories?post=168591"},{"taxonomy":"post_tag","embeddable":true,"href":"https:\/\/kamucalisani.net\/index.php\/wp-json\/wp\/v2\/tags?post=168591"}],"curies":[{"name":"wp","href":"https:\/\/api.w.org\/{rel}","templated":true}]}}