{"id":169119,"date":"2026-01-15T14:48:12","date_gmt":"2026-01-15T14:48:12","guid":{"rendered":"https:\/\/kamucalisani.net\/?p=169119"},"modified":"2026-01-15T14:48:12","modified_gmt":"2026-01-15T14:48:12","slug":"imamoglunun-diploma-iptal-davasinda-yasanan-gerginlige-iliskin-sorusturma","status":"publish","type":"post","link":"https:\/\/kamucalisani.net\/index.php\/2026\/01\/15\/imamoglunun-diploma-iptal-davasinda-yasanan-gerginlige-iliskin-sorusturma\/","title":{"rendered":"\u0130mamo\u011flu&#8217;nun diploma iptal davas\u0131nda ya\u015fanan gerginli\u011fe ili\u015fkin soru\u015fturma"},"content":{"rendered":"<p><p>\u0130stanbul B\u00fcy\u00fck\u015fehir Belediye (\u0130BB) Ba\u015fkanl\u0131\u011f\u0131 g\u00f6revinden uzakla\u015ft\u0131r\u0131lan Ekrem \u0130mamo\u011flu&#8217;nun, avukatlar\u0131, diploman\u0131n iptaline kar\u015f\u0131 6 May\u0131s 2025&#8217;te \u0130stanbul 5. \u0130dare Mahkemesi&#8217;nde dava a\u00e7t\u0131. \u0130stanbul \u00dcniversitesi&#8217;nce \u0130mamo\u011flu&#8217;nun diplomas\u0131n\u0131n iptal edilmesine kar\u015f\u0131 y\u00fcr\u00fctmenin durdurulmas\u0131 talebiyle a\u00e7t\u0131\u011f\u0131 dava reddedildi.<\/p>\n<div>\n<div><img decoding=\"async\" src=\"https:\/\/kamucalisani.net\/wp-content\/uploads\/2026\/01\/imamoglunun-diploma-iptal-davasinda-yasanan-gerginlige-iliskin-sorusturma-0-HAufdRde.jpg\"\/><\/img><\/div>\n<\/div>\n<p>\u0130mamo\u011flu&#8217;nun, lisans diplomas\u0131n\u0131n iptal edilmesine ili\u015fkin karara kar\u015f\u0131 a\u00e7t\u0131\u011f\u0131 davan\u0131n duru\u015fmas\u0131 \u0130stanbul 5. \u0130dare Mahkemesi&#8217;nde g\u00f6r\u00fclmesi gerekirken, salon kapasitesinin yetersiz olmas\u0131 sebebiyle Marmara Ceza \u0130nfaz Kurumu kar\u015f\u0131s\u0131nda bulunan duru\u015fma salonunda g\u00f6r\u00fcl\u00fcyor.\u00a0<\/p>\n<div>\n<div><img decoding=\"async\" src=\"https:\/\/kamucalisani.net\/wp-content\/uploads\/2026\/01\/imamoglunun-diploma-iptal-davasinda-yasanan-gerginlige-iliskin-sorusturma-1-jpP5mtH9.jpg\"\/><\/img><\/div>\n<\/div>\n<p><strong>\u0130MAMO\u011eLU DURU\u015eMAYA \u0130LK KEZ KATILDI<\/strong><\/p>\n<p>Saat 11.30 s\u0131ralar\u0131nda ba\u015flayan duru\u015fmada davac\u0131 \u0130mamo\u011flu, duru\u015fmaya ilk kez fiziki olarak kat\u0131ld\u0131 ve s\u00f6zl\u00fc itirazda bulundu. Duru\u015fmaya CHP Genel Ba\u015fkan\u0131 \u00d6zg\u00fcr \u00d6zel, CHP \u0130stanbul \u0130l Ba\u015fkan\u0131 \u00d6zg\u00fcr \u00c7elik, \u0130BB Ba\u015fkanvekili Nuri Aslan, Dilek \u0130mamo\u011flu da kat\u0131l\u0131yor. CHP Genel Ba\u015fkan\u0131 \u00d6zg\u00fcr \u00d6zel duru\u015fmaya kat\u0131lmak i\u00e7in saat 11.00 s\u0131ralar\u0131nda Silivri&#8217;de bulunan Marmara Kapal\u0131 Ceza \u0130nfaz Kurumu&#8217;na geldi.\u00a0<\/p>\n<div>\n<div><img decoding=\"async\" src=\"https:\/\/kamucalisani.net\/wp-content\/uploads\/2026\/01\/imamoglunun-diploma-iptal-davasinda-yasanan-gerginlige-iliskin-sorusturma-2-8OxTbKu4.jpg\"\/><\/img><\/div>\n<\/div>\n<p><strong>BA\u015eSAVCILIK TARAFINDAN RESEN SORU\u015eTURMA BA\u015eLATILDI<\/strong><\/p>\n<p>Bak\u0131rk\u00f6y Cumhuriyet Ba\u015fsavc\u0131l\u0131\u011f\u0131 duru\u015fma \u00f6ncesi ya\u015fanan olaylara ili\u015fkin resen soru\u015fturma ba\u015flad\u0131\u011f\u0131n\u0131 duyurdu. Ba\u015fsavc\u0131l\u0131ktan yap\u0131lan a\u00e7\u0131klamada, &#8220;Marmara Ceza \u0130nfaz Kurumlar\u0131 Yerle\u015fkesinde, jandarma personeline y\u00f6nelik olarak 15.01.2026 tarihinde ger\u00e7ekle\u015ftirilen mukavemet ve hakaret te\u015fkil eden eylemlere ili\u015fkin, Cumhuriyet Ba\u015fsavc\u0131l\u0131\u011f\u0131m\u0131zca resen soru\u015fturma ba\u015flat\u0131lm\u0131\u015ft\u0131r&#8221; ifadeleri kullan\u0131ld\u0131. (DHA)<\/p>\n<div>\n<div><img decoding=\"async\" src=\"https:\/\/kamucalisani.net\/wp-content\/uploads\/2026\/01\/imamoglunun-diploma-iptal-davasinda-yasanan-gerginlige-iliskin-sorusturma-3-h93kDPdN.jpg\"\/><\/img><\/div>\n<\/div>\n<p><\/p>\n<p>Kaynak :\u00a0<span style=\"background-color: rgb(255, 249, 236); color: rgb(55, 58, 60); font-size: 14px;\">http:\/\/www.milliyet.com.tr\/gundem\/imamoglunun-diploma-iptal-davasinda-yasanan-gerginlige-iliskin-sorusturma-7521753<\/span><\/p>\n","protected":false},"excerpt":{"rendered":"<p>\u0130BB Ba\u015fkanl\u0131\u011f\u0131 g\u00f6revinden uzakla\u015ft\u0131r\u0131lan Ekrem \u0130mamo\u011flu&#8217;nun, lisans diplomas\u0131n\u0131n iptal edilmesine kar\u015f\u0131 a\u00e7t\u0131\u011f\u0131 davan\u0131n duru\u015fmas\u0131 Silivri&#8217;de g\u00f6r\u00fcl\u00fcyor. Duru\u015fma \u00f6ncesi g\u00fcvenlik barikat\u0131n\u0131 a\u015f\u0131p i\u00e7eri girmek isteyenlerle jandarma ekipleri aras\u0131nda gerginlik ya\u015fand\u0131. Olaya ili\u015fkin Bak\u0131rk\u00f6y Cumhuriyet Ba\u015fsavc\u0131l\u0131\u011f\u0131 taraf\u0131ndan resen soru\u015fturma ba\u015flat\u0131ld\u0131.<\/p>\n","protected":false},"author":1,"featured_media":169120,"comment_status":"open","ping_status":"open","sticky":false,"template":"","format":"standard","meta":{"footnotes":""},"categories":[3],"tags":[1168,2650,179],"class_list":["post-169119","post","type-post","status-publish","format-standard","has-post-thumbnail","hentry","category-guncel","tag-durusma","tag-imamoglu","tag-istanbul"],"_links":{"self":[{"href":"https:\/\/kamucalisani.net\/index.php\/wp-json\/wp\/v2\/posts\/169119","targetHints":{"allow":["GET"]}}],"collection":[{"href":"https:\/\/kamucalisani.net\/index.php\/wp-json\/wp\/v2\/posts"}],"about":[{"href":"https:\/\/kamucalisani.net\/index.php\/wp-json\/wp\/v2\/types\/post"}],"author":[{"embeddable":true,"href":"https:\/\/kamucalisani.net\/index.php\/wp-json\/wp\/v2\/users\/1"}],"replies":[{"embeddable":true,"href":"https:\/\/kamucalisani.net\/index.php\/wp-json\/wp\/v2\/comments?post=169119"}],"version-history":[{"count":1,"href":"https:\/\/kamucalisani.net\/index.php\/wp-json\/wp\/v2\/posts\/169119\/revisions"}],"predecessor-version":[{"id":169125,"href":"https:\/\/kamucalisani.net\/index.php\/wp-json\/wp\/v2\/posts\/169119\/revisions\/169125"}],"wp:featuredmedia":[{"embeddable":true,"href":"https:\/\/kamucalisani.net\/index.php\/wp-json\/wp\/v2\/media\/169120"}],"wp:attachment":[{"href":"https:\/\/kamucalisani.net\/index.php\/wp-json\/wp\/v2\/media?parent=169119"}],"wp:term":[{"taxonomy":"category","embeddable":true,"href":"https:\/\/kamucalisani.net\/index.php\/wp-json\/wp\/v2\/categories?post=169119"},{"taxonomy":"post_tag","embeddable":true,"href":"https:\/\/kamucalisani.net\/index.php\/wp-json\/wp\/v2\/tags?post=169119"}],"curies":[{"name":"wp","href":"https:\/\/api.w.org\/{rel}","templated":true}]}}