{"id":169298,"date":"2026-01-15T18:54:10","date_gmt":"2026-01-15T18:54:10","guid":{"rendered":"https:\/\/kamucalisani.net\/?p=169298"},"modified":"2026-01-15T18:54:10","modified_gmt":"2026-01-15T18:54:10","slug":"galatasaraydan-fenerbahceye-mert-hakan-cevabi","status":"publish","type":"post","link":"https:\/\/kamucalisani.net\/index.php\/2026\/01\/15\/galatasaraydan-fenerbahceye-mert-hakan-cevabi\/","title":{"rendered":"Galatasaray&#8217;dan Fenerbah\u00e7e&#8217;ye Mert Hakan cevab\u0131!"},"content":{"rendered":"<p><p>Galatasaray Kul\u00fcb\u00fc, Fenerbah\u00e7e Kul\u00fcb\u00fc&#8217;n\u00fcn Mert Hakan Yanda\u015f ile ilgili yapt\u0131\u011f\u0131 a\u00e7\u0131klamaya cevap verdi.<\/p>\n<p><strong>Sar\u0131-k\u0131rm\u0131z\u0131l\u0131 kul\u00fcpten konuyla ilgili yap\u0131lan a\u00e7\u0131klama \u015fu \u015fekilde:<\/strong><\/p>\n<p>9.05.2024 tarihli Galatasaray-Fenerbah\u00e7e m\u00fcsabakas\u0131n\u0131n ard\u0131ndan Ali Sami Yen Spor Kompleksi RAMS Park\u2019ta ger\u00e7ekle\u015fen olaylara ili\u015fkin olarak Stat \u0130\u015fletme Direkt\u00f6r\u00fcm\u00fcz Ali \u00c7elikk\u0131ran\u2019a kar\u015f\u0131 Mert Hakan Yanda\u015f, Jayden Quinn Oosterwolde, Hulusi Belg\u00fc, Emre Kartal ve Ertu\u011frul Karanl\u0131k\u2019\u0131n isimli \u015fah\u0131slar\u0131n kemik k\u0131r\u0131\u011f\u0131na sebebiyet verecek \u015fekilde yaralama su\u00e7unu i\u015fledikleri \u0130stanbul 3. Asliye Ceza Mahkemesi 2024\/1067 E. 15.01.2025 tarihli karar\u0131 ile sabit hale gelmi\u015ftir.<\/p>\n<p>Fenerbah\u00e7e Spor Kul\u00fcb\u00fc\u2019n\u00fcn, y\u00f6netici, oyuncu ve \u00e7al\u0131\u015fanlar\u0131n\u0131n ceza ald\u0131\u011f\u0131 bu davan\u0131n hemen ard\u0131ndan sosyal medya hesab\u0131ndan ba\u015flatt\u0131\u011f\u0131 yeni alg\u0131 oyununu hayretle izliyoruz.<\/p>\n<p>Bir e\u015fk\u0131ya s\u00fcr\u00fcs\u00fc gibi misafir olduklar\u0131 yerde ev sahiplerine sald\u0131ran \u015fah\u0131slar\u0131n ald\u0131klar\u0131 cezay\u0131 g\u00f6lgelemeye \u00e7al\u0131\u015fmak i\u00e7in duru\u015fma esnas\u0131nda y\u00f6netim kurulu \u00fcyemizin sehven \u00e7ekti\u011fi foto\u011fraf konu edilmektedir.<\/p>\n<p>Ama\u00e7, duru\u015fmaya kat\u0131lan hi\u00e7bir san\u0131k, vekil, mahkeme heyeti veya izleyicinin g\u00f6r\u00fcnt\u00fcs\u00fcn\u00fcn yer almad\u0131\u011f\u0131 bir foto\u011fraf \u00fczerinden g\u00fcndemi me\u015fgul ederek san\u0131klar\u0131n vahim eylemlerinin ve ald\u0131klar\u0131 cezalar\u0131n g\u00f6lgelenmeye \u00e7al\u0131\u015f\u0131lmas\u0131d\u0131r. Y\u00f6netim kurulu \u00fcyemizi zan alt\u0131nda b\u0131rakmaya \u00e7al\u0131\u015fanlar bu amac\u0131na ula\u015famayacaklard\u0131r.<\/p>\n<p>T\u00fcrk futbolunu vahim noktaya getirenler bug\u00fcn ba\u011f\u0131ms\u0131z T\u00fcrk yarg\u0131s\u0131 taraf\u0131ndan hak ettikleri \u015fekilde cezaland\u0131r\u0131lm\u0131\u015ft\u0131r. Esas konu bundan ibarettir.<\/p>\n\n<p><\/p>\n<p>Kaynak :\u00a0<span style=\"background-color: rgb(255, 249, 236); color: rgb(55, 58, 60); font-size: 14px;\">http:\/\/www.milliyet.com.tr\/skorer\/galatasaraydan-fenerbahceye-mert-hakan-cevabi-7521851<\/span><\/p>\n","protected":false},"excerpt":{"rendered":"<p>Galatasaray, Fenerbah\u00e7e&#8217;nin Mert Hakan Yanda\u015f ile ilgili yay\u0131nlad\u0131\u011f\u0131 a\u00e7\u0131klamaya kar\u015f\u0131 bir a\u00e7\u0131klama yay\u0131nlad\u0131.<\/p>\n","protected":false},"author":1,"featured_media":169299,"comment_status":"open","ping_status":"open","sticky":false,"template":"","format":"standard","meta":{"footnotes":""},"categories":[7],"tags":[386],"class_list":["post-169298","post","type-post","status-publish","format-standard","has-post-thumbnail","hentry","category-spor","tag-ceza"],"_links":{"self":[{"href":"https:\/\/kamucalisani.net\/index.php\/wp-json\/wp\/v2\/posts\/169298","targetHints":{"allow":["GET"]}}],"collection":[{"href":"https:\/\/kamucalisani.net\/index.php\/wp-json\/wp\/v2\/posts"}],"about":[{"href":"https:\/\/kamucalisani.net\/index.php\/wp-json\/wp\/v2\/types\/post"}],"author":[{"embeddable":true,"href":"https:\/\/kamucalisani.net\/index.php\/wp-json\/wp\/v2\/users\/1"}],"replies":[{"embeddable":true,"href":"https:\/\/kamucalisani.net\/index.php\/wp-json\/wp\/v2\/comments?post=169298"}],"version-history":[{"count":1,"href":"https:\/\/kamucalisani.net\/index.php\/wp-json\/wp\/v2\/posts\/169298\/revisions"}],"predecessor-version":[{"id":169300,"href":"https:\/\/kamucalisani.net\/index.php\/wp-json\/wp\/v2\/posts\/169298\/revisions\/169300"}],"wp:featuredmedia":[{"embeddable":true,"href":"https:\/\/kamucalisani.net\/index.php\/wp-json\/wp\/v2\/media\/169299"}],"wp:attachment":[{"href":"https:\/\/kamucalisani.net\/index.php\/wp-json\/wp\/v2\/media?parent=169298"}],"wp:term":[{"taxonomy":"category","embeddable":true,"href":"https:\/\/kamucalisani.net\/index.php\/wp-json\/wp\/v2\/categories?post=169298"},{"taxonomy":"post_tag","embeddable":true,"href":"https:\/\/kamucalisani.net\/index.php\/wp-json\/wp\/v2\/tags?post=169298"}],"curies":[{"name":"wp","href":"https:\/\/api.w.org\/{rel}","templated":true}]}}