{"id":169469,"date":"2026-01-16T06:24:09","date_gmt":"2026-01-16T06:24:09","guid":{"rendered":"https:\/\/kamucalisani.net\/?p=169469"},"modified":"2026-01-16T06:24:09","modified_gmt":"2026-01-16T06:24:09","slug":"transfer-gorusmelerine-giden-ertan-torunogullari-taraftarlarimiz-rahat-olsun","status":"publish","type":"post","link":"https:\/\/kamucalisani.net\/index.php\/2026\/01\/16\/transfer-gorusmelerine-giden-ertan-torunogullari-taraftarlarimiz-rahat-olsun\/","title":{"rendered":"Transfer g\u00f6r\u00fc\u015fmelerine giden Ertan Toruno\u011fullar\u0131: Taraftarlar\u0131m\u0131z rahat olsun"},"content":{"rendered":"<p><p>Ara transfer d\u00f6neminde kadrosunu g\u00fc\u00e7lendirmek isteyen Fenerbah\u00e7e, transfer \u00e7al\u0131\u015fmalar\u0131n\u0131 s\u00fcrd\u00fcr\u00fcyor.<\/p>\n<p>Sar\u0131-lacivertli ekipte Futbol \u015eube Sorumlusu Ertan Toruno\u011fullar\u0131, transfer s\u00fcreciyle ilgili de\u011ferlendirmelerde bulundu. Devin \u00d6zek ile birlikte bu gece bir kez daha Abu Dabi\u2019ye giden, ba\u015fkan ve y\u00f6netim olarak yo\u011fun bir mesai harcad\u0131klar\u0131n\u0131 belirten Toruno\u011fullar\u0131, Fanatik&#8217;ten Emre G\u00fcnay\u0131\u2019n\u0131n sorular\u0131na, \u201cBa\u015fkan\u0131m\u0131z, taraftarlar\u0131m\u0131z mutlu ve sevin\u00e7li oldu\u011fu zaman \u00e7ok sevin\u00e7li oluyor. Onun i\u00e7in g\u00f6rd\u00fc\u011f\u00fcn\u00fcz gibi bizi uyutmuyor. S\u00fcrekli \u00e7al\u0131\u015f\u0131yoruz. Birka\u00e7 g\u00f6r\u00fc\u015fmemiz olacak. Onlarla ilgili g\u00f6r\u00fc\u015fmeye gidiyoruz. Daha \u00f6nce yap\u0131lan hamleler bunlar. Transfer g\u00f6r\u00fc\u015fmelerine gidiyoruz. Taraftarlar\u0131m\u0131z rahat olsun. Ba\u015fkan\u0131m\u0131z, taraftarlar\u0131m\u0131z\u0131 seviyor. Bizden g\u00fczel haberler beklesinler\u201d yan\u0131t\u0131n\u0131 verdi.<\/p>\n\n<p><\/p>\n<p>Kaynak :\u00a0<span style=\"background-color: rgb(255, 249, 236); color: rgb(55, 58, 60); font-size: 14px;\">http:\/\/www.milliyet.com.tr\/skorer\/transfer-gorusmelerine-giden-ertan-torunogullari-taraftarlarimiz-rahat-olsun-7521990<\/span><\/p>\n","protected":false},"excerpt":{"rendered":"<p>Fenerbah\u00e7e Futbol \u015eube Sorumlusu Ertan Toruno\u011fullar\u0131, \u201cTransfer g\u00f6r\u00fc\u015fmelerine gidiyoruz. Taraftarlar\u0131m\u0131z rahat olsun. Ba\u015fkan\u0131m\u0131z, taraftarlar\u0131m\u0131z\u0131 seviyor. Bizden g\u00fczel haberler beklesinler\u201d dedi.<\/p>\n","protected":false},"author":1,"featured_media":169470,"comment_status":"open","ping_status":"open","sticky":false,"template":"","format":"standard","meta":{"footnotes":""},"categories":[7],"tags":[],"class_list":["post-169469","post","type-post","status-publish","format-standard","has-post-thumbnail","hentry","category-spor"],"_links":{"self":[{"href":"https:\/\/kamucalisani.net\/index.php\/wp-json\/wp\/v2\/posts\/169469","targetHints":{"allow":["GET"]}}],"collection":[{"href":"https:\/\/kamucalisani.net\/index.php\/wp-json\/wp\/v2\/posts"}],"about":[{"href":"https:\/\/kamucalisani.net\/index.php\/wp-json\/wp\/v2\/types\/post"}],"author":[{"embeddable":true,"href":"https:\/\/kamucalisani.net\/index.php\/wp-json\/wp\/v2\/users\/1"}],"replies":[{"embeddable":true,"href":"https:\/\/kamucalisani.net\/index.php\/wp-json\/wp\/v2\/comments?post=169469"}],"version-history":[{"count":1,"href":"https:\/\/kamucalisani.net\/index.php\/wp-json\/wp\/v2\/posts\/169469\/revisions"}],"predecessor-version":[{"id":169471,"href":"https:\/\/kamucalisani.net\/index.php\/wp-json\/wp\/v2\/posts\/169469\/revisions\/169471"}],"wp:featuredmedia":[{"embeddable":true,"href":"https:\/\/kamucalisani.net\/index.php\/wp-json\/wp\/v2\/media\/169470"}],"wp:attachment":[{"href":"https:\/\/kamucalisani.net\/index.php\/wp-json\/wp\/v2\/media?parent=169469"}],"wp:term":[{"taxonomy":"category","embeddable":true,"href":"https:\/\/kamucalisani.net\/index.php\/wp-json\/wp\/v2\/categories?post=169469"},{"taxonomy":"post_tag","embeddable":true,"href":"https:\/\/kamucalisani.net\/index.php\/wp-json\/wp\/v2\/tags?post=169469"}],"curies":[{"name":"wp","href":"https:\/\/api.w.org\/{rel}","templated":true}]}}