{"id":169567,"date":"2026-01-16T09:12:11","date_gmt":"2026-01-16T09:12:11","guid":{"rendered":"https:\/\/kamucalisani.net\/?p=169567"},"modified":"2026-01-16T09:12:11","modified_gmt":"2026-01-16T09:12:11","slug":"milli-savunma-bakani-guler-abdnin-ankara-buyukelcisi-tom-barracki-kabul-etti","status":"publish","type":"post","link":"https:\/\/kamucalisani.net\/index.php\/2026\/01\/16\/milli-savunma-bakani-guler-abdnin-ankara-buyukelcisi-tom-barracki-kabul-etti\/","title":{"rendered":"Milli Savunma Bakan\u0131 G\u00fcler, ABD&#8217;nin Ankara B\u00fcy\u00fckel\u00e7isi Tom Barrack\u2019\u0131 kabul etti"},"content":{"rendered":"<p><p>Kabulde, Genelkurmay Ba\u015fkan\u0131 Orgeneral Sel\u00e7uk Bayraktaro\u011flu da yer ald\u0131.<\/p>\n<div>\n<div><img decoding=\"async\" src=\"https:\/\/kamucalisani.net\/wp-content\/uploads\/2026\/01\/milli-savunma-bakani-guler-abdnin-ankara-buyukelcisi-tom-barracki-kabul-etti-0-rTaa3OQJ.jpg\"\/><\/img><\/div>\n<\/div>\n<p><\/p>\n<p>Kaynak :\u00a0<span style=\"background-color: rgb(255, 249, 236); color: rgb(55, 58, 60); font-size: 14px;\">http:\/\/www.milliyet.com.tr\/gundem\/milli-savunma-bakani-guler-abdnin-ankara-buyukelcisi-tom-barracki-kabul-etti-7522091<\/span><\/p>\n","protected":false},"excerpt":{"rendered":"<p>MSB: Milli Savunma Bakan\u0131 Ya\u015far G\u00fcler, ABD&#8217;nin Ankara B\u00fcy\u00fckel\u00e7isi ve Suriye \u00d6zel Temsilcisi Tom Barrack\u2019\u0131 kabul etti.<\/p>\n","protected":false},"author":1,"featured_media":169568,"comment_status":"open","ping_status":"open","sticky":false,"template":"","format":"standard","meta":{"footnotes":""},"categories":[3],"tags":[],"class_list":["post-169567","post","type-post","status-publish","format-standard","has-post-thumbnail","hentry","category-guncel"],"_links":{"self":[{"href":"https:\/\/kamucalisani.net\/index.php\/wp-json\/wp\/v2\/posts\/169567","targetHints":{"allow":["GET"]}}],"collection":[{"href":"https:\/\/kamucalisani.net\/index.php\/wp-json\/wp\/v2\/posts"}],"about":[{"href":"https:\/\/kamucalisani.net\/index.php\/wp-json\/wp\/v2\/types\/post"}],"author":[{"embeddable":true,"href":"https:\/\/kamucalisani.net\/index.php\/wp-json\/wp\/v2\/users\/1"}],"replies":[{"embeddable":true,"href":"https:\/\/kamucalisani.net\/index.php\/wp-json\/wp\/v2\/comments?post=169567"}],"version-history":[{"count":1,"href":"https:\/\/kamucalisani.net\/index.php\/wp-json\/wp\/v2\/posts\/169567\/revisions"}],"predecessor-version":[{"id":169570,"href":"https:\/\/kamucalisani.net\/index.php\/wp-json\/wp\/v2\/posts\/169567\/revisions\/169570"}],"wp:featuredmedia":[{"embeddable":true,"href":"https:\/\/kamucalisani.net\/index.php\/wp-json\/wp\/v2\/media\/169568"}],"wp:attachment":[{"href":"https:\/\/kamucalisani.net\/index.php\/wp-json\/wp\/v2\/media?parent=169567"}],"wp:term":[{"taxonomy":"category","embeddable":true,"href":"https:\/\/kamucalisani.net\/index.php\/wp-json\/wp\/v2\/categories?post=169567"},{"taxonomy":"post_tag","embeddable":true,"href":"https:\/\/kamucalisani.net\/index.php\/wp-json\/wp\/v2\/tags?post=169567"}],"curies":[{"name":"wp","href":"https:\/\/api.w.org\/{rel}","templated":true}]}}