{"id":169709,"date":"2026-01-16T12:48:11","date_gmt":"2026-01-16T12:48:11","guid":{"rendered":"https:\/\/kamucalisani.net\/?p=169709"},"modified":"2026-01-16T12:48:11","modified_gmt":"2026-01-16T12:48:11","slug":"canli-transfer-fenerbahceden-kasimpasaya-2-transfer-daha-resmi-aciklama-bekleniyor","status":"publish","type":"post","link":"https:\/\/kamucalisani.net\/index.php\/2026\/01\/16\/canli-transfer-fenerbahceden-kasimpasaya-2-transfer-daha-resmi-aciklama-bekleniyor\/","title":{"rendered":"CANLI TRANSFER | Fenerbah\u00e7e&#8217;den Kas\u0131mpa\u015fa&#8217;ya 2 transfer daha! Resmi a\u00e7\u0131klama bekleniyor"},"content":{"rendered":"<p><p>S\u00fcper Lig&#8217;de k\u0131\u015f transfer d\u00f6nemi ba\u015flarken tak\u0131mlar kadrolar\u0131n\u0131 g\u00fc\u00e7lendirmek i\u00e7in harekete ge\u00e7ti. \u0130\u015fte Galatasaray, Fenerbah\u00e7e, Be\u015fikta\u015f ve Trabzonspor&#8217;un ilgilendi\u011fi isimler ba\u015fta olmak \u00fczere transfer g\u00fcndeminde yer alan futbolcular&#8230;<\/p>\n<section>\n<div>\n<div><span>13:30<\/span><span>16 Ocak 2026<\/span><\/p>\n<div>CENK TOSUN VE BECAO \u0130MZAYI ATIYOR<\/div>\n<div>\n<p>Fenerbah\u00e7e&#8217;de kadro d\u0131\u015f\u0131 b\u0131rak\u0131lan ve s\u00f6zle\u015fmesi feshedilen Cenk Tosun&#8217;un yeni tak\u0131m\u0131 belli oluyor.<\/p>\n<p>HT Spor&#8217;da yer alan habere g\u00f6re Rodrigo Becao ve Cenk Tosun, S\u00fcper Lig ekiplerinden Kas\u0131mpa\u015fa&#8217;yla s\u00f6zle\u015fme imzalamaya haz\u0131rlan\u0131yor.<\/p>\n<p>\u0130ki futbolcu i\u00e7in de resmi a\u00e7\u0131klaman\u0131n ak\u015fam saatlerinde yap\u0131lmas\u0131n\u0131n beklendi\u011fi belirtildi.<\/p>\n<p><img decoding=\"async\" src=\"https:\/\/kamucalisani.net\/wp-content\/uploads\/2026\/01\/canli-transfer-fenerbahceden-kasimpasaya-2-transfer-daha-resmi-aciklama-bekleniyor-0-fJbACBeG.jpg\"\/><\/img><\/p>\n<\/div>\n<\/div>\n<div><span>11:51<\/span><span>16 Ocak 2026<\/span><\/p>\n<div>FENERBAH\u00c7E&#8217;DE KANTE \u0130\u00c7\u0130N GER\u0130 SAYIM! T\u00d6REN HAZIRLI\u011eI<\/div>\n<div>\n<p>Fenerebah\u00e7e&#8217;de N&#8217;Golo Kante transferi i\u00e7in geri say\u0131ma ge\u00e7ilirken sar\u0131 lacivertlilerde y\u0131ld\u0131z orta saha i\u00e7in \u00f6zel t\u00f6ren plan\u0131 haz\u0131rl\u0131yor.<\/p>\n<p>Sabah&#8217;\u0131n haberine g\u00f6re Sar\u0131-lacivertlilere &#8216;Evet&#8217; diyen oyuncunun T\u00fcrkiye&#8217;ye geli\u015f rotas\u0131 tek tek planland\u0131. Hedef evrak i\u015fleri tamamlan\u0131r tamamlanmaz T\u00fcrkiye&#8217;ye gelmek.<\/p>\n<p>Futbolcu i\u00e7in \u0130stanbul&#8217;a ini\u015fte \u015fov yap\u0131lacak. \u0130mza t\u00f6reni de g\u00f6rkemli olacak.<\/p>\n<p><img decoding=\"async\" src=\"https:\/\/kamucalisani.net\/wp-content\/uploads\/2026\/01\/canli-transfer-fenerbahceden-kasimpasaya-2-transfer-daha-resmi-aciklama-bekleniyor-1-NkUQjOgC.jpg\"\/><\/img><\/p>\n<\/div>\n<\/div>\n<div><span>09:38<\/span><span>16 Ocak 2026<\/span><\/p>\n<div>PRISKE TRANSFER\u0130NDE RAK\u0130P<\/div>\n<div>\n<p>Be\u015fikta\u015f h\u00fccum hatt\u0131n\u0131 g\u00fc\u00e7lendirmek ad\u0131na transfer \u00e7al\u0131\u015fmalar\u0131n\u0131 s\u00fcrd\u00fcr\u00fcrken, SiyahBeyazl\u0131lar\u2019\u0131n radar\u0131ndaki August Priske i\u00e7in \u0130ngiltere\u2019den ciddi bir rakip \u00e7\u0131kt\u0131. \u0130sve\u00e7 bas\u0131n\u0131ndan Expressen\u2019in aktard\u0131\u011f\u0131 bilgilere g\u00f6re Championship temsilcisi Birmingham City, Djurgarden formas\u0131 giyen gen\u00e7 golc\u00fc i\u00e7in yar\u0131\u015fta \u00f6ne ge\u00e7mi\u015f durumda. Taraflar aras\u0131nda g\u00f6r\u00fc\u015fmelerin ilerledi\u011fi ve anla\u015fman\u0131n yak\u0131n oldu\u011fu \u00f6ne s\u00fcr\u00fcld\u00fc. 21 ya\u015f\u0131ndaki Danimarkal\u0131 forvet, Djurg\u00e5rden\u2019de sergiledi\u011fi etkileyici performansla dikkatleri \u00fczerine \u00e7ekti.\u00a0<\/p>\n<p><strong>SON KEZ TEKL\u0130F YAPILACAK<\/strong><\/p>\n<p>Ocak transfer d\u00f6neminde sat\u0131\u015fa s\u0131cak bakan Djurgarden\u2019in, Birmingham City ile b\u00fcy\u00fck \u00f6l\u00e7\u00fcde anla\u015fma sa\u011flad\u0131\u011f\u0131 belirtildi. Priske\u2019nin de \u0130ngiliz ekibiyle ki\u015fisel \u015fartlarda uzla\u015fmaya yak\u0131n oldu\u011fu, Be\u015fikta\u015f ve Lille\u2019in ise bu yar\u0131\u015fta geride kald\u0131\u011f\u0131 \u00f6ne s\u00fcr\u00fcld\u00fc. Fakat Kara Kartal, Priske i\u00e7in \u00f6n\u00fcm\u00fczdeki g\u00fcnlerde son bir yoklama \u00e7ekecek. (Fanatik)<\/p>\n<p><img decoding=\"async\" src=\"https:\/\/kamucalisani.net\/wp-content\/uploads\/2026\/01\/canli-transfer-fenerbahceden-kasimpasaya-2-transfer-daha-resmi-aciklama-bekleniyor-2-WWsCgusq.jpg\"\/><\/img><\/p>\n<\/div>\n<\/div>\n<div><span>08:38<\/span><span>16 Ocak 2026<\/span><\/p>\n<div>J\u00d6RGENSEN&#8217;DEN BE\u015e\u0130KTA\u015e REST\u0130<\/div>\n<div>\n<p>Siyah-Beyazl\u0131lar, kaleci transferinde mutlu sona \u00e7ok yakla\u015ft\u0131. Be\u015fikta\u015f\u2019\u0131n daha \u00f6nce el s\u0131k\u0131\u015ft\u0131\u011f\u0131 Filip J\u00f6rgensen i\u00e7in \u0130ngiltere Premier Lig ekiplerinden Chelsea ile yap\u0131lan g\u00f6r\u00fc\u015fmeler t\u0131kanm\u0131\u015ft\u0131. Y\u00f6netimin t\u00fcm giri\u015fimlerine ra\u011fmen \u0130ngiliz kul\u00fcb\u00fcnden olumlu yan\u0131t gelmeyince bu kez Danimarkal\u0131 kaleci devreye girdi.\u00a0<\/p>\n<p>23 ya\u015f\u0131ndaki file bek\u00e7isi, kul\u00fcb\u00fcne ayr\u0131lmak istedi\u011fini net bir \u015fekilde ileterek Be\u015fikta\u015f\u2019a transfer olmakta kararl\u0131 oldu\u011funu bildirdi. J\u00f6rgensen\u2019in bu tavr\u0131 sonras\u0131 Chelsea geri ad\u0131m att\u0131. \u0130ngiliz ekibi, Bolton\u2019a kiralad\u0131\u011f\u0131 Teddy Sharman-Lowe\u2019u kadroya geri \u00e7a\u011f\u0131rma karar\u0131 ald\u0131.\u00a0<\/p>\n<p>Lowe\u2019un, Londra ekibine d\u00f6nmesinin ard\u0131ndan ise J\u00f6rgensen\u2019in ayr\u0131l\u0131\u011f\u0131na da onay verilmesi bekleniyor. Ya\u015fanan bu geli\u015fmeler do\u011frultusunda gen\u00e7 file bek\u00e7isinin transferinin hafta i\u00e7erisinde netle\u015fmesinin beklendi\u011fi \u00f6\u011frenildi. (Fanatik)<\/p>\n<p><img decoding=\"async\" src=\"https:\/\/kamucalisani.net\/wp-content\/uploads\/2026\/01\/canli-transfer-fenerbahceden-kasimpasaya-2-transfer-daha-resmi-aciklama-bekleniyor-3-bAQjyS6u.jpg\"\/><\/img><\/p>\n<\/div>\n<\/div>\n<\/div>\n<\/section>\n<p><\/p>\n<p>Kaynak :\u00a0<span style=\"background-color: rgb(255, 249, 236); color: rgb(55, 58, 60); font-size: 14px;\">http:\/\/www.milliyet.com.tr\/skorer\/live-fenerbahcede-kasimpasaya-2-transfer-daha-resmi-aciklama-bekleniyor-7521976<\/span><\/p>\n","protected":false},"excerpt":{"rendered":"<p>S\u00fcper Lig&#8217;de k\u0131\u015f transfer d\u00f6nemi resmen ba\u015flarken kul\u00fcpler kadrolar\u0131na takviye yapmak i\u00e7in hummal\u0131 bir bi\u00e7imde transfer \u00e7al\u0131\u015fmalar\u0131n\u0131 s\u00fcrd\u00fcr\u00fcyor. G\u00fcn\u00fcn \u00f6ne \u00e7\u0131kan transfer haberlerini sizler i\u00e7in derledik.<\/p>\n","protected":false},"author":1,"featured_media":169710,"comment_status":"open","ping_status":"open","sticky":false,"template":"","format":"standard","meta":{"footnotes":""},"categories":[7],"tags":[819,4567,589],"class_list":["post-169709","post","type-post","status-publish","format-standard","has-post-thumbnail","hentry","category-spor","tag-besiktas","tag-ocak","tag-transfer"],"_links":{"self":[{"href":"https:\/\/kamucalisani.net\/index.php\/wp-json\/wp\/v2\/posts\/169709","targetHints":{"allow":["GET"]}}],"collection":[{"href":"https:\/\/kamucalisani.net\/index.php\/wp-json\/wp\/v2\/posts"}],"about":[{"href":"https:\/\/kamucalisani.net\/index.php\/wp-json\/wp\/v2\/types\/post"}],"author":[{"embeddable":true,"href":"https:\/\/kamucalisani.net\/index.php\/wp-json\/wp\/v2\/users\/1"}],"replies":[{"embeddable":true,"href":"https:\/\/kamucalisani.net\/index.php\/wp-json\/wp\/v2\/comments?post=169709"}],"version-history":[{"count":1,"href":"https:\/\/kamucalisani.net\/index.php\/wp-json\/wp\/v2\/posts\/169709\/revisions"}],"predecessor-version":[{"id":169715,"href":"https:\/\/kamucalisani.net\/index.php\/wp-json\/wp\/v2\/posts\/169709\/revisions\/169715"}],"wp:featuredmedia":[{"embeddable":true,"href":"https:\/\/kamucalisani.net\/index.php\/wp-json\/wp\/v2\/media\/169710"}],"wp:attachment":[{"href":"https:\/\/kamucalisani.net\/index.php\/wp-json\/wp\/v2\/media?parent=169709"}],"wp:term":[{"taxonomy":"category","embeddable":true,"href":"https:\/\/kamucalisani.net\/index.php\/wp-json\/wp\/v2\/categories?post=169709"},{"taxonomy":"post_tag","embeddable":true,"href":"https:\/\/kamucalisani.net\/index.php\/wp-json\/wp\/v2\/tags?post=169709"}],"curies":[{"name":"wp","href":"https:\/\/api.w.org\/{rel}","templated":true}]}}