{"id":170027,"date":"2026-01-16T20:36:10","date_gmt":"2026-01-16T20:36:10","guid":{"rendered":"https:\/\/kamucalisani.net\/?p=170027"},"modified":"2026-01-16T20:36:10","modified_gmt":"2026-01-16T20:36:10","slug":"samsunspor-yeni-transferini-acikladi-anlasma-detaylari-belli-oldu","status":"publish","type":"post","link":"https:\/\/kamucalisani.net\/index.php\/2026\/01\/16\/samsunspor-yeni-transferini-acikladi-anlasma-detaylari-belli-oldu\/","title":{"rendered":"Samsunspor yeni transferini a\u00e7\u0131klad\u0131! Anla\u015fma detaylar\u0131 belli oldu"},"content":{"rendered":"<p><p>Samsunspor, T\u00fcrk as\u0131ll\u0131 Hollandal\u0131 futbolcu Elayis Tav\u015fan ile 4,5 y\u0131ll\u0131k s\u00f6zle\u015fme imzalad\u0131klar\u0131n\u0131 a\u00e7\u0131klad\u0131.<\/p>\n<p>Samsunspor, \u0130talya Serie A tak\u0131mlar\u0131ndan Verona\u2019da forma giyen 24 ya\u015f\u0131ndaki T\u00fcrk as\u0131ll\u0131 Hollandal\u0131 kanat oyuncusu Elayis Tav\u015fan ile 4,5 y\u0131ll\u0131k s\u00f6zle\u015fme imzalad\u0131klar\u0131n\u0131 sanal medya hesaplar\u0131ndan duyurdu. 2025 &#8211; 2026 sezonunda toplamda 19 ma\u00e7ta forma giyen Elayis Tav\u015fan, bu kar\u015f\u0131la\u015fmalarda 3 gol 2 asistlik katk\u0131da bulundu.<\/p>\n<p>K\u0131rm\u0131z\u0131-beyazl\u0131 kul\u00fcp sanal medyadan yapt\u0131\u011f\u0131 a\u00e7\u0131klamada, \u201cHo\u015f Geldin Elayis Tav\u015fan. Kul\u00fcb\u00fcm\u00fcz, T\u00fcrk as\u0131ll\u0131 Hollandal\u0131 futbolcu Elayis Tav\u015fan ile 4,5 y\u0131ll\u0131k s\u00f6zle\u015fme imzalam\u0131\u015ft\u0131r. Samsunspor ailesine ho\u015f geldin Elayis. Atat\u00fcrkl\u00fc armam\u0131zla birlikte nice zaferlere\u201d ifadelerini kulland\u0131.<\/p>\n\n<p><\/p>\n<p>Kaynak :\u00a0<span style=\"background-color: rgb(255, 249, 236); color: rgb(55, 58, 60); font-size: 14px;\">http:\/\/www.milliyet.com.tr\/skorer\/samsunspor-yeni-transferini-acikladi-anlasma-detaylari-belli-oldu-7522390<\/span><\/p>\n","protected":false},"excerpt":{"rendered":"<p>Samsunspor, T\u00fcrk as\u0131ll\u0131 Hollandal\u0131 futbolcu Elayis Tav\u015fan&#8217;\u0131 kadrosuna katt\u0131\u011f\u0131n\u0131 a\u00e7\u0131klad\u0131. Karadeniz ekibi oyuncu ile 4,5 y\u0131ll\u0131k s\u00f6zle\u015fme imzalad\u0131.<\/p>\n","protected":false},"author":1,"featured_media":170028,"comment_status":"open","ping_status":"open","sticky":false,"template":"","format":"standard","meta":{"footnotes":""},"categories":[7],"tags":[10995],"class_list":["post-170027","post","type-post","status-publish","format-standard","has-post-thumbnail","hentry","category-spor","tag-elayis-tavsan"],"_links":{"self":[{"href":"https:\/\/kamucalisani.net\/index.php\/wp-json\/wp\/v2\/posts\/170027","targetHints":{"allow":["GET"]}}],"collection":[{"href":"https:\/\/kamucalisani.net\/index.php\/wp-json\/wp\/v2\/posts"}],"about":[{"href":"https:\/\/kamucalisani.net\/index.php\/wp-json\/wp\/v2\/types\/post"}],"author":[{"embeddable":true,"href":"https:\/\/kamucalisani.net\/index.php\/wp-json\/wp\/v2\/users\/1"}],"replies":[{"embeddable":true,"href":"https:\/\/kamucalisani.net\/index.php\/wp-json\/wp\/v2\/comments?post=170027"}],"version-history":[{"count":1,"href":"https:\/\/kamucalisani.net\/index.php\/wp-json\/wp\/v2\/posts\/170027\/revisions"}],"predecessor-version":[{"id":170029,"href":"https:\/\/kamucalisani.net\/index.php\/wp-json\/wp\/v2\/posts\/170027\/revisions\/170029"}],"wp:featuredmedia":[{"embeddable":true,"href":"https:\/\/kamucalisani.net\/index.php\/wp-json\/wp\/v2\/media\/170028"}],"wp:attachment":[{"href":"https:\/\/kamucalisani.net\/index.php\/wp-json\/wp\/v2\/media?parent=170027"}],"wp:term":[{"taxonomy":"category","embeddable":true,"href":"https:\/\/kamucalisani.net\/index.php\/wp-json\/wp\/v2\/categories?post=170027"},{"taxonomy":"post_tag","embeddable":true,"href":"https:\/\/kamucalisani.net\/index.php\/wp-json\/wp\/v2\/tags?post=170027"}],"curies":[{"name":"wp","href":"https:\/\/api.w.org\/{rel}","templated":true}]}}