{"id":170498,"date":"2026-01-26T22:54:11","date_gmt":"2026-01-26T22:54:11","guid":{"rendered":"https:\/\/kamucalisani.net\/?p=170498"},"modified":"2026-01-26T22:54:11","modified_gmt":"2026-01-26T22:54:11","slug":"ozel-egitime-ihtiyac-duyan-bireylere-verilecek-egitim-destegi-yeniden-belirlendi","status":"publish","type":"post","link":"https:\/\/kamucalisani.net\/index.php\/2026\/01\/26\/ozel-egitime-ihtiyac-duyan-bireylere-verilecek-egitim-destegi-yeniden-belirlendi\/","title":{"rendered":"\u00d6zel e\u011fitime ihtiya\u00e7 duyan bireylere verilecek e\u011fitim deste\u011fi yeniden belirlendi"},"content":{"rendered":"<p><p>Engelli bireylerin \u00f6zel e\u011fitim ve rehabilitasyon hizmetlerinden yararlanmas\u0131na ili\u015fkin destek e\u011fitim giderlerine y\u00f6nelik yeni d\u00fczenleme, Resmi Gazete\u2019de yay\u0131mland\u0131.<\/p>\n<p>652 say\u0131l\u0131 Kanun H\u00fckm\u00fcnde Kararname&#8217;ye dayan\u0131larak haz\u0131rlanan tebli\u011f ile engelli bireylerin e\u011fitim giderlerinin b\u00fct\u00e7eden kar\u015f\u0131lanacak k\u0131sm\u0131 belirlendi. D\u00fczenlemeye g\u00f6re; engelliler i\u00e7in sa\u011fl\u0131k kurulu raporu ile asgari y\u00fczde 20 oran\u0131nda engelli oldu\u011fu tespit edilen bireyler ile 18 ya\u015f alt\u0131 \u00e7ocuklar i\u00e7in \u2018\u00c7ocuklar \u0130\u00e7in \u00d6zel Gereksinim Raporu\u2019 bulunan ve \u00f6zel e\u011fitim de\u011ferlendirme kurullar\u0131 taraf\u0131ndan destek e\u011fitim almas\u0131 uygun g\u00f6r\u00fclen T\u00fcrkiye Cumhuriyeti vatanda\u015f\u0131 bireylerin e\u011fitim giderleri Milli E\u011fitim Bakanl\u0131\u011f\u0131 b\u00fct\u00e7esinden kar\u015f\u0131lanacak.<\/p>\n<p><strong>B\u0130REYSEL E\u011e\u0130T\u0130M \u0130\u00c7\u0130N AYLIK 7 B\u0130N 748 L\u0130RA, GRUP E\u011e\u0130T\u0130M\u0130 \u0130\u00c7\u0130N \u0130SE AYLIK 2 B\u0130N 168 L\u0130RA<\/strong><\/p>\n<p>5580 say\u0131l\u0131 \u00d6zel \u00d6\u011fretim Kurumlar\u0131 Kanunu \u00e7er\u00e7evesinde faaliyet g\u00f6steren \u00f6zel e\u011fitim okullar\u0131 ile \u00f6zel e\u011fitim ve rehabilitasyon merkezlerinde verilen destek e\u011fitiminin b\u00fct\u00e7eden kar\u015f\u0131lanacak tutar\u0131, katma de\u011fer vergisi hari\u00e7 olmak \u00fczere bireysel e\u011fitim i\u00e7in ayl\u0131k 7 bin 748 lira, grup e\u011fitimi i\u00e7in ise ayl\u0131k 2 bin 168 lira olarak belirlendi. Belirlenen tutarlar\u0131 a\u015fan k\u0131s\u0131m ise ilgililer taraf\u0131ndan kar\u015f\u0131lanacak. Tebli\u011fde, ger\u00e7ek d\u0131\u015f\u0131 beyanda bulunmak suretiyle fazladan \u00f6deme yap\u0131lmas\u0131na sebebiyet verilmesi halinde, s\u00f6z konusu tutarlar\u0131n iki kat\u0131 ve kanuni faiziyle birlikte ilgililerden m\u00fcteselsilen tahsil edilece\u011fi h\u00fckme ba\u011fland\u0131. Bu fiillerin \u00f6zel e\u011fitim okullar\u0131 ile \u00f6zel e\u011fitim ve rehabilitasyon merkezleri taraf\u0131ndan tekrar\u0131 halinde ise kurum a\u00e7ma izinlerinin iptal edilece\u011fi belirtildi.<\/p>\n<p>Tebli\u011f h\u00fck\u00fcmlerinin Hazine ve Maliye Bakan\u0131 taraf\u0131ndan y\u00fcr\u00fct\u00fclece\u011fi kaydedildi.<\/p>\n\n<p><\/p>\n<p>Kaynak :\u00a0<span style=\"background-color: rgb(255, 249, 236); color: rgb(55, 58, 60); font-size: 14px;\">http:\/\/www.milliyet.com.tr\/gundem\/ozel-egitime-ihtiyac-duyan-bireylere-verilecek-egitim-destegi-yeniden-belirlendi-7527831<\/span><\/p>\n","protected":false},"excerpt":{"rendered":"<p>Engelli bireylerin \u00f6zel e\u011fitim ve rehabilitasyon merkezlerinde alacaklar\u0131 destek e\u011fitiminin b\u00fct\u00e7eden kar\u015f\u0131lanacak tutarlar\u0131 yeniden belirlendi.<\/p>\n","protected":false},"author":1,"featured_media":170499,"comment_status":"open","ping_status":"open","sticky":false,"template":"","format":"standard","meta":{"footnotes":""},"categories":[3],"tags":[530,3842],"class_list":["post-170498","post","type-post","status-publish","format-standard","has-post-thumbnail","hentry","category-guncel","tag-egitim","tag-ozel-egitim"],"_links":{"self":[{"href":"https:\/\/kamucalisani.net\/index.php\/wp-json\/wp\/v2\/posts\/170498","targetHints":{"allow":["GET"]}}],"collection":[{"href":"https:\/\/kamucalisani.net\/index.php\/wp-json\/wp\/v2\/posts"}],"about":[{"href":"https:\/\/kamucalisani.net\/index.php\/wp-json\/wp\/v2\/types\/post"}],"author":[{"embeddable":true,"href":"https:\/\/kamucalisani.net\/index.php\/wp-json\/wp\/v2\/users\/1"}],"replies":[{"embeddable":true,"href":"https:\/\/kamucalisani.net\/index.php\/wp-json\/wp\/v2\/comments?post=170498"}],"version-history":[{"count":1,"href":"https:\/\/kamucalisani.net\/index.php\/wp-json\/wp\/v2\/posts\/170498\/revisions"}],"predecessor-version":[{"id":170500,"href":"https:\/\/kamucalisani.net\/index.php\/wp-json\/wp\/v2\/posts\/170498\/revisions\/170500"}],"wp:featuredmedia":[{"embeddable":true,"href":"https:\/\/kamucalisani.net\/index.php\/wp-json\/wp\/v2\/media\/170499"}],"wp:attachment":[{"href":"https:\/\/kamucalisani.net\/index.php\/wp-json\/wp\/v2\/media?parent=170498"}],"wp:term":[{"taxonomy":"category","embeddable":true,"href":"https:\/\/kamucalisani.net\/index.php\/wp-json\/wp\/v2\/categories?post=170498"},{"taxonomy":"post_tag","embeddable":true,"href":"https:\/\/kamucalisani.net\/index.php\/wp-json\/wp\/v2\/tags?post=170498"}],"curies":[{"name":"wp","href":"https:\/\/api.w.org\/{rel}","templated":true}]}}