{"id":170581,"date":"2026-01-27T06:54:11","date_gmt":"2026-01-27T06:54:11","guid":{"rendered":"https:\/\/kamucalisani.net\/?p=170581"},"modified":"2026-01-27T06:54:11","modified_gmt":"2026-01-27T06:54:11","slug":"galatasaray-devler-liginde-citye-konuk-olacak","status":"publish","type":"post","link":"https:\/\/kamucalisani.net\/index.php\/2026\/01\/27\/galatasaray-devler-liginde-citye-konuk-olacak\/","title":{"rendered":"Galatasaray, Devler Ligi&#8217;nde City&#8217;e konuk olacak!"},"content":{"rendered":"<p><p>Manchester kentindeki Etihad Stad\u0131&#8217;nda yap\u0131lacak ma\u00e7, TS\u0130 23.00&#8217;te ba\u015flayacak. Kar\u015f\u0131la\u015fmay\u0131 \u0130spanyol hakem Alejandro Hernandez y\u00f6netecek. Hernandez&#8217;in yard\u0131mc\u0131l\u0131klar\u0131n\u0131 Jose Naranjo ve Diego Sanchez Rojo \u00fcstlenecek. M\u00fccadelenin d\u00f6rd\u00fcnc\u00fc hakemi ise Jose Luis Munuera olacak. Kar\u015f\u0131la\u015fmada VAR koltu\u011funda \u0130spanya&#8217;dan Carlos del Cerro Grande, AVAR&#8217;da da Almanya&#8217;dan Robert Schr\u00f6der g\u00f6rev yapacak.<\/p>\n<p>M\u00fcsabaka TRT 1&#8217;den yay\u0131mlanacak.<\/p>\n<p>UEFA \u015eampiyonlar Ligi&#8217;nde geride kalan 7 m\u00fcsabakada 3 galibiyet, 1 beraberlik ve 3 yenilgisi bulunan sar\u0131-k\u0131rm\u0131z\u0131l\u0131 tak\u0131m, 10 puan toplad\u0131. Galatasaray, averajla 18. s\u0131radaki Azerbaycan temsilcisi Karaba\u011f&#8217;\u0131 ge\u00e7erek 17. s\u0131rada yer ald\u0131.<\/p>\n<p>Manchester City ise 4 galibiyet, 1 beraberlik ve 2 yenilgiyle 13 puan elde etti. Maviler, averaja haftaya 11. s\u0131rada girdi.<\/p>\n<p><strong>Galatasaray, kendini ilk 16&#8217;ya atmaya \u00e7al\u0131\u015facak<\/strong><\/p>\n<p>Sar\u0131-k\u0131rm\u0131z\u0131l\u0131 ekip, Manchester City deplasman\u0131nda kazanarak 36 tak\u0131ml\u0131 lig etab\u0131n\u0131 ilk 16 i\u00e7inde bitirmeye \u00e7al\u0131\u015facak.<\/p>\n<p>B\u00fcy\u00fck bir s\u00fcrpriz olmamas\u0131 durumunda UEFA \u015eampiyonlar Ligi&#8217;nde ilk 24 i\u00e7inde yer alacak sar\u0131-k\u0131rm\u0131z\u0131l\u0131 ekip, play-off&#8217;ta seri ba\u015f\u0131 olmak i\u00e7in m\u00fccadele edecek. Galatasaray, yar\u0131nki m\u00fcsabakas\u0131 kazanmas\u0131 durumunda ilk 16&#8217;da yer alacak.<\/p>\n<p>Galatasaray, lig etab\u0131n\u0131 ilk 16&#8217;da tamamlamas\u0131 durumunda seri ba\u015f\u0131 olarak play-off&#8217;ta \u00f6nemli bir avantaj yakalayacak.<\/p>\n<p><strong>Sar\u0131-k\u0131rm\u0131z\u0131l\u0131 ekip tam kadro<\/strong><\/p>\n<p>Galatasaray, uzun bir aradan sonra bir ma\u00e7a tam kadro \u00e7\u0131kacak.<\/p>\n<p>Sar\u0131-k\u0131rm\u0131z\u0131l\u0131 ekipte son olarak 22 Kas\u0131m 2025&#8217;te Gen\u00e7lerbirli\u011fi ile yap\u0131lan Trendyol S\u00fcper Lig ma\u00e7\u0131nda forma giyen Wilfried Singo&#8217;nun yar\u0131nki ma\u00e7la kadroya d\u00f6nmesi bekleniyor. \u0130ki aydan fazla s\u00fcredir sahalardan uzak kalan Fildi\u015fi Sahilli savunma oyuncusu, bu s\u00fcre\u00e7te 13 resmi ma\u00e7\u0131 ka\u00e7\u0131rd\u0131. Galatasaray&#8217;da sakatl\u0131\u011f\u0131 nedeniyle son 3 resmi ma\u00e7\u0131 ka\u00e7\u0131ran Arda \u00dcnyay&#8217;\u0131n da kadroya al\u0131nmas\u0131 bekleniyor.<\/p>\n<p>Sar\u0131-k\u0131rm\u0131z\u0131l\u0131larda Ismail Jakobs, Davinson Sanchez ve Mario Lemina, sar\u0131 kart ceza s\u0131n\u0131r\u0131nda bulunuyor. Bu futbolcular yar\u0131nki ma\u00e7ta sar\u0131 kartla cezaland\u0131r\u0131lmas\u0131 durumunda sonraki m\u00fcsabakada forma giyemeyecek.<\/p>\n<p>Galatasaray&#8217;\u0131n ara transferde kadrosuna katt\u0131\u011f\u0131 Noa Lang ile Yaser Asprilla, stat\u00fc gere\u011fi yar\u0131nki kar\u015f\u0131la\u015fmada oynayamayacak.<\/p>\n<p><strong>Osimhen&#8217;in g\u00f6z\u00fc rekorda<\/strong><\/p>\n<p>Nijeryal\u0131 y\u0131ld\u0131z Victor Osimhen, yar\u0131nki m\u00fcsabakada gol atmas\u0131 durumunda sar\u0131-k\u0131rm\u0131z\u0131l\u0131 formayla Avrupa kupalar\u0131nda en fazla gol atan futbolcu olacak.<\/p>\n<p>Sar\u0131-k\u0131rm\u0131z\u0131l\u0131lardaki ikinci sezonunu ge\u00e7iren 26 ya\u015f\u0131ndaki y\u0131ld\u0131z santrfor, \u00e7\u0131kt\u0131\u011f\u0131 12 Avrupa kupas\u0131 m\u00fcsabakas\u0131nda 12 gol kaydetti.<\/p>\n<p>Galatasaray tarihinde Avrupa&#8217;da en fazla gol atan yabanc\u0131lar s\u0131ralamas\u0131nda 11&#8217;er gol atan Mario Jardel ve Gheorghe Hagi&#8217;yi geride b\u0131rakan Osimhen, 12&#8217;\u015fer gole sahip Milan Baros ve Shabani Nonda ile zirvede yer al\u0131yor.<\/p>\n<p>Victor Osimhen, Galatasaray formas\u0131yla Avrupa kupalar\u0131nda bir gol daha atmas\u0131 durumunda rekoru k\u0131rarak zirvenin tek ba\u015f\u0131na sahibi olacak.<\/p>\n<p><strong>\u0130lkay ve Sane i\u00e7in \u00f6zel ma\u00e7<\/strong><\/p>\n<p>Galatasaray&#8217;\u0131n y\u0131ld\u0131z futbolcular\u0131 \u0130lkay G\u00fcndo\u011fan ve Leroy Sane, eski tak\u0131mlar\u0131na kar\u015f\u0131 forma giyecek.<\/p>\n<p>Bu sezon ba\u015f\u0131nda sar\u0131-k\u0131rm\u0131z\u0131l\u0131 tak\u0131ma kat\u0131lan \u0130lkay, 2016&#8217;da transfer oldu\u011fu Manchester City&#8217;de 2 farkl\u0131 d\u00f6nemde (2016-2023 ve 2024-2025) 8 sezon forma giydi. Sane ise \u0130ngiliz ekibinde 2016-2020 aras\u0131nda 4 sezon \u0130ngiliz ekibinde top ko\u015fturdu. \u0130ki futbolcu da teknik direkt\u00f6r Pep Guardiola y\u00f6netiminde \u00f6nemli ba\u015far\u0131lar ya\u015fad\u0131\u011f\u0131 eski tak\u0131mlar\u0131na kar\u015f\u0131 m\u00fccadele edecek.<\/p>\n<p>\u0130lkay, Manchester City ile 1 UEFA \u015eampiyonlar Ligi, 5 Premier Lig, iki\u015fer \u0130ngiltere Kupas\u0131 ve \u0130ngiltere S\u00fcper Kupas\u0131, 4 de \u0130ngiltere Lig Kupas\u0131 \u015fampiyonlu\u011fu ya\u015fad\u0131. Tecr\u00fcbeli futbolcu, mavi formayla 358 resmi ma\u00e7ta 65 gol atma ba\u015far\u0131s\u0131 g\u00f6sterdi.<\/p>\n<p>Sane ise iki\u015fer Premier Lig, \u0130ngiltere Lig Kupas\u0131 ve \u0130ngiltere S\u00fcper Kupas\u0131&#8217;n\u0131 kazand\u0131. Alman futbolcu, Manchester City formas\u0131yla 135 resmi m\u00fcsabakaya \u00e7\u0131k\u0131p 39 kez fileleri havaland\u0131rd\u0131.<\/p>\n<p><strong>Ev sahibi ekipte \u00e7ok \u00f6nemli eksikler var<\/strong><\/p>\n<p>Manchester City&#8217;de 8 \u00f6nemli futbolcu, Galatasaray&#8217;a kar\u015f\u0131 m\u00fccadele edemeyecek.<\/p>\n<p>UEFA \u015eampiyonlar Ligi&#8217; nin 7. haftas\u0131ndaki Bodo\/Glimt m\u00fcsabakas\u0131nda k\u0131rm\u0131z\u0131 kart g\u00f6ren \u0130spanyol orta saha oyuncusu Rodri, yar\u0131nki m\u00fcsabakada sahaya \u00e7\u0131kamayacak.<\/p>\n<p>&#8220;Maviler&#8221;de Josko Gvardiol, Ruben Dias, John Stones, Nico Gonzalez, Mateo Kovacic, Oscar Bobb ve Savinho&#8217;nun da sakatl\u0131klar\u0131 nedeniyle yar\u0131n Galatasaray&#8217;a kar\u015f\u0131 oynamas\u0131 beklenmiyor. Ara transferde al\u0131nan Marc Guehi ile Antoine Semenyo da stat\u00fc gere\u011fi kadroya giremeyecek.<\/p>\n<p>\u0130ngiliz ekibinde, Nico O&#8217;Reilly, yar\u0131nki ma\u00e7ta sar\u0131 kart g\u00f6rmesi durumunda sonraki UEFA \u015eampiyonlar Ligi m\u00fcsabakas\u0131 i\u00e7in cezal\u0131 duruma d\u00fc\u015fecek.<\/p>\n<p><strong>Manchester City i\u00e7in ilk 8 \u015fans\u0131<\/strong><\/p>\n<p>\u0130ngiliz temsilcisi, &#8220;Devler Ligi&#8221;nde normal sezonu ilk 8&#8217;de bitirebilmek i\u00e7in Galatasaray ma\u00e7\u0131n\u0131 kazanmas\u0131 gerekiyor.<\/p>\n<p>UEFA \u015eampiyonlar Ligi&#8217;nde geride kalan 7 m\u00fcsabakada 13 puan toplayan Pep Guardiola&#8217;n\u0131n \u00f6\u011frencileri, 11. s\u0131rada yer al\u0131yor. Manchester City, yar\u0131nki kar\u015f\u0131la\u015fmay\u0131 kazansa bile averajla ilk 8 d\u0131\u015f\u0131nda kalma ihtimali bulunuyor.<\/p>\n<p>Lig etab\u0131n\u0131 ilk 8&#8217;de bitirecek tak\u0131mlar, play-off&#8217;u ma\u00e7 yapmadan ge\u00e7erek do\u011frudan son 16 turuna y\u00fckselecek.<\/p>\n<p><strong>Premier Lig ve \u015eampiyonlar Ligi&#8217;nde 6 ma\u00e7ta bir kez kazand\u0131<\/strong><\/p>\n<p>Manchester City, \u0130ngiltere Premier Lig ve UEFA \u015eampiyonlar Ligi&#8217;nde \u00e7\u0131kt\u0131\u011f\u0131 6 m\u00fcsabakada sadece 1 kez galip geldi.<\/p>\n<p>Son zamanlarda formsuz bir g\u00f6r\u00fcnt\u00fc \u00e7izen &#8220;Maviler&#8221; Premier Lig&#8217;deki son 5 m\u00fcsabakada 1 galibiyet, 3 beraberlik ve 1 yenilgi ya\u015fad\u0131. \u0130ngiliz ekibi, UEFA \u015eampiyonlar Ligi&#8217;ndeki tek ma\u00e7ta ise Norve\u00e7 temsilcisi Bodo\/Glimt&#8217;e ma\u011flup oldu.<\/p>\n<p><strong>Haaland, 2026&#8217;ya iyi ba\u015flayamad\u0131<\/strong><\/p>\n<p>Manchester City&#8217;nin Norve\u00e7li y\u0131ld\u0131z\u0131 Erling Haaland, son d\u00f6nemdeki formsuz g\u00f6r\u00fcnt\u00fcs\u00fc dikkati \u00e7ekiyor.<\/p>\n<p>Bu sezon 32 resmi m\u00fcsabakada forma giyen Haaland, toplamda 26 kez fileleri havaland\u0131rarak etkileyici bir performans sergiledi. 25 ya\u015f\u0131ndaki santrfor, iyi bir sezon ge\u00e7irmesine ra\u011fmen son d\u00f6nemde skor \u00fcretmekte s\u0131k\u0131nt\u0131 ya\u015f\u0131yor.<\/p>\n<p>2026 y\u0131l\u0131nda 8 resmi m\u00fcsabakaya \u00e7\u0131kan Haaland, sadece 1 kez gol sevinci ya\u015fayabildi. \u0130ngiltere Premier Lig&#8217;de 5 ma\u00e7ta 1 gol atabilen y\u0131ld\u0131z futbolcu, UEFA \u015eampiyonlar Ligi, \u0130ngiltere Kupas\u0131 ve \u0130ngiltere Lig Kupas\u0131&#8217;ndaki birer ma\u00e7ta skor katk\u0131s\u0131 veremedi.<\/p>\n<p>Manchester City&#8217;de bu sezon \u00e7\u0131kt\u0131\u011f\u0131 31 resmi m\u00fcsabakada 10 kez skoru de\u011fi\u015ftirerek tak\u0131m\u0131n en golc\u00fc ikinci oyuncusu olan Phil Foden da son 1,5 ayl\u0131k s\u00fcre\u00e7teki 10 resmi m\u00fcsabakada fileleri havaland\u0131ramad\u0131.<\/p>\n\n<p><\/p>\n<p>Kaynak :\u00a0<span style=\"background-color: rgb(255, 249, 236); color: rgb(55, 58, 60); font-size: 14px;\">http:\/\/www.milliyet.com.tr\/skorer\/galatasaray-devler-liginde-citye-konuk-olacak-7527926<\/span><\/p>\n","protected":false},"excerpt":{"rendered":"<p>Galatasaray, UEFA \u015eampiyonlar Ligi&#8217;nin 8. haftas\u0131nda yar\u0131n deplasmanda \u0130ngiltere temsilcisi Manchester City ile kar\u015f\u0131la\u015facak.<\/p>\n","protected":false},"author":1,"featured_media":170582,"comment_status":"open","ping_status":"open","sticky":false,"template":"","format":"standard","meta":{"footnotes":""},"categories":[7],"tags":[289,1218,288,6991,2457],"class_list":["post-170581","post","type-post","status-publish","format-standard","has-post-thumbnail","hentry","category-spor","tag-gol","tag-ingiltere","tag-mac","tag-manchester-city","tag-musabaka"],"_links":{"self":[{"href":"https:\/\/kamucalisani.net\/index.php\/wp-json\/wp\/v2\/posts\/170581","targetHints":{"allow":["GET"]}}],"collection":[{"href":"https:\/\/kamucalisani.net\/index.php\/wp-json\/wp\/v2\/posts"}],"about":[{"href":"https:\/\/kamucalisani.net\/index.php\/wp-json\/wp\/v2\/types\/post"}],"author":[{"embeddable":true,"href":"https:\/\/kamucalisani.net\/index.php\/wp-json\/wp\/v2\/users\/1"}],"replies":[{"embeddable":true,"href":"https:\/\/kamucalisani.net\/index.php\/wp-json\/wp\/v2\/comments?post=170581"}],"version-history":[{"count":1,"href":"https:\/\/kamucalisani.net\/index.php\/wp-json\/wp\/v2\/posts\/170581\/revisions"}],"predecessor-version":[{"id":170583,"href":"https:\/\/kamucalisani.net\/index.php\/wp-json\/wp\/v2\/posts\/170581\/revisions\/170583"}],"wp:featuredmedia":[{"embeddable":true,"href":"https:\/\/kamucalisani.net\/index.php\/wp-json\/wp\/v2\/media\/170582"}],"wp:attachment":[{"href":"https:\/\/kamucalisani.net\/index.php\/wp-json\/wp\/v2\/media?parent=170581"}],"wp:term":[{"taxonomy":"category","embeddable":true,"href":"https:\/\/kamucalisani.net\/index.php\/wp-json\/wp\/v2\/categories?post=170581"},{"taxonomy":"post_tag","embeddable":true,"href":"https:\/\/kamucalisani.net\/index.php\/wp-json\/wp\/v2\/tags?post=170581"}],"curies":[{"name":"wp","href":"https:\/\/api.w.org\/{rel}","templated":true}]}}