{"id":170851,"date":"2026-01-27T14:24:11","date_gmt":"2026-01-27T14:24:11","guid":{"rendered":"https:\/\/kamucalisani.net\/?p=170851"},"modified":"2026-01-27T14:24:11","modified_gmt":"2026-01-27T14:24:11","slug":"yer-ankara-eski-damat-katliam-yapti-kaynanasina-karisina-en-son-da-kendisine-sikmis","status":"publish","type":"post","link":"https:\/\/kamucalisani.net\/index.php\/2026\/01\/27\/yer-ankara-eski-damat-katliam-yapti-kaynanasina-karisina-en-son-da-kendisine-sikmis\/","title":{"rendered":"Yer: Ankara! Eski damat katliam yapt\u0131: \u2018Kaynanas\u0131na, kar\u0131s\u0131na, en son da kendisine s\u0131km\u0131\u015f\u2019"},"content":{"rendered":"<p><p>Olay, saat 12.00 s\u0131ralar\u0131nda \u00d6mer Halisdemir Bulvar\u0131\u2019ndaki bir apartmanda meydana geldi. Erkan Bartan, bir s\u00fcre \u00f6nce bo\u015fand\u0131\u011f\u0131 Sevkin Ko\u00e7ak\u2019a bir araya gelmek i\u00e7in teklifte bulundu. Ancak Ko\u00e7ak olumsuz yan\u0131t verdi. Erkan Bartan, bug\u00fcn Sevkin Ko\u00e7ak&#8217;\u0131n annesi, babas\u0131 ve k\u0131z\u0131 ile ya\u015fad\u0131\u011f\u0131 eve gitti. Burada Bartan ile eski e\u015fi Sevkin Ko\u00e7ak aras\u0131nda tart\u0131\u015fma \u00e7\u0131kt\u0131. Tart\u0131\u015fma s\u0131ras\u0131nda Erkan Bartan, tabanca ile eski e\u015fi Sevkin Ko\u00e7ak ile onun annesi \u00dclker Ko\u00e7ak&#8217;a ate\u015f etti. Bartan ard\u0131ndan namluyu kendisine do\u011frultup teti\u011fi \u00e7ekti.<\/p>\n<p>\u0130hbar \u00fczerine adrese polis ve sa\u011fl\u0131k ekipleri sevk edildi. Gelen sa\u011fl\u0131k ekiplerinin kontrol\u00fcnde Erkan Bartan ile \u00dclker Ko\u00e7ak\u2019\u0131n ya\u015fam\u0131n\u0131 yitirdi\u011fi tespit edildi. A\u011f\u0131r yaralanan Sevkin Ko\u00e7ak ise ambulansla G\u00fclhane E\u011fitim ve Ara\u015ft\u0131rma Hastanesi&#8217;ne kald\u0131r\u0131larak tedaviye al\u0131nd\u0131. Cenazeler, olay yerinde yap\u0131lan incelemelerin ard\u0131ndan Ankara Adli T\u0131p Kurumu&#8217;na g\u00f6nderildi.<\/p>\n<p><strong>YAKINLARI S\u0130N\u0130R KR\u0130Z\u0130 GE\u00c7\u0130RD\u0130<\/strong><\/p>\n<p>Olay s\u0131ras\u0131nda evde bulunan ancak yara almayan eski kay\u0131npeder Hasan Ko\u00e7ak, binan\u0131n \u00f6n\u00fcnde oturarak g\u00f6z ya\u015f\u0131 d\u00f6kt\u00fc. Ac\u0131 haberi ald\u0131ktan sonra olay yerine gelen Ko\u00e7ak ailesinin yak\u0131nlar\u0131 sinir krizi ge\u00e7irdi. Sald\u0131rgan\u0131n uyu\u015fturucudan kayd\u0131 oldu\u011fu belirtildi.<\/p>\n<div>\n<div><img decoding=\"async\" src=\"https:\/\/kamucalisani.net\/wp-content\/uploads\/2026\/01\/yer-ankara-eski-damat-katliam-yapti-kaynanasina-karisina-en-son-da-kendisine-sikmis-0-5QPJ6O96.jpg\"\/><\/img><\/div>\n<\/div>\n<p><strong>&#8216;GER\u0130 B\u0130RLE\u015eMEK \u0130ST\u0130YORDU&#8217;<\/strong><\/p>\n<p>Sevkin Ko\u00e7ak&#8217;\u0131n kuzeni H\u00fcrol Dursun, &#8220;Bo\u015fanm\u0131\u015flard\u0131, ondan dolay\u0131 bir gerginlik var tabii ortada. Y\u0131llar\u0131n vermi\u015f oldu\u011fu bir \u015fey. Geri birle\u015fmek istiyordu. \u0130ster istemez husumet oldu aralar\u0131nda. Ondan dolay\u0131 da kap\u0131ya dayan\u0131yor; geliyor, gidiyor. O arada kay\u0131npederi a\u00e7m\u0131\u015f kap\u0131y\u0131. Kap\u0131y\u0131 a\u00e7\u0131nca ate\u015f etmeye ba\u015flam\u0131\u015f. Kaynanas\u0131na, kar\u0131s\u0131na, en son da kendisine s\u0131k\u0131yor. Uyu\u015fturucudan cezaevine girdi, \u00e7\u0131kt\u0131. Kad\u0131n kuaf\u00f6r\u00fcyd\u00fc. Tart\u0131\u015fmalar\u0131 tabii \u015fahit olduk da b\u00f6yle bir \u015fey olaca\u011f\u0131n\u0131 hi\u00e7 tahmin edemiyorduk. Day\u0131m\u0131z\u0131n k\u0131z\u0131 a\u011f\u0131r yaral\u0131. GATA hastanesinde yat\u0131yor, yengem rahmetli olmu\u015f. Kendisini de vuruyor en son i\u015fte. Bir tane k\u0131zlar\u0131 vard\u0131&#8221; dedi.<\/p>\n<p>Sevkin Ko\u00e7ak&#8217;\u0131n hayati tehlikesinin bulundu\u011fu belirtilirken, polisin olayla ilgili soru\u015fturmas\u0131 s\u00fcr\u00fcyor.<\/p>\n\n<p><\/p>\n<p>Kaynak :\u00a0<span style=\"background-color: rgb(255, 249, 236); color: rgb(55, 58, 60); font-size: 14px;\">http:\/\/www.milliyet.com.tr\/gundem\/yer-ankara-eski-damat-katliam-yapti-kaynanasina-karisina-en-son-da-kendisine-sikmis-7528230<\/span><\/p>\n","protected":false},"excerpt":{"rendered":"<p>Ankara\u2019n\u0131n Alt\u0131nda\u011f il\u00e7esinde Erkan Bartan (53), eski e\u015fi Sevkin Ko\u00e7ak&#8217;\u0131 (54) yaralay\u0131p kay\u0131nvalidesi \u00dclker Ko\u00e7ak&#8217;\u0131 (73) \u00f6ld\u00fcrd\u00fckten sonra ayn\u0131 silahla ya\u015fam\u0131na son verdi.<\/p>\n","protected":false},"author":1,"featured_media":170852,"comment_status":"open","ping_status":"open","sticky":false,"template":"","format":"standard","meta":{"footnotes":""},"categories":[3],"tags":[8179,377],"class_list":["post-170851","post","type-post","status-publish","format-standard","has-post-thumbnail","hentry","category-guncel","tag-kocak","tag-olay"],"_links":{"self":[{"href":"https:\/\/kamucalisani.net\/index.php\/wp-json\/wp\/v2\/posts\/170851","targetHints":{"allow":["GET"]}}],"collection":[{"href":"https:\/\/kamucalisani.net\/index.php\/wp-json\/wp\/v2\/posts"}],"about":[{"href":"https:\/\/kamucalisani.net\/index.php\/wp-json\/wp\/v2\/types\/post"}],"author":[{"embeddable":true,"href":"https:\/\/kamucalisani.net\/index.php\/wp-json\/wp\/v2\/users\/1"}],"replies":[{"embeddable":true,"href":"https:\/\/kamucalisani.net\/index.php\/wp-json\/wp\/v2\/comments?post=170851"}],"version-history":[{"count":1,"href":"https:\/\/kamucalisani.net\/index.php\/wp-json\/wp\/v2\/posts\/170851\/revisions"}],"predecessor-version":[{"id":170854,"href":"https:\/\/kamucalisani.net\/index.php\/wp-json\/wp\/v2\/posts\/170851\/revisions\/170854"}],"wp:featuredmedia":[{"embeddable":true,"href":"https:\/\/kamucalisani.net\/index.php\/wp-json\/wp\/v2\/media\/170852"}],"wp:attachment":[{"href":"https:\/\/kamucalisani.net\/index.php\/wp-json\/wp\/v2\/media?parent=170851"}],"wp:term":[{"taxonomy":"category","embeddable":true,"href":"https:\/\/kamucalisani.net\/index.php\/wp-json\/wp\/v2\/categories?post=170851"},{"taxonomy":"post_tag","embeddable":true,"href":"https:\/\/kamucalisani.net\/index.php\/wp-json\/wp\/v2\/tags?post=170851"}],"curies":[{"name":"wp","href":"https:\/\/api.w.org\/{rel}","templated":true}]}}