{"id":170866,"date":"2026-01-27T14:48:11","date_gmt":"2026-01-27T14:48:11","guid":{"rendered":"https:\/\/kamucalisani.net\/?p=170866"},"modified":"2026-01-27T14:48:11","modified_gmt":"2026-01-27T14:48:11","slug":"yaylada-vahset-davasi-babami-yaktilar-kemiklerini-ben-topladim","status":"publish","type":"post","link":"https:\/\/kamucalisani.net\/index.php\/2026\/01\/27\/yaylada-vahset-davasi-babami-yaktilar-kemiklerini-ben-topladim\/","title":{"rendered":"Yaylada vah\u015fet davas\u0131: &#8216;Babam\u0131 yakt\u0131lar, kemiklerini ben toplad\u0131m&#8217;"},"content":{"rendered":"<p><p>Trabzon&#8217;un Arakl\u0131 il\u00e7esinde akrabalar\u0131ndan 3&#8217;\u00fcn\u00fc b\u0131\u00e7aklayarak \u00f6ld\u00fcrd\u00fckten sonra bulunduklar\u0131 evi ate\u015fe verdikleri iddias\u0131yla tutuklu bulunan 2 san\u0131\u011f\u0131n yarg\u0131lanmas\u0131 s\u00fcrd\u00fc.<\/p>\n<p>Trabzon 3. A\u011f\u0131r Ceza Mahkemesi&#8217;nde g\u00f6r\u00fclen duru\u015fmaya, 21 A\u011fustos 2024&#8217;te il\u00e7eye ba\u011fl\u0131 Ha\u00e7ovit Yaylas\u0131&#8217;ndaki evde Arif (67) ve e\u015fi G\u00fcl\u00fczar (61) ile Kas\u0131m A&#8217;\u0131n (66) b\u0131\u00e7aklanarak \u00f6ld\u00fcr\u00fclmesi ve ard\u0131ndan evin yak\u0131lmas\u0131yla ilgili tutuklu yarg\u0131lanan san\u0131k Mehmet A. ile taraf avukatlar\u0131 duru\u015fma salonunda yer ald\u0131.<\/p>\n<p>Karde\u015fi A.A. ise duru\u015fmaya Kavak \u00c7ocuk Kapal\u0131 Ceza \u0130nfaz Kurumu&#8217;ndan Ses ve G\u00f6r\u00fcnt\u00fc Bili\u015fim Sistemi (SEGB\u0130S) arac\u0131l\u0131\u011f\u0131yla kat\u0131ld\u0131.<\/p>\n<p>Tutuklu san\u0131k Mehmet A. savunmas\u0131nda, olay g\u00fcn\u00fc yengesi G\u00fcl\u00fczar A&#8217;n\u0131n, karde\u015fi A.A. ile kendisini evine davet etti\u011fini, \u00f6ld\u00fcrme amac\u0131yla evlerine gitmedi\u011fini ileri s\u00fcrd\u00fc.<\/p>\n<p>Tan\u0131k beyanlar\u0131n\u0131 kabul etmeyen Mehmet A, maktullerin karde\u015fiyle kendisini \u00f6ld\u00fcrmeye \u00e7al\u0131\u015ft\u0131klar\u0131n\u0131 iddia ederek, en hafif cezayla yarg\u0131lanmay\u0131 talep etti.<\/p>\n<p>San\u0131k A.A. da su\u00e7u olmad\u0131\u011f\u0131n\u0131 ileri s\u00fcrerek, tahliyesini talep etti.<\/p>\n<p>Tan\u0131k olarak dinlenen san\u0131klar\u0131n abisi \u0130smail A. ise olay tarihinde Mersin&#8217;de \u00e7al\u0131\u015ft\u0131\u011f\u0131n\u0131, olay ger\u00e7ekle\u015ftikten sonra haberdar oldu\u011funu s\u00f6yledi.<\/p>\n<p>Maktullerden Kas\u0131m A&#8217;n\u0131n o\u011flu M.A, \u00f6len babas\u0131n\u0131n ekmek paras\u0131 i\u00e7in orada bulundu\u011funu belirterek, &#8220;Benim babam\u0131 niye yakt\u0131n\u0131z? Benim babam ekme\u011fi i\u00e7in oradayd\u0131. Yakt\u0131lar babam\u0131, kemiklerini toplad\u0131m.&#8221; ifadelerini kulland\u0131.<\/p>\n<p>Taraf avukatlar\u0131n\u0131n ve cumhuriyet savc\u0131s\u0131n\u0131n beyan\u0131n\u0131n ard\u0131ndan mahkeme heyeti, san\u0131klar\u0131n tutukluluk halinin devam\u0131na karar vererek duru\u015fmay\u0131 erteledi.<\/p>\n\n<p><\/p>\n<p>Kaynak :\u00a0<span style=\"background-color: rgb(255, 249, 236); color: rgb(55, 58, 60); font-size: 14px;\">http:\/\/www.milliyet.com.tr\/gundem\/trabzonun-arakli-ilcesinde-akrabalarindan-3unu-bicaklayarak-oldurdukten-sonra-bulunduklari-evi-atese-verdikleri-iddiasiyla-tutuklu-7528235<\/span><\/p>\n","protected":false},"excerpt":{"rendered":"<p>Trabzon\u2019un Arakl\u0131 il\u00e7esinde ayn\u0131 aileden 3 ki\u015finin b\u0131\u00e7aklanarak \u00f6ld\u00fcr\u00fclmesi ve ard\u0131ndan evin ate\u015fe verilmesine ili\u015fkin dava s\u00fcrd\u00fc. Maktullerden birinin o\u011flu, mahkemede &#8216;Babam\u0131 yakt\u0131lar, kemiklerini ben toplad\u0131m&#8217; s\u00f6zleriyle ya\u015fanan vah\u015feti g\u00f6zler \u00f6n\u00fcne sererken, tutuklu san\u0131klar su\u00e7lamalar\u0131 reddetti.<\/p>\n","protected":false},"author":1,"featured_media":170867,"comment_status":"open","ping_status":"open","sticky":false,"template":"","format":"standard","meta":{"footnotes":""},"categories":[3],"tags":[447],"class_list":["post-170866","post","type-post","status-publish","format-standard","has-post-thumbnail","hentry","category-guncel","tag-sanik"],"_links":{"self":[{"href":"https:\/\/kamucalisani.net\/index.php\/wp-json\/wp\/v2\/posts\/170866","targetHints":{"allow":["GET"]}}],"collection":[{"href":"https:\/\/kamucalisani.net\/index.php\/wp-json\/wp\/v2\/posts"}],"about":[{"href":"https:\/\/kamucalisani.net\/index.php\/wp-json\/wp\/v2\/types\/post"}],"author":[{"embeddable":true,"href":"https:\/\/kamucalisani.net\/index.php\/wp-json\/wp\/v2\/users\/1"}],"replies":[{"embeddable":true,"href":"https:\/\/kamucalisani.net\/index.php\/wp-json\/wp\/v2\/comments?post=170866"}],"version-history":[{"count":1,"href":"https:\/\/kamucalisani.net\/index.php\/wp-json\/wp\/v2\/posts\/170866\/revisions"}],"predecessor-version":[{"id":170868,"href":"https:\/\/kamucalisani.net\/index.php\/wp-json\/wp\/v2\/posts\/170866\/revisions\/170868"}],"wp:featuredmedia":[{"embeddable":true,"href":"https:\/\/kamucalisani.net\/index.php\/wp-json\/wp\/v2\/media\/170867"}],"wp:attachment":[{"href":"https:\/\/kamucalisani.net\/index.php\/wp-json\/wp\/v2\/media?parent=170866"}],"wp:term":[{"taxonomy":"category","embeddable":true,"href":"https:\/\/kamucalisani.net\/index.php\/wp-json\/wp\/v2\/categories?post=170866"},{"taxonomy":"post_tag","embeddable":true,"href":"https:\/\/kamucalisani.net\/index.php\/wp-json\/wp\/v2\/tags?post=170866"}],"curies":[{"name":"wp","href":"https:\/\/api.w.org\/{rel}","templated":true}]}}