{"id":170971,"date":"2026-01-27T17:30:16","date_gmt":"2026-01-27T17:30:16","guid":{"rendered":"https:\/\/kamucalisani.net\/?p=170971"},"modified":"2026-01-27T17:30:16","modified_gmt":"2026-01-27T17:30:16","slug":"canli-transfer-fenerbahceden-yeni-kante-hamlesi-teklif-yapacaklar","status":"publish","type":"post","link":"https:\/\/kamucalisani.net\/index.php\/2026\/01\/27\/canli-transfer-fenerbahceden-yeni-kante-hamlesi-teklif-yapacaklar\/","title":{"rendered":"CANLI TRANSFER | Fenerbah\u00e7e&#8217;den yeni Kante hamlesi! Teklif yapacaklar"},"content":{"rendered":"<p><p>S\u00fcper Lig&#8217;de k\u0131\u015f transfer d\u00f6nemi ba\u015flarken tak\u0131mlar kadrolar\u0131n\u0131 g\u00fc\u00e7lendirmek i\u00e7in harekete ge\u00e7ti. \u0130\u015fte Galatasaray, Fenerbah\u00e7e, Be\u015fikta\u015f ve Trabzonspor&#8217;un ilgilendi\u011fi isimler ba\u015fta olmak \u00fczere transfer g\u00fcndeminde yer alan futbolcular&#8230;<\/p>\n<section>\n<div>\n<div><span>19:55<\/span><span>27 Ocak 2026<\/span><\/p>\n<div>FENERBAH\u00c7E&#8217;DEN YEN\u0130 KANTE HAMLES\u0130<\/div>\n<div>\n<p>Transfer \u00e7al\u0131\u015fmalar\u0131n\u0131 s\u00fcrd\u00fcrenFenerbah\u00e7e, N&#8217;Golo Kante transferinde yeni bir ad\u0131m att\u0131.<\/p>\n<p>Ya\u011f\u0131z Sabuncuo\u011flu&#8217;nun haberine g\u00f6re; Sar\u0131-lacivertli y\u00f6netim, uzun s\u00fcredir devam eden g\u00f6r\u00fc\u015fmelerin ard\u0131ndan Al-Ittihad&#8217;a yeni resmi teklifini iletti.<\/p>\n<p><strong>S\u00dcRE\u00c7TE KR\u0130T\u0130K A\u015eAMA<\/strong><\/p>\n<p>Fenerbah\u00e7e y\u00f6netimi, belirsizli\u011fi sona erdirmek ve transferi k\u0131sa s\u00fcre i\u00e7inde netle\u015ftirmek i\u00e7in s\u00fcreci h\u0131zland\u0131rd\u0131. Teknik heyet Kante&#8217;yi planlamada \u00f6nemli bir par\u00e7a olarak g\u00f6rse de, y\u00f6netim anla\u015fma sa\u011flanamazsa alternatif orta saha planlar\u0131n\u0131 devreye sokmaya haz\u0131rlan\u0131yor.<\/p>\n<p><strong>BONSERV\u0130S PAZARLI\u011eI DEVAM ED\u0130YOR<\/strong><\/p>\n<p>Transferin \u00f6n\u00fcndeki temel engel bonservis bedeli. Fenerbah\u00e7e ve Al-Ittihad aras\u0131nda ge\u00e7mi\u015fte 5 milyon euro seviyesine kadar inen g\u00f6r\u00fc\u015fmeler oldu\u011fu biliniyor. Yeni resmi teklifin bu pazarl\u0131\u011f\u0131n bir sonraki ad\u0131m\u0131 oldu\u011fu, taraflar\u0131n rakam \u00fczerinde tekrar de\u011ferlendirme yapaca\u011f\u0131 ifade ediliyor.<\/p>\n<p><img decoding=\"async\" src=\"https:\/\/kamucalisani.net\/wp-content\/uploads\/2026\/01\/canli-transfer-fenerbahceden-yeni-kante-hamlesi-teklif-yapacaklar-0-mZL1jmwb.jpg\"\/><\/img><\/p>\n<p><strong>KANTE AVRUPA&#8217;YA D\u00d6NMEK \u0130ST\u0130YOR<\/strong><\/p>\n<p>34 ya\u015f\u0131ndaki y\u0131ld\u0131z orta saha, y\u00fcksek maa\u015fl\u0131 Suudi tekliflerine ra\u011fmen Avrupa&#8217;ya d\u00f6nmeye s\u0131cak bak\u0131yor. Al-Ittihad&#8217;\u0131n y\u0131ll\u0131k 30 milyon euro civar\u0131ndaki yeni s\u00f6zle\u015fme \u00f6nerisine ra\u011fmen Kante&#8217;nin, alacaklar\u0131ndan feragat ederek Fenerbah\u00e7e&#8217;ye gelmeye istekli oldu\u011fu aktar\u0131l\u0131yor.<\/p>\n<p><strong>BU SEZONK\u0130 PERFORMANSI<\/strong><\/p>\n<p>Kante, bu sezon 24 ma\u00e7ta 2107 dakika sahada kald\u0131 ve 1 gol kaydetti.<\/p>\n<p><strong>KAR\u0130YER\u0130<\/strong><\/p>\n<p>US Boulogne, Caen, Leicester City ve Chelsea formalar\u0131 giyen Kante, 2018 D\u00fcnya Kupas\u0131&#8217;n\u0131 Fransa Milli Tak\u0131m\u0131 ile kazand\u0131.<\/p>\n<\/div>\n<\/div>\n<div><span>18:30<\/span><span>27 Ocak 2026<\/span><\/p>\n<div>BE\u015e\u0130KTA\u015e&#8217;TAN MUSTFA HEK\u0130MO\u011eLU KARARI<\/div>\n<div>\n<p>Be\u015fikta\u015f&#8217;\u0131n gen\u00e7 golc\u00fcs\u00fc Mustafa Erhan Hekimo\u011flu&#8217;nu, Hollanda tak\u0131m\u0131 NEC Nijmegen&#8217;in kiral\u0131k olarak transfer etmek istedi\u011fi \u00f6\u011frenildi. Ancak y\u00f6netim bu transfere onay vermedi.<\/p>\n<p><img decoding=\"async\" src=\"https:\/\/kamucalisani.net\/wp-content\/uploads\/2026\/01\/canli-transfer-fenerbahceden-yeni-kante-hamlesi-teklif-yapacaklar-1-AfP2Z5LM.jpg\"\/><\/img><\/p>\n<\/div>\n<\/div>\n<div><span>17:05<\/span><span>27 Ocak 2026<\/span><\/p>\n<div>BE\u015e\u0130KTA\u015e&#8217;A PREMIER L\u0130G&#8217;DEN BA\u015eKA B\u0130R KALEC\u0130<\/div>\n<div>\n<p>Transfer \u00e7al\u0131\u015fmalar\u0131na devam eden ve kadrosuna kaleci takviyesi yapmak isteyen Be\u015fikta\u015f, g\u00fcndemine yeni bir ismi ald\u0131.<\/p>\n<p>Daha \u00f6nce Chelsea&#8217;den J\u00f6rgensen ile ilgilenen Be\u015fikta\u015f, bu sefer de Foot Mercato&#8217;nun haberine g\u00f6re West Ham United formas\u0131 giyen Alphonse Areola&#8217;y\u0131 g\u00fcndemine ald\u0131.<\/p>\n<p>32 ya\u015f\u0131ndaki Frans\u0131z kaleci bu sezon tak\u0131m\u0131yla 20 ma\u00e7ta g\u00f6rev ald\u0131.<\/p>\n<p><img decoding=\"async\" src=\"https:\/\/kamucalisani.net\/wp-content\/uploads\/2026\/01\/canli-transfer-fenerbahceden-yeni-kante-hamlesi-teklif-yapacaklar-2-5zhZdJLz.jpg\"\/><\/img><\/p>\n<\/div>\n<\/div>\n<div><span>16:15<\/span><span>27 Ocak 2026<\/span><\/p>\n<div>FENERBAH\u00c7E&#8217;DEN BREZ\u0130LYA&#8217;YA TRANSFER \u00c7IKARMASI<\/div>\n<div>\n<p>H\u00fccum hatt\u0131n\u0131 g\u00fc\u00e7lendirmek i\u00e7in kollar\u0131 s\u0131vayan Fenerbah\u00e7e&#8217;de ile ilgili \u00e7arp\u0131c\u0131 bir iddia ortaya at\u0131ld\u0131.<\/p>\n<p>Brezilya bas\u0131n\u0131ndan Bolavip&#8217;in haberine g\u00f6re sar\u0131-lacivertliler Palmeiras formas\u0131 giyen Arjantinli forvet Flaco Lopez ile ilgileniyor.<\/p>\n<p>Palmeiras&#8217;\u0131n Lopez&#8217;i g\u00f6ndermek istemedi\u011fi ancak \u00f6nerilecek rakama g\u00f6re gelen teklifleri de\u011ferlendirmeye alabilece\u011fi kaydedildi.<\/p>\n<p>\u00d6te yandan Lopez&#8217;in Palmeiras&#8217;ta mutlu oldu\u011fu ve b\u00fcy\u00fck bir proje sunulmas\u0131 halinde Avrupa&#8217;ya transfer olmay\u0131 d\u00fc\u015f\u00fcnebilece\u011finin alt\u0131 \u00e7izildi.<\/p>\n<p><img decoding=\"async\" src=\"https:\/\/kamucalisani.net\/wp-content\/uploads\/2026\/01\/canli-transfer-fenerbahceden-yeni-kante-hamlesi-teklif-yapacaklar-3-AhjyUKIk.jpg\"\/><\/img><\/p>\n<\/div>\n<\/div>\n<div><span>15:24<\/span><span>27 Ocak 2026<\/span><\/p>\n<div>HEDEF YEN\u0130DEN LOOKMAN<\/div>\n<div>\n<p>Fenerbah\u00e7e transfer d\u00f6neminde kadrosunu g\u00fc\u00e7lendirmek i\u00e7in Musaba ve Guendouzi hamleleri yaparken santrfor b\u00f6lgesinde ise istenen ad\u0131mlar bir t\u00fcrl\u00fc at\u0131lamad\u0131. Bir\u00e7ok isimle g\u00f6r\u00fc\u015fmeler ger\u00e7ekle\u015ftirilirken rota yeniden Ademola Lookman&#8217;a \u00e7evrildi. Nijeryal\u0131 oyuncu i\u00e7in Atalanta ilk etapta 45 milyon Euro talep etti. Ancak istenen tekliflerin gelmemesi ile birlikte 35 milyon Euro&#8217;ya inildi.<\/p>\n<p>Bu haber sonras\u0131nda u\u00e7a\u011f\u0131n y\u00f6n\u00fcn\u00fc bir kez daha \u0130talya&#8217;ya \u00e7eviren sar\u0131-lacivertli y\u00f6netim, hem oyuncu hem de Atalanta ile bir kez daha masaya oturmak i\u00e7in haz\u0131rl\u0131k yapt\u0131. Tak\u0131m\u0131n santrfor ihtiyac\u0131n\u0131n \u00f6zellikle G\u00f6ztepe kar\u015f\u0131s\u0131nda \u00f6ne \u00e7\u0131kmas\u0131 ile birlikte ba\u015fkan Sadettin Saran da i\u015flerin h\u0131zlanmas\u0131n\u0131 istedi. Bu arada \u0130talyan medyas\u0131 Lookman i\u00e7in Napoli&#8217;nin de devreye girdi\u011fini yazd\u0131. (Sabah)<\/p>\n<p><img decoding=\"async\" src=\"https:\/\/kamucalisani.net\/wp-content\/uploads\/2026\/01\/canli-transfer-fenerbahceden-yeni-kante-hamlesi-teklif-yapacaklar-4-F1L5AxWc.jpg\"\/><\/img><\/p>\n<\/div>\n<\/div>\n<div><span>13:57<\/span><span>27 Ocak 2026<\/span><\/p>\n<div>YAS\u0130N \u00d6ZCAN \u0130STANBUL&#8217;A GELECEK<\/div>\n<div>\n<p>Be\u015fikta\u015f&#8217;\u0131n Tammy Abraham transferinde kadrosuna kataca\u011f\u0131 Yasin \u00d6zcan, bu ak\u015fam saat 20.40&#8217;ta \u0130stanbul&#8217;a gelecek.<\/p>\n<p>Be\u015fikta\u015f, Tammy Abraham&#8217;\u0131 21 milyon euro + Yasin \u00d6zcan kar\u015f\u0131l\u0131\u011f\u0131nda Aston Villa&#8217;ya yollayacak. Siyah-beyazl\u0131 ekip, ge\u00e7ti\u011fimiz g\u00fcnlerde Abraham&#8217;\u0131n sat\u0131n alma opsiyonu olan 13 Milyon euroyu \u00f6dedi\u011fini KAP&#8217;a bildirmi\u015fti.<\/p>\n<p>Be\u015fikta\u015f, Yasin \u00d6zcan&#8217;\u0131 bonservis bedeli \u00f6demesine gerek kalmadan kadrosuna katacak.<\/p>\n<p>Konuyla ilgili Be\u015fikta\u015f\u2019tan yap\u0131lan a\u00e7\u0131klamada, \u201cProfesyonel Futbolcu Yasin \u00d6zcan, sa\u011fl\u0131k kontrolleri ve transfer g\u00f6r\u00fc\u015fmelerinin tamamlanmas\u0131 i\u00e7in bu ak\u015fam \u0130stanbul&#8217;a gelecektir. Yasin \u00d6zcan\u2019\u0131 ta\u015f\u0131yan u\u00e7ak bu ak\u015fam 20.40\u2019da \u0130stanbul Havaliman\u0131 D\u0131\u015f Hatlar Terminali\u2019nde olacakt\u0131r\u201d ifadeleri kullan\u0131ld\u0131.<\/p>\n<p><img decoding=\"async\" src=\"https:\/\/kamucalisani.net\/wp-content\/uploads\/2026\/01\/canli-transfer-fenerbahceden-yeni-kante-hamlesi-teklif-yapacaklar-5-prsukYyv.jpg\"\/><\/img><\/p>\n<\/div>\n<\/div>\n<div><span>11:54<\/span><span>27 Ocak 2026<\/span><\/p>\n<div>BE\u015e\u0130KTA\u015e&#8217;TA YEN\u0130 HEDEF BELLEGARDE<\/div>\n<div>\n<p>Bir\u00e7ok mevki i\u00e7in transfer \u00e7al\u0131\u015fmalar\u0131na devam eden Be\u015fikta\u015f&#8217;ta g\u00fcndeme yeni bir isim geldi.<\/p>\n<p>Foot Mercato&#8217;nun haberine g\u00f6re Be\u015fikta\u015f, Wolverhampton formas\u0131 giyen Jean-Ricner Bellegarde i\u00e7in teklif yapmaya haz\u0131rlan\u0131yor.<\/p>\n<p>\u015eu anda hamstring sakatl\u0131\u011f\u0131 nedeniyle sahalardan uzak kalan 27 ya\u015f\u0131ndaki oyuncu, bir\u00e7ok kul\u00fcb\u00fcn ilgisini \u00e7ekiyor. 2028 y\u0131l\u0131na kadar s\u00f6zle\u015fmesi bulunan oyuncu, bu k\u0131\u015f transfer d\u00f6neminde tak\u0131mdan ayr\u0131labilir.<\/p>\n<p><img decoding=\"async\" src=\"https:\/\/kamucalisani.net\/wp-content\/uploads\/2026\/01\/canli-transfer-fenerbahceden-yeni-kante-hamlesi-teklif-yapacaklar-6-e7rMsnFz.jpg\"\/><\/img><\/p>\n<\/div>\n<\/div>\n<div><span>10:45<\/span><span>27 Ocak 2026<\/span><\/p>\n<div>FENERBAH\u00c7E KESEN\u0130N A\u011eZINI A\u00c7TI<\/div>\n<div>\n<p>S\u00fcper Lig&#8217;de sezon sonunda mutlak \u015fampiyonluk hedefi belirleyen Fenerbah\u00e7e&#8217;de transfer \u00e7al\u0131\u015fmalar\u0131 t\u00fcm h\u0131z\u0131yla devam ediyor.<\/p>\n<p>Fenerbah\u00e7e, bir s\u00fcredir radar\u0131na ald\u0131\u011f\u0131 Omar Marmoush i\u00e7in g\u00f6z\u00fcn\u00fc karartt\u0131.<\/p>\n<p>Fanatik&#8217;te yer alan habere g\u00f6re Bayern M\u00fcnih, Tottenham ve Aston Villa gibi tak\u0131mlar\u0131n durumunu takip etti\u011fi M\u0131s\u0131rl\u0131 y\u0131ld\u0131z i\u00e7in teklif haz\u0131rl\u0131\u011f\u0131ndaki tek tak\u0131m\u0131n Sar\u0131-Lacivertliler oldu\u011fu belirtildi. Fenerbah\u00e7e\u2019nin Marmoush i\u00e7in 30 milyon Euro\u2019yu g\u00f6zden \u00e7\u0131kard\u0131\u011f\u0131 \u00f6ne s\u00fcr\u00fcld\u00fc. Manchester City\u2019nin, Semenyo transferi sonras\u0131 Marmoush\u2019la yollar\u0131 ay\u0131rmak istedi\u011fi, y\u0131ld\u0131z futbolcunun da daha \u00e7ok s\u00fcre alaca\u011f\u0131 bir tak\u0131ma gitmeye s\u0131cak bakt\u0131\u011f\u0131 vurguland\u0131.<\/p>\n<p>M\u0131s\u0131rl\u0131 golc\u00fcn\u00fcn \u00f6nceli\u011finin Premier Lig\u2019de kalmak oldu\u011fu, buradan teklif almamas\u0131 halinde di\u011fer talipleriyle g\u00f6r\u00fc\u015fme yapaca\u011f\u0131 da vurguland\u0131.<\/p>\n<p><img decoding=\"async\" src=\"https:\/\/kamucalisani.net\/wp-content\/uploads\/2026\/01\/canli-transfer-fenerbahceden-yeni-kante-hamlesi-teklif-yapacaklar-7-mlKD6LIL.jpg\"\/><\/img><\/p>\n<\/div>\n<\/div>\n<div><span>09:57<\/span><span>27 Ocak 2026<\/span><\/p>\n<div>TRABZONSPOR&#8217;DA AUGUSTO&#8217;NUN TAL\u0130PLER\u0130 ARTIYOR<\/div>\n<div>\n<p>Sezon ba\u015f\u0131nda 5 milyon Euro\u2019ya kadroya kat\u0131lan Augusto konusunda yeni geli\u015fmeler ya\u015fan\u0131yor.<\/p>\n<p>Rus bas\u0131n\u0131, 21 ya\u015f\u0131ndaki Brezilyal\u0131 forvet i\u00e7in Zenit\u2019in yak\u0131n zamanda resmi bir teklif yapabilece\u011fini yazd\u0131.<\/p>\n<p>Augusto\u2019nun sat\u0131lmas\u0131 halinde ise Karlsbakk transferinin hemen duyurulaca\u011f\u0131 \u00f6\u011frenildi. Norve\u00e7li forvetle hem oyuncu hem de kul\u00fcb\u00fcyle her konuda anla\u015fma sa\u011flanm\u0131\u015ft\u0131. (Fanatik)<\/p>\n<p><img decoding=\"async\" src=\"https:\/\/kamucalisani.net\/wp-content\/uploads\/2026\/01\/canli-transfer-fenerbahceden-yeni-kante-hamlesi-teklif-yapacaklar-8-27v4lyLe.jpg\"\/><\/img><\/p>\n<\/div>\n<\/div>\n<div><span>08:50<\/span><span>27 Ocak 2026<\/span><\/p>\n<div>OULA\u0130 \u0130\u00c7\u0130N REKOR TEKL\u0130F<\/div>\n<div>\n<p>Sezon ba\u015f\u0131nda Fransa Ligue 2 ekibi Bastia\u2019dan 5.5 milyon Euro bonservis bedeliyle Trabzonspor&#8217;a transfer olan Christ Oulai, yaln\u0131zca T\u00fcrkiye\u2019de de\u011fil, Avrupa\u2019da da geni\u015f yank\u0131 uyand\u0131r\u0131yor.<\/p>\n<p>Frans\u0131z bas\u0131n\u0131, Chelsea\u2019nin 19 ya\u015f\u0131ndaki y\u0131ld\u0131z i\u00e7in 40 milyon Euro\u2019luk bir teklifle Trabzonspor\u2019un kap\u0131s\u0131n\u0131 \u00e7ald\u0131\u011f\u0131n\u0131 yazd\u0131. Haberde, Bordo-Mavililer\u2019in beklentisinin 50 milyon Euro oldu\u011fu ve yaz d\u00f6nemindeki D\u00fcnya Kupas\u0131\u2019n\u0131n beklenmek istendi\u011fi vurguland\u0131.<\/p>\n<p>Frans\u0131z medyas\u0131na g\u00f6re; PSG, Bayern M\u00fcnih, Manchester City ve Manchester United gibi dev kul\u00fcpler de Oulai\u2019yi yak\u0131ndan takip ediyor. Sezon ba\u015f\u0131nda Ligue 1 ekiplerinin Oulai\u2019yi ka\u00e7\u0131rarak b\u00fcy\u00fck bir hata yapt\u0131\u011f\u0131 da ifade edildi.<\/p>\n<p><img decoding=\"async\" src=\"https:\/\/kamucalisani.net\/wp-content\/uploads\/2026\/01\/canli-transfer-fenerbahceden-yeni-kante-hamlesi-teklif-yapacaklar-9-emCnLh7X.jpg\"\/><\/img><\/p>\n<\/div>\n<\/div>\n<div><span>07:52<\/span><span>27 Ocak 2026<\/span><\/p>\n<div>GALATASARAY&#8217;DAN DEV BONSERV\u0130S<\/div>\n<div>\n<p>Merkez orta sahas\u0131na \u015eampiyonlar Ligi seviyesinde bir takviye yapmak isteyen Galatasaray, bug\u00fcne kadar onlarca isimle g\u00f6r\u00fc\u015fme yapt\u0131. Ancak d\u00fcn ger\u00e7ekle\u015fen transfer zirvesinde tek bir isim \u00fczerinde karar k\u0131l\u0131nd\u0131: Pape Gueye.<\/p>\n<p>Galatasaray Y\u00f6netimi, 27 ya\u015f\u0131ndaki \u00f6n libero i\u00e7in kesenin a\u011fz\u0131n\u0131 ard\u0131na kadar a\u00e7maya haz\u0131rlan\u0131yor ve t\u00fcm \u015fartlar\u0131 zorlamay\u0131 planl\u0131yor.<\/p>\n<p>Senegal Milli Tak\u0131m\u0131\u2019yla Afrika Kupas\u0131\u2019na gitmeden \u00f6nce de Galatasaray\u2019\u0131n radar\u0131nda olan Gueye ile bir g\u00f6r\u00fc\u015fme yap\u0131lm\u0131\u015f, oyuncu Aslan\u2019a ye\u015fil \u0131\u015f\u0131k yakm\u0131\u015ft\u0131. Son temaslarda ise neredeyse t\u00fcm kontrat \u015fartlar\u0131nda anla\u015fma sa\u011fland\u0131\u011f\u0131, y\u0131ld\u0131z futbolcunun \u201cKul\u00fcb\u00fcmle anla\u015f\u0131n, ben imzaya haz\u0131r\u0131m\u201d dedi\u011fi \u00f6\u011frenildi.<\/p>\n<p>Y\u00f6netim \u015fimdi Villarreal\u2019i ikna etmeye \u00e7al\u0131\u015facak. \u0130spanyol kul\u00fcb\u00fcn\u00fcn bu transferden beklentisi 40 milyon Euro. Galatasaray ise bu rakamlara \u00e7\u0131kmay\u0131 d\u00fc\u015f\u00fcnm\u00fcyor. Sar\u0131-K\u0131rm\u0131z\u0131l\u0131lar\u2019\u0131n teklifi, bonuslarla birlikte 30 milyon Euro seviyesinde. \u00d6deme takvimi de olu\u015fturulmu\u015f durumda. (Fanatik)<\/p>\n<p><img decoding=\"async\" src=\"https:\/\/kamucalisani.net\/wp-content\/uploads\/2026\/01\/canli-transfer-fenerbahceden-yeni-kante-hamlesi-teklif-yapacaklar-10-8GdszM7J.jpg\"\/><\/img><\/p>\n<\/div>\n<\/div>\n<\/div>\n<\/section>\n<p><\/p>\n<p>Kaynak :\u00a0<span style=\"background-color: rgb(255, 249, 236); color: rgb(55, 58, 60); font-size: 14px;\">http:\/\/www.milliyet.com.tr\/skorer\/live-fenerbahceden-yeni-kante-hamlesi-teklif-yapacaklar-7527893<\/span><\/p>\n","protected":false},"excerpt":{"rendered":"<p>S\u00fcper Lig&#8217;de k\u0131\u015f transfer d\u00f6nemi resmen ba\u015flarken kul\u00fcpler kadrolar\u0131na takviye yapmak i\u00e7in hummal\u0131 bir bi\u00e7imde transfer \u00e7al\u0131\u015fmalar\u0131n\u0131 s\u00fcrd\u00fcr\u00fcyor. G\u00fcn\u00fcn \u00f6ne \u00e7\u0131kan transfer haberlerini sizler i\u00e7in derledik.<\/p>\n","protected":false},"author":1,"featured_media":170972,"comment_status":"open","ping_status":"open","sticky":false,"template":"","format":"standard","meta":{"footnotes":""},"categories":[7],"tags":[11178,819,184,709,589],"class_list":["post-170971","post","type-post","status-publish","format-standard","has-post-thumbnail","hentry","category-spor","tag-27-ocak","tag-besiktas","tag-fenerbahce","tag-teklif","tag-transfer"],"_links":{"self":[{"href":"https:\/\/kamucalisani.net\/index.php\/wp-json\/wp\/v2\/posts\/170971","targetHints":{"allow":["GET"]}}],"collection":[{"href":"https:\/\/kamucalisani.net\/index.php\/wp-json\/wp\/v2\/posts"}],"about":[{"href":"https:\/\/kamucalisani.net\/index.php\/wp-json\/wp\/v2\/types\/post"}],"author":[{"embeddable":true,"href":"https:\/\/kamucalisani.net\/index.php\/wp-json\/wp\/v2\/users\/1"}],"replies":[{"embeddable":true,"href":"https:\/\/kamucalisani.net\/index.php\/wp-json\/wp\/v2\/comments?post=170971"}],"version-history":[{"count":1,"href":"https:\/\/kamucalisani.net\/index.php\/wp-json\/wp\/v2\/posts\/170971\/revisions"}],"predecessor-version":[{"id":170984,"href":"https:\/\/kamucalisani.net\/index.php\/wp-json\/wp\/v2\/posts\/170971\/revisions\/170984"}],"wp:featuredmedia":[{"embeddable":true,"href":"https:\/\/kamucalisani.net\/index.php\/wp-json\/wp\/v2\/media\/170972"}],"wp:attachment":[{"href":"https:\/\/kamucalisani.net\/index.php\/wp-json\/wp\/v2\/media?parent=170971"}],"wp:term":[{"taxonomy":"category","embeddable":true,"href":"https:\/\/kamucalisani.net\/index.php\/wp-json\/wp\/v2\/categories?post=170971"},{"taxonomy":"post_tag","embeddable":true,"href":"https:\/\/kamucalisani.net\/index.php\/wp-json\/wp\/v2\/tags?post=170971"}],"curies":[{"name":"wp","href":"https:\/\/api.w.org\/{rel}","templated":true}]}}