{"id":171092,"date":"2026-01-27T20:54:11","date_gmt":"2026-01-27T20:54:11","guid":{"rendered":"https:\/\/kamucalisani.net\/?p=171092"},"modified":"2026-01-27T20:54:11","modified_gmt":"2026-01-27T20:54:11","slug":"galatasarayda-okan-buruk-manchester-city-maci-oncesi-basin-toplantisi-duzenliyor","status":"publish","type":"post","link":"https:\/\/kamucalisani.net\/index.php\/2026\/01\/27\/galatasarayda-okan-buruk-manchester-city-maci-oncesi-basin-toplantisi-duzenliyor\/","title":{"rendered":"Galatasaray&#8217;da Okan Buruk Manchester City ma\u00e7\u0131 \u00f6ncesi bas\u0131n toplant\u0131s\u0131 d\u00fczenliyor"},"content":{"rendered":"<p><p>Galatasaray Teknik Direkt\u00f6r\u00fc Okan Buruk, yar\u0131n ak\u015fam UEFA \u015eampiyonlar Ligi&#8217;nde Etihad Stadyumun&#8217;da oynanacak Manchester City ma\u00e7\u0131 \u00f6ncesi \u0130lkay G\u00fcndo\u011fan ile bas\u0131n toplant\u0131s\u0131 d\u00fczenliyor.<\/p>\n<p>\u00a0\u0130\u015fte o a\u00e7\u0131klamlar:<\/p>\n<p><strong>&#8220;\u0130K\u0130 TAKIMIN DA HEDEFLER\u0130 VAR&#8221;<\/strong><\/p>\n<p>&#8220;\u0130ki tak\u0131m\u0131n da hedefleri var. Biz kendi hedeflerimizi d\u00fc\u015f\u00fcnece\u011fiz. Kazan\u0131p ilk 16&#8217;ya girmek istiyoruz. \u00c7ok \u00f6nemli bir tak\u0131ma kar\u015f\u0131 oynayaca\u011f\u0131z. \u00c7ok g\u00fczel bir stat, \u0130lkay G\u00fcndo\u011fan da uzun y\u0131llar burada oynad\u0131. Hep kazanmaya, ba\u015far\u0131ya odakl\u0131 bir tak\u0131mla m\u00fccadele edece\u011fiz. Son bir ay City i\u00e7in iyi ge\u00e7medi ama Wolverhampton galibiyeti onlar i\u00e7in moral olacakt\u0131r.&#8221;<\/p>\n<p><strong>&#8220;KADRO OLARAK TOPARLANDIK&#8221;<\/strong><\/p>\n<p>&#8220;Belli b\u00f6lgelerde eksikleri oldu\u011funu d\u00fc\u015f\u00fcn\u00fcyoruz. Biz de kadro olarak toparland\u0131k. Yunus Akg\u00fcn hastal\u0131\u011f\u0131 nedeniyle idmana \u00e7\u0131kmad\u0131. Ufak tefek a\u011fr\u0131lar\u0131 vard\u0131. Bar\u0131\u015f Alper Y\u0131lmaz&#8217;\u0131 idmanda kulland\u0131k. Lucas Torreira sakatl\u0131k ge\u00e7irmi\u015fti, idmanda bir b\u00f6l\u00fcmde yer ald\u0131. Wilfired Singo&#8217;yu kadroya ald\u0131k.&#8221;<\/p>\n<p><strong>&#8220;ARTIK DAHA D\u0130KKATL\u0130 VE DAHA TECR\u00dcBEL\u0130Y\u0130Z&#8221;<\/strong><\/p>\n<p>&#8220;Eintracht Frankfurt ma\u00e7\u0131 \u015fanss\u0131z bir ma\u00e7t\u0131, 4 gol\u00fc biz haz\u0131rlad\u0131k! \u0130lk yar\u0131da \u00e7ok \u00fcst\u00fcn oynad\u0131k, bazen b\u00f6yle sonu\u00e7lar olabiliyor. Son ma\u00e7larda konsantrasyonumuz daha y\u00fcksek, b\u00f6yle de olmak zorunda. Art\u0131k daha dikkatli ve daha tecr\u00fcbeliyiz.&#8221;<\/p>\n<p><strong>&#8220;BERABER SAVUNMA YAPMALIYIZ&#8221;<\/strong><\/p>\n<p>&#8220;City&#8217;ye kar\u015f\u0131 kat\u0131 savunma de\u011fil ama beraber savunma yapmal\u0131y\u0131z. Galatasaray her zaman topu rakibe vermemeye \u00e7al\u0131\u015fan bir tak\u0131md\u0131r. Bunu deneyece\u011fiz.&#8221;<\/p>\n<p><strong>&#8220;CITY SAVUNMA ANLAMINDA \u00c7OK ZORLANIYOR&#8221;<\/strong><\/p>\n<p>&#8220;\u0130yi bir tak\u0131m olursak bu meydan okumay\u0131 yapabiliriz. Beraber hareket etmek \u00e7ok \u00f6nemli. \u00d6zellikle rakibimizin son 1 ayda kaybetti\u011fi ma\u00e7lara bak\u0131nca beraber hareket eden ve City&#8217;nin yapt\u0131\u011f\u0131 hatalar\u0131 iyi de\u011ferlendiren tak\u0131mlar ba\u015far\u0131ya ula\u015ft\u0131. Manchester City savunma anlam\u0131nda \u00e7ok zorlan\u0131yor, bunu g\u00f6rd\u00fck.&#8221;<\/p>\n<p><strong>\u0130LKAY G\u00dcNDO\u011eAN&#8217;IN A\u00c7IKALMALARI;<\/strong><\/p>\n<p><strong>&#8220;BEN\u0130M \u0130\u00c7\u0130N TUHAF B\u0130R MA\u00c7 OLACAK&#8221;<\/strong><\/p>\n<p>&#8220;Benim i\u00e7in tuhaf bir ma\u00e7 olacak. Eski arkada\u015flar\u0131ma kar\u015f\u0131, samimi oldu\u011fum eski teknik direkt\u00f6r\u00fcme kar\u015f\u0131.. Bu statta oynamak \u00e7ok \u00f6zel olacak. D\u00f6rt g\u00f6zle bekliyorum. Umar\u0131m iyi bir performans ve iyi bir skorla \u0130stanbul&#8217;a d\u00f6neriz.&#8221;<\/p>\n\n<p><\/p>\n<p>Kaynak :\u00a0<span style=\"background-color: rgb(255, 249, 236); color: rgb(55, 58, 60); font-size: 14px;\">http:\/\/www.milliyet.com.tr\/skorer\/galatasarayda-okan-buruk-manchester-city-maci-oncesi-basin-toplantisi-duzenliyor-7528359<\/span><\/p>\n","protected":false},"excerpt":{"rendered":"<p>Galatasaray Teknik Direkt\u00f6r\u00fc Okan Buruk, yar\u0131n ak\u015fam UEFA \u015eampiyonlar Ligi&#8217;nde Etihad Stadyumun&#8217;da oynanacak Manchester City ma\u00e7\u0131 \u00f6ncesi \u0130lkay G\u00fcndo\u011fan ile bas\u0131n toplant\u0131s\u0131 d\u00fczenliyor.<\/p>\n","protected":false},"author":1,"featured_media":171093,"comment_status":"open","ping_status":"open","sticky":false,"template":"","format":"standard","meta":{"footnotes":""},"categories":[7],"tags":[9163,288,111,263],"class_list":["post-171092","post","type-post","status-publish","format-standard","has-post-thumbnail","hentry","category-spor","tag-city","tag-mac","tag-savunma","tag-takim"],"_links":{"self":[{"href":"https:\/\/kamucalisani.net\/index.php\/wp-json\/wp\/v2\/posts\/171092","targetHints":{"allow":["GET"]}}],"collection":[{"href":"https:\/\/kamucalisani.net\/index.php\/wp-json\/wp\/v2\/posts"}],"about":[{"href":"https:\/\/kamucalisani.net\/index.php\/wp-json\/wp\/v2\/types\/post"}],"author":[{"embeddable":true,"href":"https:\/\/kamucalisani.net\/index.php\/wp-json\/wp\/v2\/users\/1"}],"replies":[{"embeddable":true,"href":"https:\/\/kamucalisani.net\/index.php\/wp-json\/wp\/v2\/comments?post=171092"}],"version-history":[{"count":1,"href":"https:\/\/kamucalisani.net\/index.php\/wp-json\/wp\/v2\/posts\/171092\/revisions"}],"predecessor-version":[{"id":171094,"href":"https:\/\/kamucalisani.net\/index.php\/wp-json\/wp\/v2\/posts\/171092\/revisions\/171094"}],"wp:featuredmedia":[{"embeddable":true,"href":"https:\/\/kamucalisani.net\/index.php\/wp-json\/wp\/v2\/media\/171093"}],"wp:attachment":[{"href":"https:\/\/kamucalisani.net\/index.php\/wp-json\/wp\/v2\/media?parent=171092"}],"wp:term":[{"taxonomy":"category","embeddable":true,"href":"https:\/\/kamucalisani.net\/index.php\/wp-json\/wp\/v2\/categories?post=171092"},{"taxonomy":"post_tag","embeddable":true,"href":"https:\/\/kamucalisani.net\/index.php\/wp-json\/wp\/v2\/tags?post=171092"}],"curies":[{"name":"wp","href":"https:\/\/api.w.org\/{rel}","templated":true}]}}