{"id":171404,"date":"2026-01-28T11:06:12","date_gmt":"2026-01-28T11:06:12","guid":{"rendered":"https:\/\/kamucalisani.net\/?p=171404"},"modified":"2026-01-28T11:06:12","modified_gmt":"2026-01-28T11:06:12","slug":"annesini-kaybetti-olu-numarasi-yaparak-hayatta-kaldi-naziften-6-ay-sonra-guzel-haber","status":"publish","type":"post","link":"https:\/\/kamucalisani.net\/index.php\/2026\/01\/28\/annesini-kaybetti-olu-numarasi-yaparak-hayatta-kaldi-naziften-6-ay-sonra-guzel-haber\/","title":{"rendered":"Annesini kaybetti, \u00f6l\u00fc numaras\u0131 yaparak hayatta kald\u0131: Nazif&#8217;ten 6 ay sonra g\u00fczel haber"},"content":{"rendered":"<p><p>Konya&#8217;n\u0131n Ilg\u0131n il\u00e7esinde ya\u015fayan ve \u00e7ift\u00e7ilikle u\u011fra\u015fan Saim Demirci (44), ge\u00e7en y\u0131l Ankara&#8217;n\u0131n Bala il\u00e7esinde tarla kiralayarak, m\u0131s\u0131r ve bu\u011fday ekti. Ailesi ile tarlaya kurduklar\u0131 konteynerde ya\u015fayan Saim Demirci, 9 Temmuz&#8217;da e\u015fi Kezban ve o\u011flu Nazif&#8217;i burada b\u0131rakarak k\u0131z\u0131 G\u00f6n\u00fcl (18) ile birlikte tarla sulamaya gitti. Bir s\u00fcre sonra konteynere giren kar maskeli 3 ki\u015fi, Kezban ve Nazif Demirci\u2019ye pompal\u0131 t\u00fcfekle ate\u015f a\u00e7t\u0131. Kezban Demirci hayat\u0131n\u0131 kaybederken, sa\u011f baca\u011f\u0131ndan vurulan o\u011flu Nazif ise a\u011f\u0131r yaraland\u0131. Nazif Demirci, nefesini tutup \u00f6l\u00fc numaras\u0131 yaparak sald\u0131rganlar\u0131n konteynerden \u00e7\u0131kmas\u0131n\u0131 bekledi. Konteynerde alt\u0131n arayan \u015f\u00fcpheliler, bulamay\u0131nca \u00e7\u0131k\u0131p uzakla\u015ft\u0131.<\/p>\n<p><strong>4 \u015e\u00dcPHEL\u0130 TUTUKLANDI<\/strong><\/p>\n<p>Jandarma ekiplerinin \u00e7al\u0131\u015fmas\u0131 sonucu, \u015f\u00fcphelilerinden birinin Demirci \u00e7iftinin damad\u0131 Hamza \u00d6zdil&#8217;in karde\u015fi \u0130smail \u00d6zdil oldu\u011fu belirlendi. Olaydan bir s\u00fcre \u00f6nce konteynerde Demirci ailesini ziyaret eden ve ailenin bir miktar alt\u0131n\u0131 oldu\u011funu \u00f6\u011frenen \u0130smail \u00d6zdil&#8217;in, arkada\u015flar\u0131 Kadir Ramis ve karde\u015fi Hasan Karaka\u015f ile birlikte 3 g\u00fcn pusuda bekledi\u011fi, baba evden \u00e7\u0131k\u0131nca da sald\u0131r\u0131y\u0131 ger\u00e7ekle\u015ftirdi\u011fi tespit edildi. Ailenin damad\u0131 Hamza \u00d6zdil&#8217;in de olaydan bilgisinin oldu\u011fu ve soyguna onay verdi\u011fi saptand\u0131. Olay\u0131n ard\u0131ndan g\u00f6zalt\u0131na al\u0131nan 4 \u015f\u00fcpheli, tutukland\u0131.<\/p>\n<p><strong>&#8216;NAZ\u0130F, SALDIRIDAN SONRA \u0130\u00c7\u0130NE KAPANDI&#8217;<\/strong><\/p>\n<p>Sa\u011f baca\u011f\u0131ndan vurulan Nazif Demirci, olay\u0131n ard\u0131ndan 5 ameliyat ge\u00e7irdi. Demirci, 6 ay s\u00fcren tedavisi sonras\u0131 koltuk de\u011fnekleriyle aya\u011fa kalkt\u0131 ve yeniden okula ba\u015flad\u0131. Nazif Demirci&#8217;nin ablas\u0131 ve \u015f\u00fcphelilerden Hamza \u00d6zdil&#8217;in e\u015fi \u015eerife \u00d6zdil, olaydan sonra Nazif&#8217;in psikolojik sorunlar ya\u015fad\u0131\u011f\u0131n\u0131 ifade ederek, &#8220;Karde\u015fim olaydan sonra 5 ameliyat oldu ve bu ameliyatlar\u0131n 4&#8217;\u00fc \u00e7ok riskliydi. \u015eu an ise fizik tedavi g\u00f6r\u00fcyor. Her g\u00fcn hastaneye gidip geliyoruz. Karde\u015fim ameliyatlar\u0131n ard\u0131ndan koltuk de\u011fnekleri ile yava\u015f yava\u015f aya\u011fa kalkmaya ba\u015flad\u0131. S\u00f6mestir tatiline girmeden bir hafta \u00f6nce de okuluna ba\u015flad\u0131. Ya\u015fananlar\u0131n ard\u0131ndan i\u00e7ine kapan\u0131k bir \u00e7ocuk oldu. Nazif o g\u00fcn ya\u015fananlar\u0131 bize anlatabiliyor ama a\u011flayam\u0131yor, kendini eskisi gibi iyi ifade edemiyor&#8221; diye konu\u015ftu.<\/p>\n<div>\n<div><img decoding=\"async\" src=\"https:\/\/kamucalisani.net\/wp-content\/uploads\/2026\/01\/annesini-kaybetti-olu-numarasi-yaparak-hayatta-kaldi-naziften-6-ay-sonra-guzel-haber-0-RiYHGQOs.jpg\"\/><\/img><\/div>\n<\/div>\n<p><strong>&#8216;CAN G\u00dcVENL\u0130\u011e\u0130M YOK&#8217;<\/strong><\/p>\n<p>Annesini kaybetti\u011fini ve e\u015finin cinayetle ba\u011flant\u0131l\u0131 olarak tutukland\u0131\u011f\u0131n\u0131 belirten \u00d6zdil, 2 ve 5 ya\u015flar\u0131ndaki \u00e7ocuklar\u0131n\u0131 yan\u0131na alarak bo\u015fanma davas\u0131 a\u00e7t\u0131\u011f\u0131n\u0131 ifade etti. \u00d6zdil, &#8220;Zaten b\u00fcy\u00fck \u00e7ocu\u011fum babas\u0131ndan korkuyor. Bo\u015fanma davas\u0131 a\u00e7t\u0131m ama ilki ertelendi. \u0130n\u015fallah di\u011fer duru\u015fmada bo\u015fanaca\u011f\u0131m. E\u015fim kendisine g\u00fcveniyor, i\u00e7eriden hala \u00e7\u0131kma umudu var. Ben hi\u00e7birinin i\u00e7eriden \u00e7\u0131kmas\u0131n\u0131 istemiyorum. Azmettiren e\u015fim oldu\u011fu i\u00e7in biz onlara daha \u00e7ok sinirliyiz asl\u0131nda. Ama Hasan da \u0130smail de Kadir de bizim g\u00f6z\u00fcm\u00fczde su\u00e7lu. Hepsinin en a\u011f\u0131r cezalar\u0131 almalar\u0131n\u0131 istiyoruz. Bu saatten sonra art\u0131k benim de can g\u00fcvenli\u011fim yok; bana da \u00e7ocuklar\u0131ma da zarar verebilir. Kad\u0131n cinayetleri de bo\u015fanma talepleri ile ortaya \u00e7\u0131k\u0131yor. Anneme, karde\u015fime bunu yapan bana neler yapmaz&#8221; dedi.<\/p>\n\n<p><\/p>\n<p>Kaynak :\u00a0<span style=\"background-color: rgb(255, 249, 236); color: rgb(55, 58, 60); font-size: 14px;\">http:\/\/www.milliyet.com.tr\/gundem\/annesini-kaybetti-olu-numarasi-yaparak-hayatta-kaldi-naziften-6-ay-sonra-guzel-haber-7528672<\/span><\/p>\n","protected":false},"excerpt":{"rendered":"<p>Ankara\u2019da, konteynerde soyguncular\u0131n silahl\u0131 sald\u0131r\u0131s\u0131nda annesi Kezban Demirci (42) hayat\u0131n\u0131 kaybeden, kendisi ise nefesini tutarak \u00f6l\u00fc numaras\u0131 yap\u0131p baca\u011f\u0131ndan a\u011f\u0131r yaral\u0131 kurtulan Nazif Demirci (12), 5 ameliyat ge\u00e7irip, 6 ay s\u00fcren tedavisinin ard\u0131ndan koltuk de\u011fnekleriyle aya\u011fa kalkt\u0131 ve okula ba\u015flad\u0131.<\/p>\n","protected":false},"author":1,"featured_media":171405,"comment_status":"open","ping_status":"open","sticky":false,"template":"","format":"standard","meta":{"footnotes":""},"categories":[3],"tags":[5255,714,11202,11203,644],"class_list":["post-171404","post","type-post","status-publish","format-standard","has-post-thumbnail","hentry","category-guncel","tag-demirci","tag-kar","tag-nazif","tag-ozdil","tag-supheli"],"_links":{"self":[{"href":"https:\/\/kamucalisani.net\/index.php\/wp-json\/wp\/v2\/posts\/171404","targetHints":{"allow":["GET"]}}],"collection":[{"href":"https:\/\/kamucalisani.net\/index.php\/wp-json\/wp\/v2\/posts"}],"about":[{"href":"https:\/\/kamucalisani.net\/index.php\/wp-json\/wp\/v2\/types\/post"}],"author":[{"embeddable":true,"href":"https:\/\/kamucalisani.net\/index.php\/wp-json\/wp\/v2\/users\/1"}],"replies":[{"embeddable":true,"href":"https:\/\/kamucalisani.net\/index.php\/wp-json\/wp\/v2\/comments?post=171404"}],"version-history":[{"count":1,"href":"https:\/\/kamucalisani.net\/index.php\/wp-json\/wp\/v2\/posts\/171404\/revisions"}],"predecessor-version":[{"id":171407,"href":"https:\/\/kamucalisani.net\/index.php\/wp-json\/wp\/v2\/posts\/171404\/revisions\/171407"}],"wp:featuredmedia":[{"embeddable":true,"href":"https:\/\/kamucalisani.net\/index.php\/wp-json\/wp\/v2\/media\/171405"}],"wp:attachment":[{"href":"https:\/\/kamucalisani.net\/index.php\/wp-json\/wp\/v2\/media?parent=171404"}],"wp:term":[{"taxonomy":"category","embeddable":true,"href":"https:\/\/kamucalisani.net\/index.php\/wp-json\/wp\/v2\/categories?post=171404"},{"taxonomy":"post_tag","embeddable":true,"href":"https:\/\/kamucalisani.net\/index.php\/wp-json\/wp\/v2\/tags?post=171404"}],"curies":[{"name":"wp","href":"https:\/\/api.w.org\/{rel}","templated":true}]}}