{"id":171431,"date":"2026-01-28T11:42:12","date_gmt":"2026-01-28T11:42:12","guid":{"rendered":"https:\/\/kamucalisani.net\/?p=171431"},"modified":"2026-01-28T11:42:12","modified_gmt":"2026-01-28T11:42:12","slug":"ibbye-ait-cocuk-etkinlik-merkezindeki-iddialara-iliskin-cocugun-ailesinin-avukatindan-aciklama","status":"publish","type":"post","link":"https:\/\/kamucalisani.net\/index.php\/2026\/01\/28\/ibbye-ait-cocuk-etkinlik-merkezindeki-iddialara-iliskin-cocugun-ailesinin-avukatindan-aciklama\/","title":{"rendered":"\u0130BB&#8217;ye ait \u00e7ocuk etkinlik merkezindeki iddialara ili\u015fkin \u00e7ocu\u011fun ailesinin avukat\u0131ndan a\u00e7\u0131klama"},"content":{"rendered":"<p><p>\u0130BB&#8217;ye ba\u011fl\u0131 G\u00fczeltepe Yuvam\u0131z \u0130stanbul \u00c7ocuk Etkinlik Merkezi&#8217;nde (\u00c7EM) 3 ya\u015f\u0131ndaki \u00e7ocu\u011fun darp ve istismara u\u011frad\u0131\u011f\u0131 iddialar\u0131na ili\u015fkin ailenin avukat\u0131 \u0130brahim Erdo\u011fan yaz\u0131l\u0131 a\u00e7\u0131klama yapt\u0131.<\/p>\n<p>\u0130BB taraf\u0131ndan yap\u0131lan a\u00e7\u0131klaman\u0131n ard\u0131ndan baz\u0131 internet sitelerinde olay\u0131n ma\u011fduru oldu\u011fu belirtilen \u00e7ocu\u011fa ait 1 Aral\u0131k 2025 tarihli g\u00fcvenlik kameras\u0131 g\u00f6r\u00fcnt\u00fclerinin yay\u0131mland\u0131\u011f\u0131n\u0131 aktaran Erdo\u011fan, s\u00f6z konusu g\u00f6r\u00fcnt\u00fclerin hukuka ayk\u0131r\u0131 \u015fekilde ve ailenin a\u00e7\u0131k r\u0131zas\u0131 olmaks\u0131z\u0131n servis edildi\u011fini kaydetti.<\/p>\n<p>Yay\u0131mlanan g\u00f6r\u00fcnt\u00fclerin tahrif edilerek ve ba\u011flam\u0131ndan kopar\u0131larak kamuoyuna sunuldu\u011funu aktaran Erdo\u011fan, g\u00f6r\u00fcnt\u00fclerin ceza soru\u015fturmas\u0131n\u0131n gizlili\u011fini a\u00e7\u0131k\u00e7a ihlal etti\u011fini, ma\u011fdur \u00e7ocu\u011fun ad\u0131n\u0131n herhangi bir maskeleme yap\u0131lmadan payla\u015f\u0131lmas\u0131n\u0131n hem Bas\u0131n Kanunu&#8217;na hem de ilgili mevzuata ayk\u0131r\u0131 oldu\u011funu ifade etti.<\/p>\n<p>Erdo\u011fan, s\u00f6z konusu yay\u0131nlar\u0131n \u00e7ocu\u011fun \u00f6zel hayat\u0131n\u0131n gizlili\u011fini, ki\u015filik haklar\u0131n\u0131 ve \u00fcst\u00fcn yarar\u0131n\u0131 a\u011f\u0131r \u015fekilde ihlal etti\u011fini, ayr\u0131ca Gaziosmanpa\u015fa Cumhuriyet Ba\u015fsavc\u0131l\u0131\u011f\u0131 taraf\u0131ndan y\u00fcr\u00fct\u00fclen soru\u015fturman\u0131n gizlili\u011fini ihlal ederek T\u00fcrk Ceza Kanunu&#8217;nun 285. maddesi kapsam\u0131nda su\u00e7 te\u015fkil etti\u011fi belirtti.<\/p>\n<p>Yay\u0131mlanan g\u00f6r\u00fcnt\u00fclerin organize bir giri\u015fimin par\u00e7as\u0131 oldu\u011funu savunan Erdo\u011fan, konu\u015fmalar\u0131n bilin\u00e7li bi\u00e7imde kesildi\u011fini ve kamuoyunun acemi montajlarla yan\u0131lt\u0131lmak istendi\u011fini \u00f6ne s\u00fcrerek, bu duruma ili\u015fkin t\u00fcm delillerin savc\u0131l\u0131\u011fa sunulaca\u011f\u0131n\u0131 bildirdi.<\/p>\n<p>Erdo\u011fan, ma\u011fdur \u00e7ocuklar\u0131n kimlik ve g\u00f6r\u00fcnt\u00fclerinin, ebeveyn izni bulunsa dahi yay\u0131mlanmas\u0131n\u0131n su\u00e7 te\u015fkil etti\u011fini, bu t\u00fcr yay\u0131nlar\u0131n \u00e7ocuklar\u0131n ruhsal ve fiziksel geli\u015fimini olumsuz etkileyecek nitelikte oldu\u011fu vurgulad\u0131.<\/p>\n<p>G\u00f6r\u00fcnt\u00fcleri temin eden, servis eden, yayan ve kullanan internet siteleri, sosyal medya hesaplar\u0131, televizyon kanallar\u0131 ile bu i\u00e7erikleri payla\u015fmak isteyen ki\u015fi ve kurulu\u015flar hakk\u0131nda hem hukuki hem cezai s\u00fcrecin ba\u015flat\u0131laca\u011f\u0131n\u0131 belirten Erdo\u011fan, aileye y\u00f6nelik hakaret, tehdit ve k\u00fcf\u00fcr i\u00e7eren payla\u015f\u0131mlar hakk\u0131nda da yasal yollara ba\u015fvurulaca\u011f\u0131 bilgisini verdi.<\/p>\n<p>Erdo\u011fan, s\u00fcrecin titizlikle takip edildi\u011fini, soru\u015fturmay\u0131 alg\u0131 yoluyla etkilemeye \u00e7al\u0131\u015fan ki\u015fi ve \u00e7evrelerin en a\u011f\u0131r hukuki yapt\u0131r\u0131mlarla kar\u015f\u0131la\u015fmas\u0131 i\u00e7in t\u00fcm yasal haklar\u0131n kullan\u0131laca\u011f\u0131n\u0131 ifade etti.<\/p>\n<p><strong>NELER OLMU\u015eTU? <\/strong><\/p>\n<p>\u0130stanbul B\u00fcy\u00fck\u015fehir Belediyesine (\u0130BB) ba\u011fl\u0131 \u00e7ocuk etkinlik merkezinde \u00e7ocuklar\u0131n darp ve istismara u\u011frad\u0131\u011f\u0131 iddialar\u0131na ili\u015fkin \u0130stanbul Valili\u011fi ve Gaziosmanpa\u015fa Cumhuriyet Ba\u015fsavc\u0131l\u0131\u011f\u0131nca soru\u015fturma ba\u015flat\u0131lm\u0131\u015ft\u0131.<\/p>\n<p>Ba\u015fsavc\u0131l\u0131\u011f\u0131n soru\u015fturmas\u0131 kapsam\u0131nda 4 \u015f\u00fcpheli g\u00f6zalt\u0131na al\u0131nm\u0131\u015ft\u0131.<\/p>\n<p>Emniyetteki i\u015flemlerinin ard\u0131ndan sevk edildikleri adliyede \u00e7\u0131kar\u0131ld\u0131klar\u0131 hakimlik\u00e7e, \u015f\u00fcphelilerden spor hocas\u0131n\u0131n \u00e7ocu\u011fa kar\u015f\u0131 &#8220;cinsel sald\u0131r\u0131&#8221; su\u00e7undan tutuklanmas\u0131na, 3 \u00f6\u011fretmen hakk\u0131nda ise adli kontrol h\u00fck\u00fcmleri uygulanmas\u0131na karar verilmi\u015fti.<\/p>\n<p>\u0130BB&#8217;den yap\u0131lan a\u00e7\u0131klamada, konuyla ilgili \u0130BB Tefti\u015f Kurulu taraf\u0131ndan da soru\u015fturma ba\u015flat\u0131ld\u0131\u011f\u0131 belirtilerek, \u015funlar kaydedilmi\u015fti:<\/p>\n<p>&#8220;Yap\u0131lan titiz incelemelerde, kamera g\u00f6r\u00fcnt\u00fclerinde iddialar\u0131 destekleyen herhangi bir bulguya rastlanmamakla birlikte soru\u015fturman\u0131n selameti a\u00e7\u0131s\u0131ndan ilgililer g\u00f6revlerinden uzakla\u015ft\u0131r\u0131lm\u0131\u015ft\u0131r. S\u00fcre\u00e7 kapsam\u0131nda ba\u015flat\u0131lan idari inceleme ve tefti\u015f \u00e7al\u0131\u015fmalar\u0131 devam etmekte olup, ortaya \u00e7\u0131kacak sonu\u00e7lar kamuoyuyla \u015feffaf bir \u015fekilde payla\u015f\u0131lacakt\u0131r.&#8221;<\/p>\n\n<p><\/p>\n<p>Kaynak :\u00a0<span style=\"background-color: rgb(255, 249, 236); color: rgb(55, 58, 60); font-size: 14px;\">http:\/\/www.milliyet.com.tr\/gundem\/ibbye-ait-cocuk-etkinlik-merkezindeki-iddialara-iliskin-cocugun-ailesinin-avukatindan-aciklama-7528715<\/span><\/p>\n","protected":false},"excerpt":{"rendered":"<p>Ey\u00fcpsultan&#8217;da \u0130stanbul B\u00fcy\u00fck\u015fehir Belediyesine (\u0130BB) ba\u011fl\u0131 \u00e7ocuk etkinlik merkezinde, \u00e7ocuklar\u0131n\u0131n darp ve istismara u\u011frad\u0131\u011f\u0131n\u0131 iddia eden ailenin avukat\u0131 \u0130brahim Erdo\u011fan, kre\u015fte \u00e7ocu\u011fa ait g\u00fcvenlik kameras\u0131 g\u00f6r\u00fcnt\u00fclerinin ailenin bilgisi ve r\u0131zas\u0131 olmadan hukuka ayk\u0131r\u0131 bi\u00e7imde payla\u015f\u0131ld\u0131\u011f\u0131n\u0131, konuyla ilgili yasal s\u00fcre\u00e7 ba\u015flatacaklar\u0131n\u0131 bildirdi.<\/p>\n","protected":false},"author":1,"featured_media":171432,"comment_status":"open","ping_status":"open","sticky":false,"template":"","format":"standard","meta":{"footnotes":""},"categories":[3],"tags":[173,593,11204,979,512],"class_list":["post-171431","post","type-post","status-publish","format-standard","has-post-thumbnail","hentry","category-guncel","tag-cocuk","tag-erdogan","tag-goruntulerin","tag-ibb","tag-sorusturma"],"_links":{"self":[{"href":"https:\/\/kamucalisani.net\/index.php\/wp-json\/wp\/v2\/posts\/171431","targetHints":{"allow":["GET"]}}],"collection":[{"href":"https:\/\/kamucalisani.net\/index.php\/wp-json\/wp\/v2\/posts"}],"about":[{"href":"https:\/\/kamucalisani.net\/index.php\/wp-json\/wp\/v2\/types\/post"}],"author":[{"embeddable":true,"href":"https:\/\/kamucalisani.net\/index.php\/wp-json\/wp\/v2\/users\/1"}],"replies":[{"embeddable":true,"href":"https:\/\/kamucalisani.net\/index.php\/wp-json\/wp\/v2\/comments?post=171431"}],"version-history":[{"count":1,"href":"https:\/\/kamucalisani.net\/index.php\/wp-json\/wp\/v2\/posts\/171431\/revisions"}],"predecessor-version":[{"id":171433,"href":"https:\/\/kamucalisani.net\/index.php\/wp-json\/wp\/v2\/posts\/171431\/revisions\/171433"}],"wp:featuredmedia":[{"embeddable":true,"href":"https:\/\/kamucalisani.net\/index.php\/wp-json\/wp\/v2\/media\/171432"}],"wp:attachment":[{"href":"https:\/\/kamucalisani.net\/index.php\/wp-json\/wp\/v2\/media?parent=171431"}],"wp:term":[{"taxonomy":"category","embeddable":true,"href":"https:\/\/kamucalisani.net\/index.php\/wp-json\/wp\/v2\/categories?post=171431"},{"taxonomy":"post_tag","embeddable":true,"href":"https:\/\/kamucalisani.net\/index.php\/wp-json\/wp\/v2\/tags?post=171431"}],"curies":[{"name":"wp","href":"https:\/\/api.w.org\/{rel}","templated":true}]}}