{"id":171929,"date":"2026-01-29T05:12:10","date_gmt":"2026-01-29T05:12:10","guid":{"rendered":"https:\/\/kamucalisani.net\/?p=171929"},"modified":"2026-01-29T05:12:10","modified_gmt":"2026-01-29T05:12:10","slug":"ozbekistan-cumhurbaskani-bugun-ankaraya-geliyor","status":"publish","type":"post","link":"https:\/\/kamucalisani.net\/index.php\/2026\/01\/29\/ozbekistan-cumhurbaskani-bugun-ankaraya-geliyor\/","title":{"rendered":"\u00d6zbekistan Cumhurba\u015fkan\u0131 bug\u00fcn Ankara\u2019ya geliyor"},"content":{"rendered":"<p><p><span><strong>ANKARA M\u0130LL\u0130YET &#8211;\u00a0<\/strong><\/span>T\u00fcrkiye-\u00d6zbekistan Ortak Stratejik Planlama Grubu D\u00f6rd\u00fcnc\u00fc Toplant\u0131s\u0131, D\u0131\u015fi\u015fleri Bakan\u0131 Hakan Fidan ve \u00d6zbekistan D\u0131\u015fi\u015fleri Bakan\u0131 Bahtiyor Saidov\u2019un e\u015f ba\u015fkanl\u0131klar\u0131nda 20 Ocak\u2019ta Ankara\u2019da ger\u00e7ekle\u015ftirildi. Ayn\u0131 g\u00fcn Bakan Fidan, Milli Savunma Bakan\u0131 Ya\u015far G\u00fcler, \u0130\u00e7i\u015fleri Bakan\u0131 Ali Yerlikaya ve M\u0130T Ba\u015fkan\u0131 \u0130brahim Kal\u0131n, \u00d6zbek mevkida\u015flar\u0131n\u0131n kat\u0131l\u0131m\u0131yla T\u00fcrkiye-\u00d6zbekistan 4+4 Mekanizmas\u0131 Toplant\u0131s\u0131\u2019n\u0131n birincisi d\u00fczenlendi. Bu iki \u00f6nemli toplant\u0131n\u0131n ard\u0131ndan Mirziyoyev, bug\u00fcn Erdo\u011fan\u2019\u0131n konu\u011fu olanak Ankara\u2019ya gelecek.<\/p>\n<p><strong>10 ANLA\u015eMA<\/strong><\/p>\n<p>YDB\u0130K toplant\u0131s\u0131 \u00e7er\u00e7evesinde; iki \u00fclke aras\u0131nda ticaret, yat\u0131r\u0131m, sa\u011fl\u0131k, k\u00fclt\u00fcr, standartlar, enerji, tekstil, ula\u015ft\u0131rma ve e\u011fitim konular\u0131nda 10\u2019un \u00fczerinde belgenin imzalanmas\u0131 \u00f6ng\u00f6r\u00fcl\u00fcyor.<\/p>\n<p><strong>YURT DI\u015eINDAK\u0130 \u0130LK \u00d6ZBEK OKULU<\/strong><\/p>\n<p>Ziyaret kapsam\u0131nda ikili ili\u015fkileri yans\u0131tan iki \u00e7evrimi\u00e7i t\u00f6ren yap\u0131lacak. Bu \u00e7er\u00e7evede 6 \u015eubat depremlerinde en b\u00fcy\u00fck yaray\u0131 alan ve 20 binin \u00fczerinde \u00d6zbek\u2019in ya\u015fad\u0131\u011f\u0131 Hatay\u2019da, \u00d6zbekistan Cumhuriyeti\u2019nin destekleriyle in\u015fa edilen \u2018\u00d6zbekistan Mahallesi\u2019 a\u00e7\u0131l\u0131\u015f\u0131 ger\u00e7ekle\u015fecek. \u0130stanbul\u2019da da \u00d6zbek diasporas\u0131n\u0131n \u00e7ocuklar\u0131 i\u00e7in yurt d\u0131\u015f\u0131ndaki ilk \u00d6zbek Okulu\u2019nun temeli at\u0131lacak.<\/p>\n\n<p><\/p>\n<p>Kaynak :\u00a0<span style=\"background-color: rgb(255, 249, 236); color: rgb(55, 58, 60); font-size: 14px;\">http:\/\/www.milliyet.com.tr\/gundem\/ozbekistan-cumhurbaskani-bugun-ankaraya-geliyor-7528959<\/span><\/p>\n","protected":false},"excerpt":{"rendered":"<p>T\u00fcrkiye-\u00d6zbekistan Y\u00fcksek D\u00fczeyli Stratejik \u0130\u015fbirli\u011fi Konseyi\u2019nin (YDB\u0130K) 4. Toplant\u0131s\u0131 bug\u00fcn Cumhurba\u015fkan\u0131 Recep Tayyip Erdo\u011fan ile \u00d6zbekistan Cumhurba\u015fkan\u0131 \u015eevket Miramanovi\u00e7 Mirziyoyev\u2019in ba\u015fkanl\u0131klar\u0131nda Ankara\u2019da yap\u0131lacak.<\/p>\n","protected":false},"author":1,"featured_media":171930,"comment_status":"open","ping_status":"open","sticky":false,"template":"","format":"standard","meta":{"footnotes":""},"categories":[3],"tags":[224,2627,2227],"class_list":["post-171929","post","type-post","status-publish","format-standard","has-post-thumbnail","hentry","category-guncel","tag-bakan","tag-ozbek","tag-ozbekistan"],"_links":{"self":[{"href":"https:\/\/kamucalisani.net\/index.php\/wp-json\/wp\/v2\/posts\/171929","targetHints":{"allow":["GET"]}}],"collection":[{"href":"https:\/\/kamucalisani.net\/index.php\/wp-json\/wp\/v2\/posts"}],"about":[{"href":"https:\/\/kamucalisani.net\/index.php\/wp-json\/wp\/v2\/types\/post"}],"author":[{"embeddable":true,"href":"https:\/\/kamucalisani.net\/index.php\/wp-json\/wp\/v2\/users\/1"}],"replies":[{"embeddable":true,"href":"https:\/\/kamucalisani.net\/index.php\/wp-json\/wp\/v2\/comments?post=171929"}],"version-history":[{"count":1,"href":"https:\/\/kamucalisani.net\/index.php\/wp-json\/wp\/v2\/posts\/171929\/revisions"}],"predecessor-version":[{"id":171931,"href":"https:\/\/kamucalisani.net\/index.php\/wp-json\/wp\/v2\/posts\/171929\/revisions\/171931"}],"wp:featuredmedia":[{"embeddable":true,"href":"https:\/\/kamucalisani.net\/index.php\/wp-json\/wp\/v2\/media\/171930"}],"wp:attachment":[{"href":"https:\/\/kamucalisani.net\/index.php\/wp-json\/wp\/v2\/media?parent=171929"}],"wp:term":[{"taxonomy":"category","embeddable":true,"href":"https:\/\/kamucalisani.net\/index.php\/wp-json\/wp\/v2\/categories?post=171929"},{"taxonomy":"post_tag","embeddable":true,"href":"https:\/\/kamucalisani.net\/index.php\/wp-json\/wp\/v2\/tags?post=171929"}],"curies":[{"name":"wp","href":"https:\/\/api.w.org\/{rel}","templated":true}]}}