{"id":171932,"date":"2026-01-29T05:18:10","date_gmt":"2026-01-29T05:18:10","guid":{"rendered":"https:\/\/kamucalisani.net\/?p=171932"},"modified":"2026-01-29T05:18:10","modified_gmt":"2026-01-29T05:18:10","slug":"boylesine-degerli-projenin-sergiyle-taclandirilmasi-anlamli","status":"publish","type":"post","link":"https:\/\/kamucalisani.net\/index.php\/2026\/01\/29\/boylesine-degerli-projenin-sergiyle-taclandirilmasi-anlamli\/","title":{"rendered":"\u2018B\u00f6ylesine de\u011ferli projenin sergiyle ta\u00e7land\u0131r\u0131lmas\u0131 anlaml\u0131\u2019"},"content":{"rendered":"<p><p>Sosyal medya hesab\u0131ndan serginin a\u00e7\u0131l\u0131\u015f\u0131na ili\u015fkin payla\u015f\u0131mda bulunan Erdo\u011fan, \u015funlar\u0131 kaydetti:<\/p>\n<p>\u201cFransa\u2019da Avrupa Konseyi ev sahipli\u011finde ziyarete a\u00e7\u0131lan \u2018T\u00fcrkiye Dokuma Atlas\u0131-Kuma\u015f\u0131n Haf\u0131zas\u0131\u2019 sergisinin hay\u0131rl\u0131 olmas\u0131n\u0131 diliyorum. K\u00fclt\u00fcrel miras\u0131n korunmas\u0131n\u0131 te\u015fvik eden ve toplumlar aras\u0131nda diyalo\u011fu destekleyen bir kurum olan Avrupa Konseyi himayesinde b\u00f6ylesine de\u011ferli bir projenin bir sergiyle ta\u00e7land\u0131r\u0131lmas\u0131 son derece anlaml\u0131. Serginin Anadolu\u2019nun y\u00fczy\u0131llara dayanan k\u00f6kl\u00fc dokumac\u0131l\u0131k gelene\u011fini uluslararas\u0131 topluma ta\u015f\u0131yacak olmas\u0131 ise ayr\u0131ca mutluluk verici. Anadolu\u2019nun binlerce y\u0131ll\u0131k bilgi birikimine, do\u011fa dostu \u00fcretim bilgeli\u011fine ve kad\u0131n eme\u011finin paha bi\u00e7ilemez katk\u0131s\u0131na kap\u0131 aralayan bu \u00f6zel serginin, t\u00fcm ziyaret\u00e7ileri i\u00e7in ilham verici bir deneyim sunmas\u0131n\u0131 temenni ediyorum. Sergide eme\u011fi ge\u00e7en herkesi y\u00fcrekten tebrik ediyorum.\u201d<\/p>\n\n<p><\/p>\n<p>Kaynak :\u00a0<span style=\"background-color: rgb(255, 249, 236); color: rgb(55, 58, 60); font-size: 14px;\">http:\/\/www.milliyet.com.tr\/gundem\/boylesine-degerli-projenin-sergiyle-taclandirilmasi-anlamli-7528961<\/span><\/p>\n","protected":false},"excerpt":{"rendered":"<p>Cumhurba\u015fkan\u0131 Recep Tayyip Erdo\u011fan\u2019\u0131n e\u015fi Emine Erdo\u011fan, Fransa\u2019n\u0131n Strazburg kentindeki Avrupa Konseyi\u2019nde a\u00e7\u0131lan \u201cT\u00fcrkiye Dokuma Atlas\u0131-Kuma\u015f\u0131n Haf\u0131zas\u0131\u201d sergisiyle ilgili payla\u015f\u0131m\u0131nda \u201cKonsey himayesinde b\u00f6ylesine de\u011ferli bir projenin bir sergiyle ta\u00e7land\u0131r\u0131lmas\u0131 son derece anlaml\u0131\u201d dedi.<\/p>\n","protected":false},"author":1,"featured_media":171933,"comment_status":"open","ping_status":"open","sticky":false,"template":"","format":"standard","meta":{"footnotes":""},"categories":[3],"tags":[],"class_list":["post-171932","post","type-post","status-publish","format-standard","has-post-thumbnail","hentry","category-guncel"],"_links":{"self":[{"href":"https:\/\/kamucalisani.net\/index.php\/wp-json\/wp\/v2\/posts\/171932","targetHints":{"allow":["GET"]}}],"collection":[{"href":"https:\/\/kamucalisani.net\/index.php\/wp-json\/wp\/v2\/posts"}],"about":[{"href":"https:\/\/kamucalisani.net\/index.php\/wp-json\/wp\/v2\/types\/post"}],"author":[{"embeddable":true,"href":"https:\/\/kamucalisani.net\/index.php\/wp-json\/wp\/v2\/users\/1"}],"replies":[{"embeddable":true,"href":"https:\/\/kamucalisani.net\/index.php\/wp-json\/wp\/v2\/comments?post=171932"}],"version-history":[{"count":1,"href":"https:\/\/kamucalisani.net\/index.php\/wp-json\/wp\/v2\/posts\/171932\/revisions"}],"predecessor-version":[{"id":171934,"href":"https:\/\/kamucalisani.net\/index.php\/wp-json\/wp\/v2\/posts\/171932\/revisions\/171934"}],"wp:featuredmedia":[{"embeddable":true,"href":"https:\/\/kamucalisani.net\/index.php\/wp-json\/wp\/v2\/media\/171933"}],"wp:attachment":[{"href":"https:\/\/kamucalisani.net\/index.php\/wp-json\/wp\/v2\/media?parent=171932"}],"wp:term":[{"taxonomy":"category","embeddable":true,"href":"https:\/\/kamucalisani.net\/index.php\/wp-json\/wp\/v2\/categories?post=171932"},{"taxonomy":"post_tag","embeddable":true,"href":"https:\/\/kamucalisani.net\/index.php\/wp-json\/wp\/v2\/tags?post=171932"}],"curies":[{"name":"wp","href":"https:\/\/api.w.org\/{rel}","templated":true}]}}