{"id":171974,"date":"2026-01-29T06:54:11","date_gmt":"2026-01-29T06:54:11","guid":{"rendered":"https:\/\/kamucalisani.net\/?p=171974"},"modified":"2026-01-29T06:54:11","modified_gmt":"2026-01-29T06:54:11","slug":"canli-anlatim-aziz-ihsan-aktas-suc-orgutu-davasinda-ikinci-gun-mahkemede-yuzlesme","status":"publish","type":"post","link":"https:\/\/kamucalisani.net\/index.php\/2026\/01\/29\/canli-anlatim-aziz-ihsan-aktas-suc-orgutu-davasinda-ikinci-gun-mahkemede-yuzlesme\/","title":{"rendered":"Canl\u0131 Anlat\u0131m: Aziz \u0130hsan Akta\u015f su\u00e7 \u00f6rg\u00fct\u00fc davas\u0131nda ikinci g\u00fcn! Mahkemede y\u00fczle\u015fme"},"content":{"rendered":"<p><p>Aziz \u0130hsan Su\u00e7 \u00d6rg\u00fct\u00fc\u2019ne y\u00f6nelik Be\u015fikta\u015f, Esenyurt, Avc\u0131lar, Adana, Ad\u0131yaman, Seyhan, Ceyhan belediye ba\u015fkanlar\u0131n\u0131n aras\u0131nda oldu\u011fu 33&#8217;\u00fc tutuklu 200 san\u0131k hakk\u0131nda a\u00e7\u0131lan davan\u0131n g\u00f6r\u00fclmesine d\u00fcn ba\u015flad\u0131.<\/p>\n<p>Yakla\u015f\u0131k 1 ay s\u00fcrmesi beklenen davan\u0131n d\u00fcn yap\u0131lan duru\u015fmas\u0131nda san\u0131klar\u0131n kimlik tespiti yap\u0131larak iddianamenin \u00f6zeti okunmu\u015ftu. Davan\u0131n bug\u00fcn yap\u0131lan ikinci celsesinde ise tutuklu san\u0131klar\u0131n savunmalar\u0131 al\u0131nd\u0131.<\/p>\n<section>\n<div>\n<div><span>28 Ocak 2026<\/span><\/p>\n<div>G\u00d6R\u00dcNT\u00dc \u00c7EKENLER HAKKINDA SORU\u015eTURMA BA\u015eLATILDI<\/div>\n<div>\n<p>\u0130stanbul Cumhuriyet Ba\u015fsavc\u0131l\u0131\u011f\u0131 &#8216;Aziz \u0130hsan Akta\u015f&#8217; davas\u0131nda, duru\u015fma salonu i\u00e7erisinde g\u00f6r\u00fcnt\u00fc \u00e7ekerek sanal medya hesaplar\u0131nda payla\u015fan ki\u015filer hakk\u0131nda resen soru\u015fturma ba\u015flat\u0131ld\u0131\u011f\u0131n\u0131 a\u00e7\u0131klad\u0131.<\/p>\n<p>\u0130stanbul Cumhuriyet Ba\u015fsavc\u0131l\u0131\u011f\u0131 sanal medya hesab\u0131ndan yap\u0131lan a\u00e7\u0131klamada; &#8220;\u0130stanbul 1. A\u011f\u0131r Ceza Mahkemesi&#8217;nde yarg\u0131lamas\u0131 ba\u015flayan 2025\/364 E. say\u0131l\u0131 dosyan\u0131n, Marmara Ceza \u0130nfaz Kurumlar\u0131ndaki 1 nolu duru\u015fma salonunda g\u00f6r\u00fclen bug\u00fcnk\u00fc duru\u015fmas\u0131 esnas\u0131nda \u00e7ekildi\u011fi anla\u015f\u0131lan g\u00f6r\u00fcnt\u00fcn\u00fcn sosyal medya hesaplar\u0131 arac\u0131l\u0131\u011f\u0131nda payla\u015f\u0131ld\u0131\u011f\u0131 anla\u015f\u0131lmakla; Kovu\u015fturma i\u015flemleri s\u0131ras\u0131ndaki ses veya g\u00f6r\u00fcnt\u00fcleri yetkisiz olarak kayda alan ve sosyal medya hesaplar\u0131nda payla\u015farak nakleden ki\u015filer hakk\u0131nda TCK 286. madde kapsam\u0131nda resen soru\u015fturma ba\u015flat\u0131larak, \u0130stanbul \u0130l Emniyet M\u00fcd\u00fcrl\u00fc\u011f\u00fc Siber Su\u00e7larla M\u00fccadele \u015eube M\u00fcd\u00fcrl\u00fc\u011f\u00fcne fiil ve fail tespitine y\u00f6nelik talimat verilmi\u015ftir. Kamuoyunun bilgisine sayg\u0131yla duyurulur.&#8221; ifadelerine yer verildi.<\/p>\n<\/div>\n<\/div>\n<div><span>28 Ocak 2026<\/span><\/p>\n<div>MAHKEME BA\u015eKANINDAN SERT UYARI<\/div>\n<div>\n<p>Zeydan Karalar\u2019\u0131n savunmas\u0131n\u0131n ard\u0131ndan mahkeme ba\u015fkan\u0131 duru\u015fman\u0131n yar\u0131n devam edece\u011fini s\u00f6yleyerek ara verdi. Mahkeme ba\u015fkan\u0131 ayr\u0131ca bas\u0131nda duru\u015fma salonu i\u00e7inden \u00e7ok fazla g\u00f6r\u00fcnt\u00fc \u00e7\u0131kt\u0131\u011f\u0131 i\u00e7in yar\u0131nki duru\u015fmaya izleyici al\u0131nmayaca\u011f\u0131n\u0131 s\u00f6yledi.<\/p>\n<p>Avukatlar ve CHP\u2019li y\u00f6neticiler ise bu karara tepki g\u00f6stererek karar\u0131n geri al\u0131nmas\u0131n\u0131 istedi. Mahkeme ba\u015fkan\u0131 ise, \u201cSakinli\u011fimi koruyorum ka\u00e7 g\u00fcnd\u00fcr. Uyarmama ra\u011fmen bas\u0131nda g\u00f6r\u00fcnt\u00fcler \u00e7\u0131k\u0131yor. \u0130yi niyetimizi suistimal ediyorsunuz s\u00fcrekli. San\u0131klar\u0131n da zarar\u0131na bu, bize zarar\u0131 yok biz i\u015fimize her t\u00fcrl\u00fc devam ediyoruz\u201d dedi. <br \/>CHP \u0130stanbul \u0130l Ba\u015fkan\u0131 \u00d6zg\u00fcr \u00c7elik\u2019in mahkeme ba\u015fkan\u0131na art\u0131k g\u00f6r\u00fcnt\u00fc \u00e7\u0131kmayaca\u011f\u0131n\u0131 s\u00f6ylemesi \u00fczerine mahkeme ba\u015fkan\u0131, \u201cSizden s\u00f6z\u00fc ald\u0131k. Bundan sonra tek bir g\u00f6r\u00fcnt\u00fc \u00e7\u0131karsa, duru\u015fmaya kimseyi almayaca\u011f\u0131m\u201d dedi.<\/p>\n<\/div>\n<\/div>\n<div><span>28 Ocak 2026<\/span><\/p>\n<div>\u201cGEL\u0130R\u0130N 4 KATI BOR\u00c7 VARDI\u201d<\/div>\n<div>\n<p>Adana B\u00fcy\u00fck\u015fehir Belediye Ba\u015fkan\u0131 Zeydan yapt\u0131\u011f\u0131 savunmas\u0131nda 2014 y\u0131l\u0131nda Seyhan Belediye Ba\u015fkan\u0131 oldu\u011funu 2019 y\u0131l\u0131nda ise B\u00fcy\u00fck\u015fehir Belediye Ba\u015fkan\u0131 oldu\u011funu s\u00f6yledi. Kendisi g\u00f6reve geldi\u011finde belediyenin \u00e7ok fazla borcu oldu\u011funu s\u00f6yleyen Karalar, \u201cHarbiden belediye batm\u0131\u015ft\u0131. Belediyenin gelirinin 4 kat\u0131 borcu vard\u0131. \u015eu anda geliri borcunun 4-5 kat \u00fczerinde\u201d dedi.<\/p>\n<p><strong>KARALAR: \u201cB\u0130Z ADANALILAR D\u0130REKT ALLAH\u2019A BA\u011eLIYIZ\u201d<\/strong><\/p>\n<p>Belediye ba\u015fkanlar\u0131n\u0131n ihale vermede yetkilerinin olmad\u0131\u011f\u0131n\u0131 s\u00f6yleyen Zeydan Karalar, \u201cAziz \u0130hsan Akta\u015f\u2019\u0131n firmalar\u0131 Seyhan Belediyesi\u2019nde oldu\u011fum d\u00f6nem ihale alamad\u0131. Alabilirdi de ihaleler herkese a\u00e7\u0131k olur. Akta\u015f\u2019\u0131n ortak oldu\u011fu \u015firketler Seyhan Belediyesi d\u00f6neminde bizle \u00e7al\u0131\u015fmad\u0131, \u00e7al\u0131\u015famad\u0131, imkan olmad\u0131. Ama ben nedense Aziz \u0130hsan Akta\u015f&#8217;\u0131n dosyas\u0131nday\u0131m. Ben Adanal\u0131y\u0131m, Silivri&#8217;de ne i\u015fim var? Ben Adanal\u0131y\u0131m, direkt Allah&#8217;a ba\u011fl\u0131y\u0131m. Biz Adanal\u0131lar olarak direkt Allah&#8217;a ba\u011fl\u0131y\u0131z\u201d dedi.<\/p>\n<p><strong>\u201cKABUL ETMEK M\u00dcMK\u00dcN DE\u011e\u0130L H\u0130\u00c7B\u0130R V\u0130CDAN KABUL ETMEZ\u201d<\/strong><\/p>\n<p>\u201c\u0130ddianameyi okuyunca inan\u0131n \u015fok oldum\u201d diyen Karalar, \u201cG\u00f6r\u00fcyorum ki birileri beni tutuklamak i\u00e7in \u00f6zel bir \u00e7aba sarfetmi\u015f. Baki Nugay\u2019\u0131n ifadesine dayanarak burada tutukluyum. Benimle ilgili ba\u015fka hi\u00e7bir delil yok. Ba\u015fka hi\u00e7bir delil olmamas\u0131na ra\u011fmen 7 ayd\u0131r tutukluyum. Bunu kabul etmek m\u00fcmk\u00fcn de\u011fildir. Hi\u00e7bir vicdan bunu kabul etmez. Ben yarg\u0131lanmaktan korkan biri de\u011filim buradaki kimse de\u011fil. Bizim istedi\u011fimiz tutuksuz yarg\u0131lanmak\u201d dedi.<\/p>\n<\/div>\n<\/div>\n<div><span>28 Ocak 2026<\/span><\/p>\n<div>\u201cE\u015e\u0130MLE B\u0130RB\u0130R\u0130M\u0130Z\u0130N \u0130\u015eLER\u0130NE M\u00dcDAHALE ETMEY\u0130Z\u201d<\/div>\n<div>\n<p>Seyhan Belediye Ba\u015fkan\u0131 Oya Tekin\u2019in ard\u0131ndan e\u015fi olan tutuklu san\u0131k Celal Tekin savunmas\u0131n\u0131 yapt\u0131. 35 y\u0131ll\u0131k hukuk\u00e7u oldu\u011funu s\u00f6yleyen Tekin, belediyede herhangi bir g\u00f6revi olmad\u0131\u011f\u0131n\u0131 s\u00f6yledi.<\/p>\n<p>Kendisinden talebi olanlar\u0131 belediyeye y\u00f6nlendirdi\u011fini anlatan Tekin, \u201cE\u015fimle birbirimizin alanlar\u0131na hi\u00e7 m\u00fcdahale etmeyiz. Ben Aziz \u0130hsan Akta\u015f\u2019\u0131 \u00f6ncesinde tan\u0131mam kendisi birilerini araya sokarak e\u015fimle tan\u0131\u015fmak istemi\u015ftir. Tan\u0131\u015famay\u0131nca benimle tan\u0131\u015fmak istedi. Araya girenler sonras\u0131 kendisiyle tan\u0131\u015ft\u0131m. Bana belediyeden alaca\u011f\u0131 oldu\u011funu s\u00f6yledi. Ben de kendisini belediyenin ilgili b\u00f6l\u00fcm\u00fcne y\u00f6nlendirdim. Sonras\u0131nda defalarca ayn\u0131 konuda kendisi bana ula\u015fmaya \u00e7al\u0131\u015f\u0131nca ben de kendisine borcun e\u015fim Oya han\u0131m\u0131n \u015fahsi borcu olmad\u0131\u011f\u0131n\u0131 belediyeye ait oldu\u011funu s\u00f6yledim\u201d dedi.<\/p>\n<p><strong>AZ\u0130Z \u0130HSAN AKTA\u015e\u2019TAN SANI\u011eA SORU<\/strong><\/p>\n<p>Tekin\u2019in savunmas\u0131 \u00fczerine tutuksuz san\u0131k Aziz \u0130hsan Akta\u015f s\u00f6z alarak soru sormak istedi. Akta\u015f Tekin\u2019e, \u201cKendisiyle g\u00f6r\u00fc\u015fmek i\u00e7in arac\u0131lar koydu\u011fumu s\u00f6yledi. Bunlar\u0131n kimler oldu\u011funu s\u00f6yleyebilir mi?\u201d dedi. Tekin bu soruya, \u201cE\u015fimin ve benim tan\u0131d\u0131\u011f\u0131m herkesi seferber etmi\u015fti. E\u015fime ula\u015famay\u0131nca siyasileri ve bir s\u00fcr\u00fc insan\u0131 koydu\u201d dedi.<\/p>\n<\/div>\n<\/div>\n<div><span>28 Ocak 2026<\/span><\/p>\n<div>&#8220;G\u00d6Z\u00dcMDEN B\u0130R DAMLA YA\u015e GELD\u0130&#8221;<\/div>\n<div>\n<p>Tutuklu Seyhan Belediye Ba\u015fkan\u0131 Oya Tekin ise savunmas\u0131na, \u201c\u015eu an kar\u015f\u0131n\u0131zda belediye ba\u015fkan\u0131 olarak de\u011fil bir hukuk\u00e7u olarak bulunuyorum\u201d diyerek ba\u015flad\u0131.<\/p>\n<p>D\u00fcn duru\u015fmada ve sonras\u0131nda ya\u015fad\u0131klar\u0131n\u0131 anlatan Tekin, \u201cBurada medyay\u0131 takip etme \u015fans\u0131m\u0131z olmad\u0131. Ak\u015fam ko\u011fu\u015fa gitti\u011fimde oradaki kad\u0131n arkada\u015flar\u0131m izledikleri haberleri anlatt\u0131. Bana dediler ki, \u2018ba\u015fkan\u0131m 400 y\u0131l hapis cezas\u0131yla yarg\u0131lanan ki\u015fi (Aziz \u0130hsan Akta\u015f) koruma ordusuyla duru\u015fmaya gidiyor\u2019 dedi. O anda g\u00f6z\u00fcmden bir damla ya\u015f geldi\u201d dedi.<\/p>\n<p><strong>\u201cTAR\u0130HE NOT D\u00dc\u015e\u00dcLEN B\u0130R DAVADA SANIK OLARAK BULUNUYORUM\u201d<\/strong><\/p>\n<p>3 o\u011flunun duru\u015fmada kendisini izledi\u011fini anlatan Tekin, \u201c3 evlat b\u00fcy\u00fctt\u00fcm ben. Onlara b\u0131rakaca\u011f\u0131m tek \u015fey onurumdur. Tarihe not d\u00fc\u015fmek istiyorum derdim. Tarihe not d\u00fc\u015f\u00fclen bir davada kar\u015f\u0131n\u0131zda san\u0131k olarak bulunuyorum. Adana\u2019n\u0131n se\u00e7ilen ilk kad\u0131n belediye ba\u015fkan\u0131y\u0131m. Y\u0131llarca \u00e7al\u0131\u015ft\u0131m. \u015eafak operasyonuyla g\u00f6zalt\u0131na al\u0131nd\u0131m. \u00c7a\u011f\u0131r\u0131lsam giderdim\u201d dedi.<\/p>\n<p><strong>\u201cAZ\u0130Z \u0130HSAN HESAPLA\u015eMAK \u0130\u00c7\u0130N \u0130T\u0130RAF\u00c7I OLDU\u201d<\/strong><\/p>\n<p>Aziz \u0130hsan Akta\u015f\u2019\u0131n etkin pi\u015fmanl\u0131k h\u00fck\u00fcmlerinden faydalanarak itiraf\u00e7\u0131 oldu\u011fu ifadesinde kendisine r\u00fc\u015fvet verdi\u011fini iddia etti\u011fini anlatan Oya Tekin, \u201cR\u00fc\u015fvet verdi\u011fini iddia etti\u011fi tarihte ben 3 ayl\u0131k belediye ba\u015fkan\u0131y\u0131m b\u00fct\u00fcn hizmeti b\u00fct\u00fcn i\u015fi b\u0131rakt\u0131m Aziz \u0130hsan Akta\u015f ile b\u00f6yle bir i\u015fe mi girdim? \u0130ddia etti\u011fi r\u00fc\u015fveti tutukland\u0131\u011f\u0131 zaman s\u00f6ylemiyor. Tutuklu kald\u0131\u011f\u0131 s\u00fcrede d\u00fc\u015f\u00fcn\u00fcyor ve b\u00f6yle ifade veriyor. Aziz \u0130hsan Akta\u015f bu etkin pi\u015fmanl\u0131k beyan\u0131n\u0131 benimle ve Seyhan Belediyesi\u2019yle hesapla\u015fmak i\u00e7in kulland\u0131. E\u015fimi de dahil etti\u201d dedi.<\/p>\n<\/div>\n<\/div>\n<div><span>28 Ocak 2026<\/span><\/p>\n<div>\u201cHAYATIM BELED\u0130YEC\u0130L\u0130K OLMU\u015eTU\u201d<\/div>\n<div>\n<p>Duru\u015fmada ilk olarak Ad\u0131yaman Belediye Ba\u015fkan Yard\u0131mc\u0131s\u0131 Ceyhan Kayhan savunma yapt\u0131. \u00c7al\u0131\u015fma hayat\u0131 boyunca hep belediyelerde \u00e7al\u0131\u015ft\u0131\u011f\u0131n\u0131 s\u00f6yleyen Kayhan, \u201cKenti tan\u0131d\u0131\u011f\u0131m i\u00e7in ve faydal\u0131 olabilece\u011fimi d\u00fc\u015f\u00fcnd\u00fc\u011f\u00fcm i\u00e7in Ad\u0131yaman\u2019da i\u015fe ba\u015flad\u0131m. Hayat\u0131m Ad\u0131yaman\u2019da belediyecilik olmu\u015ftu. \u0130nsanlar Ad\u0131yaman\u2019da b\u00fcy\u00fck travmalar ya\u015fam\u0131\u015ft\u0131. Ben insanlar\u0131n ac\u0131s\u0131n\u0131 hisseden biriyim. \u00dcz\u00fclerek s\u00f6yl\u00fcyorum ki \u00fclkemizde k\u00f6t\u00fcl\u00fck o kadar s\u0131radanla\u015ft\u0131 ki insanlar kendi konforu i\u00e7in ba\u015fka insanlara iftiralar atabiliyor. Ben bu y\u00fczden 8 aydan beri cezaevindeyim\u201d dedi.<\/p>\n<p><strong>\u201c\u00c7OK ESK\u0130 TANIRIM\u201d<br \/><\/strong> <br \/>Kendisi hakk\u0131nda ifade veren Sava\u015f \u00c7.\u2019yi tan\u0131d\u0131\u011f\u0131n\u0131 s\u00f6yleyen Ceyhan Kayhan, \u201c\u0130zmir\u2019de birlikte \u00e7al\u0131\u015ft\u0131k. \u00c7ok eski bir arkada\u015fl\u0131\u011f\u0131m\u0131z var. Anlamad\u0131\u011f\u0131m bir \u015fekilde bana iftirada bulundu. Y\u0131llard\u0131r tan\u0131d\u0131\u011f\u0131m arkada\u015f\u0131mla aram\u0131zdaki para al\u0131\u015fveri\u015fi r\u00fc\u015fvet olarak dosyaya girdi. Benim ona g\u00f6nderdi\u011fim 25 bin liray\u0131 r\u00fc\u015fvet olarak g\u00f6steriliyor. Kendisi beni arayarak tutuklanan bir arkada\u015f\u0131 i\u00e7in avukat paras\u0131 istedi. Ben de 30 bin lira g\u00f6nderdim\u201d dedi.<\/p>\n<p><strong>\u201cK\u0130MSEDEN R\u00dc\u015eVET ALMADIM\u201d<br \/><\/strong> <br \/>S.\u00c7\u2019den ald\u0131\u011f\u0131 t\u00fcm paralar\u0131n iadesini yapt\u0131\u011f\u0131n\u0131 s\u00f6yleyen Kayhan, \u201cDosyada o kadar \u00e7ok yalan s\u00f6ylemi\u015f ki, benim ona bir borcum yok. Bu arkada\u015f beni tan\u0131mad\u0131\u011f\u0131n\u0131 s\u00f6yl\u00fcyor. Bir s\u00fcr\u00fc ortak arkada\u015f\u0131m\u0131z da var. Hepsi tan\u0131k olarak buraya gelecek. Kimseden r\u00fc\u015fvet almad\u0131m arac\u0131l\u0131k da etmedim. B\u00fct\u00fcn de\u011ferlerimin \u00fczerime yemin ederim\u201d dedi.<\/p>\n<p><strong>\u201c1,5 M\u0130LYON ALACA\u011eI OLAN 20 M\u0130LYON R\u00dc\u015eVET VER\u0130R M\u0130?\u201d<br \/><\/strong><br \/>Ceyhan Kayhan\u2019\u0131n ard\u0131ndan tutuklu Ceyhan Belediye Ba\u015fkan\u0131 Kadir Aydar savunmas\u0131n\u0131 yapt\u0131. Hakk\u0131nda, Aziz \u0130hsan Akta\u015f\u2019\u0131n kendisine r\u00fc\u015fvet verdi\u011fi su\u00e7lamas\u0131 oldu\u011funu s\u00f6yleyen Aydar, \u201cAziz \u0130hsan Akta\u015f ya da akrabalar\u0131n\u0131n firmalar\u0131n\u0131n benim d\u00f6nemimde belediyeden ald\u0131klar\u0131 ihale olmam\u0131\u015ft\u0131r. Akta\u015f\u2019\u0131n ya da akrabalar\u0131n\u0131n firmalar\u0131na \u00f6denen paralar ise o d\u00f6nem t\u00fcm firmalara belediye taraf\u0131ndan \u00f6denen alacaklar\u0131d\u0131r. Akta\u015f\u2019a \u00f6zel bir durum de\u011fildir\u201d dedi.<\/p>\n<p>Aziz \u0130hsan Akta\u015f\u2019\u0131n 4 milyonluk daireyi 20 milyona ald\u0131\u011f\u0131n\u0131 iddia etti\u011fini anlatan Kadir Aydar, \u201cAncak o d\u00f6nem akrabalar\u0131n\u0131n \u015firketlerinin belediyeden alaca\u011f\u0131 1 bu\u00e7uk milyondur. Bir insan 1 bu\u00e7uk milyon alaca\u011f\u0131 i\u00e7in 20 milyon verir mi?\u201d dedi.<\/p>\n<p><strong>\u201cAZ\u0130Z \u0130HSAN AKTA\u015e BU T\u0130CARET\u0130N KAZANANIDIR\u201d<br \/><\/strong> <br \/>Aziz \u0130hsan Akta\u015f\u2019\u0131n babas\u0131yla ticaret ili\u015fkisi oldu\u011funu anlatan Aydar, \u201cDedi\u011fi gibi 4 milyonluk daireyi 20 milyona alm\u0131\u015f olsayd\u0131 bu su\u00e7 olurdu. Ama bu dairenin de\u011feri 16 milyondur. Bu da savc\u0131l\u0131\u011f\u0131n tespitidir. Evin paras\u0131n\u0131 alabilseydik bunu inkar etmezdik. T\u00fcrkiye\u2019de ticaret yapmak su\u00e7 de\u011fildir. Ben babam\u0131n hi\u00e7bir ticaretine kar\u0131\u015fmad\u0131m. Babam Aziz \u0130hsan Akta\u015f ile sadece ticaret yapm\u0131\u015ft\u0131r. Aziz \u0130hsan Akta\u015f uygun bedellerle yap\u0131lan bu ticaretin kazanan taraf\u0131d\u0131r. Hala vermesi gereken para vard\u0131r. Verece\u011fi olan ki\u015fi nas\u0131l r\u00fc\u015fvet verecektir\u201d dedi. <\/p>\n<\/div>\n<\/div>\n<div><span>28 Ocak 2026<\/span><\/p>\n<div>NELER OLMU\u015eTU?<\/div>\n<div>\n<p>\u0130stanbul 1. A\u011f\u0131r Ceza Mahkemesi taraf\u0131ndan Silivri\u2019deki Marmara Kapal\u0131 Ceza \u0130nfaz Kurumu\u2019nda d\u00fcn yap\u0131lan duru\u015fmaya Be\u015fikta\u015f Belediye Ba\u015fkan\u0131 R\u0131za Akpolat, Avc\u0131lar Belediye Ba\u015fkan\u0131 Utku Caner \u00c7aykara, Seyhan Belediye Ba\u015fkan\u0131 Oya Tekin, Ceyhan Belediye Ba\u015fkan\u0131 Kadir Aydar, Adana Belediye Ba\u015fkan\u0131 Zeydan Karalar\u2019\u0131n aras\u0131nda oldu\u011fu tutuklu san\u0131klar ve su\u00e7 \u00f6rg\u00fct\u00fc lideri oldu\u011fu iddia edilen Aziz \u0130hsan Akta\u015f ve Esenyurt Belediye Ba\u015fkan\u0131 Ahmet \u00d6zer\u2019in aras\u0131nda bulundu\u011fu tutuksuz san\u0131klar kat\u0131ld\u0131. CHP Genel Ba\u015fkan\u0131 \u00d6zg\u00fcr \u00d6zel ve \u0130stanbul \u0130l Ba\u015fkan\u0131 \u00d6zg\u00fcr \u00c7elik de duru\u015fmaya izleyici olarak kat\u0131ld\u0131.<\/p>\n<p>D\u00fcn tutuklu san\u0131klar\u0131n salona al\u0131nmas\u0131 s\u0131ras\u0131nda izleyici s\u0131ras\u0131nda at\u0131lan sloganlar sonras\u0131 mahkeme ba\u015fkan\u0131 bir daha olmas\u0131 halinde duru\u015fmalara izleyicisiz olarak devam edece\u011fi uyar\u0131s\u0131nda bulunmu\u015ftu. Bug\u00fcn ise baz\u0131 CHP\u2019li y\u00f6neticiler izleyici s\u0131ras\u0131na seslenerek san\u0131klar i\u00e7eri girerken sessiz olunmas\u0131 konusunda uyar\u0131da bulundu.<\/p>\n<p><strong>BELED\u0130YE BA\u015eKANLARI\u00a0AYLIK GEL\u0130RLER\u0130N\u0130 A\u00c7IKLADI<\/strong><\/p>\n<p>Tutuklu san\u0131klar\u0131n kimlik tespiti s\u0131ras\u0131nda belediye ba\u015fkanlar\u0131na ayl\u0131k gelirleri soruldu. Ceyhan Belediye Ba\u015fkan\u0131 Kadir Aydar ayl\u0131k ortalama gelirinin 100 bin lira oldu\u011funu belirtirken, Seyhan Belediye Ba\u015fkan\u0131 Oya Tekin 150 bin lira, Adana B\u00fcy\u00fck\u015fehir Belediye Ba\u015fkan\u0131 Zeydan Karalar 360 bin lira, Avc\u0131lar Belediye Ba\u015fkan\u0131 Utku Caner \u00c7aykara ise 130 bin lira gelirinin bulundu\u011funu s\u00f6yledi. Eski Be\u015fikta\u015f Belediye Ba\u015fkan\u0131 R\u0131za Akpolat ise ayl\u0131k gelirinin olmad\u0131\u011f\u0131n\u0131 s\u00f6yledi.<\/p>\n<p>\u00a0<\/p>\n<\/div>\n<\/div>\n<div><span>28 Ocak 2026<\/span><\/p>\n<div>\u0130DD\u0130ANAMEDEN<\/div>\n<div>\n<p>Haz\u0131rlanan iddianamede, &#8216;\u00f6rg\u00fct lideri&#8217; olarak oldu\u011fu belirtilen tutuksuz san\u0131k Aziz \u0130hsan Akta\u015f hakk\u0131nda 704 y\u0131la kadar hapis cezas\u0131 talep edildi. \u0130ddianamede, eski Be\u015fikta\u015f Belediye Ba\u015fkan\u0131 R\u0131za Akpolat hakk\u0131nda &#8216;ihaleye fesat kar\u0131\u015ft\u0131rmak&#8217; ve &#8216;r\u00fc\u015fvet almak&#8217; su\u00e7lar\u0131 ba\u015fta olmak \u00fczere 8 ayr\u0131 su\u00e7tan 415 y\u0131la kadar hapis cezas\u0131 talep edildi. \u0130ddianamede, tutuklu Avc\u0131lar Belediye Ba\u015fkan\u0131 Utku Caner \u00c7aykara&#8217;n\u0131n 18 y\u0131la kadar, tutuklu Adana B\u00fcy\u00fck\u015fehir Belediye Ba\u015fkan\u0131 Zeydan Karalar&#8217;\u0131n 12 y\u0131la kadar, tutuklu Seyhan Belediye Ba\u015fkan\u0131 Oya Tekin&#8217;in 12 y\u0131la kadar, tutuklu Ceyhan Belediye Ba\u015fkan\u0131 Kadir Aydar&#8217;\u0131n 12 y\u0131la kadar hapis cezas\u0131yla cezaland\u0131r\u0131lmas\u0131 istendi. Tutuksuz san\u0131k Ad\u0131yaman Belediye Ba\u015fkan\u0131 Abdurrahman Tutdere hakk\u0131nda &#8216;r\u00fc\u015fvet almak&#8217; su\u00e7lamas\u0131yla 12 y\u0131la kadar hapis cezas\u0131 talep edildi. Esenyurt Belediye Ba\u015fkan\u0131 Ahmet \u00d6zer&#8217;in ise 9 y\u0131la kadar hapisle cezaland\u0131r\u0131lmas\u0131 istendi. Ahmet \u00d6zer hakk\u0131nda iddianamenin kabul\u00fcn\u00fcn ard\u0131ndan tahliye karar\u0131 verildi.<\/p>\n<\/div>\n<\/div>\n<\/div>\n<\/section>\n<p><\/p>\n<p>Kaynak :\u00a0<span style=\"background-color: rgb(255, 249, 236); color: rgb(55, 58, 60); font-size: 14px;\">http:\/\/www.milliyet.com.tr\/gundem\/live-aziz-ihsan-aktas-suc-orgutu-davasinda-ikinci-gun-mahkemede-yuzlesme-7528541<\/span><\/p>\n","protected":false},"excerpt":{"rendered":"<p>\u0130\u015f insan\u0131 Aziz \u0130hsan Akta\u015f\u2019\u0131n liderli\u011fini yapt\u0131\u011f\u0131 iddia edilen su\u00e7 \u00f6rg\u00fct\u00fcn\u00fcn, belediye ba\u015fkanlar\u0131 ile belediyelerin \u00fcst d\u00fczey y\u00f6neticilerine r\u00fc\u015fvet vererek ihaleleri organize etti\u011fi iddias\u0131yla 200 \u015f\u00fcpheli hakk\u0131nda a\u00e7\u0131lan davan\u0131n g\u00f6r\u00fclmesine devam edildi. Davan\u0131n ikinci g\u00fcn\u00fcnde tutuklu san\u0131klar\u0131n savunmalar\u0131 al\u0131nd\u0131. Bug\u00fcnk\u00fc duru\u015fmada salonda g\u00f6r\u00fcnt\u00fc \u00e7ekilmesi \u00fczerine mahkeme ba\u015fkan\u0131, yar\u0131nki duru\u015fman\u0131n izleyiciye kapal\u0131 yap\u0131laca\u011f\u0131n\u0131 a\u00e7\u0131klad\u0131.<\/p>\n","protected":false},"author":1,"featured_media":171975,"comment_status":"open","ping_status":"open","sticky":false,"template":"","format":"standard","meta":{"footnotes":""},"categories":[3],"tags":[11234,234,5730,1168,506],"class_list":["post-171974","post","type-post","status-publish","format-standard","has-post-thumbnail","hentry","category-guncel","tag-aziz-ihsan-aktas","tag-belediye","tag-belediye-baskani","tag-durusma","tag-tek"],"_links":{"self":[{"href":"https:\/\/kamucalisani.net\/index.php\/wp-json\/wp\/v2\/posts\/171974","targetHints":{"allow":["GET"]}}],"collection":[{"href":"https:\/\/kamucalisani.net\/index.php\/wp-json\/wp\/v2\/posts"}],"about":[{"href":"https:\/\/kamucalisani.net\/index.php\/wp-json\/wp\/v2\/types\/post"}],"author":[{"embeddable":true,"href":"https:\/\/kamucalisani.net\/index.php\/wp-json\/wp\/v2\/users\/1"}],"replies":[{"embeddable":true,"href":"https:\/\/kamucalisani.net\/index.php\/wp-json\/wp\/v2\/comments?post=171974"}],"version-history":[{"count":1,"href":"https:\/\/kamucalisani.net\/index.php\/wp-json\/wp\/v2\/posts\/171974\/revisions"}],"predecessor-version":[{"id":171976,"href":"https:\/\/kamucalisani.net\/index.php\/wp-json\/wp\/v2\/posts\/171974\/revisions\/171976"}],"wp:featuredmedia":[{"embeddable":true,"href":"https:\/\/kamucalisani.net\/index.php\/wp-json\/wp\/v2\/media\/171975"}],"wp:attachment":[{"href":"https:\/\/kamucalisani.net\/index.php\/wp-json\/wp\/v2\/media?parent=171974"}],"wp:term":[{"taxonomy":"category","embeddable":true,"href":"https:\/\/kamucalisani.net\/index.php\/wp-json\/wp\/v2\/categories?post=171974"},{"taxonomy":"post_tag","embeddable":true,"href":"https:\/\/kamucalisani.net\/index.php\/wp-json\/wp\/v2\/tags?post=171974"}],"curies":[{"name":"wp","href":"https:\/\/api.w.org\/{rel}","templated":true}]}}