{"id":171996,"date":"2026-01-29T07:42:11","date_gmt":"2026-01-29T07:42:11","guid":{"rendered":"https:\/\/kamucalisani.net\/?p=171996"},"modified":"2026-01-29T07:42:11","modified_gmt":"2026-01-29T07:42:11","slug":"kentte-risk-yok-algisi-yikildi-uzmanindan-kritik-aciklama-7den-buyuk-deprem-bekliyoruz","status":"publish","type":"post","link":"https:\/\/kamucalisani.net\/index.php\/2026\/01\/29\/kentte-risk-yok-algisi-yikildi-uzmanindan-kritik-aciklama-7den-buyuk-deprem-bekliyoruz\/","title":{"rendered":"&#8216;Kentte risk yok&#8217; alg\u0131s\u0131 y\u0131k\u0131ld\u0131! Uzman\u0131ndan kritik a\u00e7\u0131klama: \u20187&#8217;den b\u00fcy\u00fck deprem bekliyoruz\u2019"},"content":{"rendered":"<p><p>Afet ve Acil Durum Y\u00f6netimi Ba\u015fkanl\u0131\u011f\u0131 (AFAD) verilerine g\u00f6re \u00f6nceki g\u00fcn saat 23.15&#8217;te Trabzon&#8217;un Ortahisar il\u00e7esinin yakla\u015f\u0131k 28 kilometre a\u00e7\u0131\u011f\u0131nda meydana gelen 3.8 b\u00fcy\u00fckl\u00fc\u011f\u00fcndeki depreme ili\u015fkin de\u011ferlendirmelerde bulunan KT\u00dc Jeofizik M\u00fchendisli\u011fi B\u00f6l\u00fcm\u00fc Sismoloji Ana Bilim Dal\u0131 Dr. \u00d6\u011fr. \u00dcyesi \u00d6zgen\u00e7 Ak\u0131n, depremin \u015fa\u015f\u0131rt\u0131c\u0131 olmad\u0131\u011f\u0131n\u0131 dile getirdi.<\/p>\n<p>\u00d6zellikle al\u00fcvyal zeminlerde, heyelanl\u0131 alanlarda bulunan yap\u0131lar\u0131n mutlaka T\u00fcrk Bina Deprem Y\u00f6netmeli\u011fi&#8217;ne uygun yap\u0131lmas\u0131, e\u011fer yap\u0131lmad\u0131ysa kontrol ettirilmesinin \u00e7ok \u00f6nemli oldu\u011funa dikkat \u00e7eken Ak\u0131n, &#8220;Depremin b\u00fcy\u00fckl\u00fck ve \u015fiddet kavram\u0131n\u0131 bilmemiz gerekiyor. \u015eiddet Romen rakam\u0131yla g\u00f6steriliyor ve hissetti\u011fimiz sars\u0131nt\u0131 g\u00fcc\u00fcne g\u00f6re de\u011fi\u015fiyor. \u00d6rne\u011fin dolaplar ve avize salland\u0131ysa bunun \u015fiddeti farkl\u0131 adland\u0131r\u0131l\u0131yor. Deprem b\u00fcy\u00fckl\u00fc\u011f\u00fc ise cihazlarla \u00f6l\u00e7t\u00fc\u011f\u00fcm\u00fcz aletsel b\u00fcy\u00fckl\u00fckt\u00fcr. Farkl\u0131 b\u00fcy\u00fckl\u00fckteki depremler ayn\u0131 \u015fiddette olabilir, ayn\u0131 \u015fiddetteki depremler farkl\u0131 b\u00fcy\u00fckl\u00fckte de olabilir. Sa\u011flam olmayan zeminlerde \u015fiddet daha fazla olacakt\u0131r. \u00c7\u00fcnk\u00fc \u015fiddet yerel zemin \u015fartlar\u0131na g\u00f6re de\u011fi\u015fiyor. Bu son 3.7 b\u00fcy\u00fckl\u00fc\u011f\u00fcndeki depremde de sahile yak\u0131n al\u00fcvyal zeminler daha fazla salland\u0131. Depremin olmas\u0131 bizim i\u00e7in \u015fa\u015f\u0131rt\u0131c\u0131 de\u011fildi. Biz senelerdir Karadeniz i\u00e7erisindeki faylardan bahsediyoruz. Burada depremler meydana gelebilir, normaldir. Karadeniz&#8217;de yine daha \u00f6nce G\u00fcrcistan a\u00e7\u0131klar\u0131nda ve Bart\u0131n&#8217;da 5-6&#8217;dan b\u00fcy\u00fck depremler meydana geldi. B\u00f6lgemiz asl\u0131nda aktif bir b\u00f6lge. Her ne kadar deprem tehlikesi haritas\u0131nda en b\u00fcy\u00fck yer ivmesi 0.2 g olarak ifade edilse de zeminin kaya oldu\u011fu varsay\u0131m\u0131na dayanarak yap\u0131lan bir harita. Tabii ki bu harita yanl\u0131\u015f de\u011fil. Bu bize b\u00f6lgesel anlamda, parsel baz\u0131nda da \u00e7al\u0131\u015fmalar yap\u0131lmas\u0131 gerekti\u011fini s\u00f6yl\u00fcyor. Heyelan i\u00e7erisindeki bir yap\u0131 tabii ki bunu 0.2 g olarak hissetmiyor, daha b\u00fcy\u00fck hissediyor. Kahramanmara\u015f depremlerinde de g\u00f6rd\u00fck, \u00e7ok y\u00fcksek &#8216;g&#8217; kuvvetlerine ula\u015ft\u0131k. Deprem a\u00e7\u0131s\u0131ndan b\u00f6lgemiz olduk\u00e7a aktif. Depremden zarar g\u00f6rmemek tamamen bizim elimizde olan bir \u015fey. Yap\u0131lar\u0131m\u0131z\u0131 uygun tasarlarsak; deprem, yap\u0131 ve zemin ili\u015fkisini do\u011fru kurarsak bir zarar g\u00f6rmeyiz. Trabzon risksiz ya da deprem tehlikesi olmayan bir b\u00f6lge de\u011fil. Buna art\u0131k al\u0131\u015fmam\u0131z laz\u0131m&#8221; \u015feklinde konu\u015ftu.<\/p>\n<p><strong>&#8220;DEN\u0130Z \u0130\u00c7ER\u0130S\u0130NDEK\u0130 DEPREMLERDEN \u00c7OK KUZEY ANADOLU FAY HATTI&#8217;NDA (KAFZ) MEYDANA GELEB\u0130LECEK DEPREMLER B\u00d6LGEM\u0130Z\u0130 ETK\u0130LEYEB\u0130L\u0130R&#8221;<\/strong><\/p>\n<p>Bing\u00f6l Yedisu&#8217;da beklenen 7&#8217;den b\u00fcy\u00fck bir depremin Trabzon&#8217;u olduk\u00e7a olumsuz etkileyece\u011fini vurgulayan Ak\u0131n, &#8220;Deprem denizdeki bir fayda meydana geldi. Bu fay\u0131n \u00e7ok b\u00fcy\u00fck olmad\u0131\u011f\u0131n\u0131 biliyoruz. Ancak deprem a\u00e7\u0131s\u0131ndan daha \u00f6nemli olan Kuzey Anadolu Fay Hatt\u0131 (KAFZ). \u00c7ok b\u00fcy\u00fck depremler \u00fcretebilen bir fay hatt\u0131. Bizim buna uzakl\u0131\u011f\u0131m\u0131z yakla\u015f\u0131k 150 kilometre. Deniz i\u00e7erisindeki depremlerden \u00e7ok Kuzey Anadolu Fay Hatt\u0131&#8217;nda meydana gelebilecek depremler b\u00f6lgemizi etkileyebilir. T\u00fcrkiye&#8217;nin en b\u00fcy\u00fck depremi olan 7.9 b\u00fcy\u00fckl\u00fc\u011f\u00fcndeki 1939 Erzincan depreminde Trabzon&#8217;da can kay\u0131plar\u0131 ya\u015fand\u0131. Yedisu b\u00f6lgesinde 7&#8217;den b\u00fcy\u00fck deprem bekliyoruz. Burada meydana gelebilecek deprem Trabzon i\u00e7in b\u00fcy\u00fck bir problem olu\u015fturabilir. Deniz i\u00e7erisindeki faylar al\u00fcvyal alanlarda daha \u00e7ok hissedilir. Meydana gelen deprem asl\u0131nda \u00e7ok y\u0131k\u0131c\u0131 bir deprem de\u011fildi, k\u00fc\u00e7\u00fck b\u00fcy\u00fckl\u00fckte ve d\u00fc\u015f\u00fck \u015fiddetli bir depremdi&#8221; diye konu\u015ftu.<\/p>\n<div>\n<div><img decoding=\"async\" src=\"https:\/\/kamucalisani.net\/wp-content\/uploads\/2026\/01\/kentte-risk-yok-algisi-yikildi-uzmanindan-kritik-aciklama-7den-buyuk-deprem-bekliyoruz-0-uAsGG1ZB.jpg\"\/><\/img><\/div>\n<\/div>\n<p><strong>&#8220;TRABZON VE \u00c7EVRES\u0130NDE TSUNAM\u0130 R\u0130SK\u0130N\u0130N OLDU\u011eUNU D\u00dc\u015e\u00dcNM\u00dcYORUM&#8221;<\/strong><\/p>\n<p>Al\u00fcvyal alanlarda deprem enerjisinin y\u00fckseldi\u011fini kaydeden Ak\u0131n, &#8220;\u00d6zellikle sosyal medyada kullan\u0131c\u0131lar\u0131 \u2018avizeler hi\u00e7 sallanmad\u0131&#8217; dediler. \u00c7ok do\u011frudur, avizeler sallanmad\u0131. Bunun nedeni bizim depreme \u00e7ok yak\u0131n, yakla\u015f\u0131k 20 kilometre uzakta olmam\u0131zd\u0131. Biz sadece &#8216;P dalgas\u0131&#8217;n\u0131 hissedebildik. Daha \u00e7ok sallama \u015feklinde de\u011fil de alttan vurma etkisi olu\u015fturan bir dalgad\u0131r. Dolay\u0131s\u0131yla avizeler sallanmad\u0131. Sadece binalar\u0131n alt\u0131ndan bir vurma etkisi meydana geldi. Trabzon ve \u00e7evresinde hayat\u0131 olumsuz etkileyebilecek d\u00fczeyde bir tsunami riskinin oldu\u011funu d\u00fc\u015f\u00fcnm\u00fcyorum. Kuzey Anadolu Fay Hatt\u0131 bizim i\u00e7in daha \u00f6nemli. Dikkate al\u0131nmas\u0131 gereken en b\u00fcy\u00fck tehlike budur&#8221; ifadelerini kulland\u0131.<\/p>\n<p><strong>&#8220;\u00c7OK KORKULACAK B\u0130R DURUM OLDU\u011eUNU D\u00dc\u015e\u00dcNM\u00dcYORUM&#8221;<\/strong><\/p>\n<p>Art\u00e7\u0131 depremleri tahmin etmenin zor oldu\u011funu belirten Ak\u0131n, &#8220;Genellikle art\u00e7\u0131lar 1-2 derece d\u00fc\u015f\u00fck olur. E\u011fer bu \u00f6nc\u00fc depremse daha b\u00fcy\u00fck deprem olmas\u0131 beklenir. Fakat biz \u00f6yle bir deprem beklemiyoruz. D\u00fc\u015f\u00fck bir ihtimal de olsa art\u00e7\u0131 olarak 1.5-2 b\u00fcy\u00fckl\u00fc\u011f\u00fcnde depremler de meydana gelebilir. Bu tamamen fay\u0131n y\u00fcklendi\u011fi stres ve fay\u0131n geometrisine g\u00f6re de\u011fi\u015fecektir. Bu deprem \u00f6zelinde \u00e7ok korkulacak bir durum oldu\u011funu d\u00fc\u015f\u00fcnm\u00fcyorum&#8221; dedi.<\/p>\n<p>\u00a0<\/p>\n<p>\u00a0<\/p>\n\n<p><\/p>\n<p>Kaynak :\u00a0<span style=\"background-color: rgb(255, 249, 236); color: rgb(55, 58, 60); font-size: 14px;\">http:\/\/www.milliyet.com.tr\/gundem\/kentte-riski-yok-algisi-yikildi-uzmanindan-kritik-aciklama-7den-buyuk-deprem-bekliyoruz-7529080<\/span><\/p>\n","protected":false},"excerpt":{"rendered":"<p>Karadeniz Teknik \u00dcniversitesi (KT\u00dc) Jeofizik M\u00fchendisli\u011fi B\u00f6l\u00fcm\u00fc Sismoloji Ana Bilim Dal\u0131 Dr. \u00d6\u011fr. \u00dcyesi \u00d6zgen\u00e7 Ak\u0131n,  3.8&#8217;lik deprem sonras\u0131 Trabzon&#8217;un risksiz ya da deprem tehlikesi olmayan bir b\u00f6lge olmad\u0131\u011f\u0131n\u0131 belirterek, korkutan a\u00e7\u0131klamalarda bulundu.<\/p>\n","protected":false},"author":1,"featured_media":171997,"comment_status":"open","ping_status":"open","sticky":false,"template":"","format":"standard","meta":{"footnotes":""},"categories":[3],"tags":[1087,583,4946,1956,524],"class_list":["post-171996","post","type-post","status-publish","format-standard","has-post-thumbnail","hentry","category-guncel","tag-bolge","tag-deprem","tag-meydana","tag-siddet","tag-yapi"],"_links":{"self":[{"href":"https:\/\/kamucalisani.net\/index.php\/wp-json\/wp\/v2\/posts\/171996","targetHints":{"allow":["GET"]}}],"collection":[{"href":"https:\/\/kamucalisani.net\/index.php\/wp-json\/wp\/v2\/posts"}],"about":[{"href":"https:\/\/kamucalisani.net\/index.php\/wp-json\/wp\/v2\/types\/post"}],"author":[{"embeddable":true,"href":"https:\/\/kamucalisani.net\/index.php\/wp-json\/wp\/v2\/users\/1"}],"replies":[{"embeddable":true,"href":"https:\/\/kamucalisani.net\/index.php\/wp-json\/wp\/v2\/comments?post=171996"}],"version-history":[{"count":1,"href":"https:\/\/kamucalisani.net\/index.php\/wp-json\/wp\/v2\/posts\/171996\/revisions"}],"predecessor-version":[{"id":171999,"href":"https:\/\/kamucalisani.net\/index.php\/wp-json\/wp\/v2\/posts\/171996\/revisions\/171999"}],"wp:featuredmedia":[{"embeddable":true,"href":"https:\/\/kamucalisani.net\/index.php\/wp-json\/wp\/v2\/media\/171997"}],"wp:attachment":[{"href":"https:\/\/kamucalisani.net\/index.php\/wp-json\/wp\/v2\/media?parent=171996"}],"wp:term":[{"taxonomy":"category","embeddable":true,"href":"https:\/\/kamucalisani.net\/index.php\/wp-json\/wp\/v2\/categories?post=171996"},{"taxonomy":"post_tag","embeddable":true,"href":"https:\/\/kamucalisani.net\/index.php\/wp-json\/wp\/v2\/tags?post=171996"}],"curies":[{"name":"wp","href":"https:\/\/api.w.org\/{rel}","templated":true}]}}