{"id":172067,"date":"2026-01-29T09:24:43","date_gmt":"2026-01-29T09:24:43","guid":{"rendered":"https:\/\/kamucalisani.net\/?p=172067"},"modified":"2026-01-29T09:24:43","modified_gmt":"2026-01-29T09:24:43","slug":"son-dakika-meteoroloji-haritayi-guncelledi-akom-istanbul-icin-tarih-verdi-kar-geliyor","status":"publish","type":"post","link":"https:\/\/kamucalisani.net\/index.php\/2026\/01\/29\/son-dakika-meteoroloji-haritayi-guncelledi-akom-istanbul-icin-tarih-verdi-kar-geliyor\/","title":{"rendered":"Son dakika\u2026 Meteoroloji haritay\u0131 g\u00fcncelledi! AKOM \u0130stanbul i\u00e7in tarih verdi: Kar geliyor"},"content":{"rendered":"<p><p>Yurt genelinin par\u00e7al\u0131 ve \u00e7ok bulutlu, Marmara, Ege, Akdeniz, Bat\u0131 Karadeniz, \u0130\u00e7 Anadolu\u2019nun kuzey ve bat\u0131s\u0131 ile G\u00fcneydo\u011fu Anadolu&#8217;nun bat\u0131s\u0131 ile Nev\u015fehir ve Karaman \u00e7evrelerinin ya\u011fmur ve sa\u011fanak ya\u011f\u0131\u015fl\u0131, Do\u011fu Anadolu&#8217;nun g\u00fcneydo\u011fusunun kar ya\u011f\u0131\u015fl\u0131 ge\u00e7ece\u011fi tahmin ediliyor. Ya\u011f\u0131\u015flar\u0131n Marmara&#8217;n\u0131n bat\u0131s\u0131, K\u0131y\u0131 Ege ve Bat\u0131 Akdeniz ile Manisa ve Denizli&#8217;de yerel kuvvetli olmas\u0131 bekleniyor. Gece ve sabah saatlerinde i\u00e7 ve do\u011fu b\u00f6lgelerde buzlanma ve don ile birlikte pus ve yer yer sis beklenirken, Do\u011fu Karadeniz\u2019in i\u00e7 kesimlerinin y\u00fcksekleri ile Do\u011fu Anadolu\u2019nun do\u011fusunda y\u00fcksek kar \u00f6rt\u00fcs\u00fcne sahip e\u011fimli kesimlerde \u00e7\u0131\u011f tehlikesi bulunuyor.<\/p>\n<p>Meteoroloji Genel M\u00fcd\u00fcrl\u00fc\u011f\u00fcnden al\u0131nan tahminlere g\u00f6re, hava s\u0131cakl\u0131\u011f\u0131 \u0130\u00e7 Anadolu ve G\u00fcneydo\u011fu Anadolu&#8217;da 2 ila 4 derece artacak, di\u011fer yerlerde \u00f6nemli bir de\u011fi\u015fiklik olmayacak. R\u00fczgar, genellikle g\u00fcneyli, G\u00fcneydo\u011fu Anadolu&#8217;da kuzeyli y\u00f6nlerden hafif, ara s\u0131ra orta kuvvette, Marmara, Ege, Bat\u0131 ve Orta Akdeniz ile \u0130\u00e7 Anadolu\u2019nun bat\u0131s\u0131nda kuvvetli ve zaman zaman f\u0131rt\u0131na \u015feklinde (40-80 km\/saat) esecek.<\/p>\n<p><strong>BUG\u00dcN 20 KENTTE SARI ALARM<\/strong><\/p>\n<p>Afyonkarahisar, Antalya, Ayd\u0131n, Bal\u0131kesir, Bilecik, Burdur, Bursa, \u00c7anakkale, Denizli, Edirne, Eski\u015fehir, Isparta, \u0130zmir, K\u0131rklareli, Konya, K\u00fctahya, Manisa, Mu\u011fla, U\u015fak, Karaman<\/p>\n<div>\n<div><img decoding=\"async\" src=\"https:\/\/kamucalisani.net\/wp-content\/uploads\/2026\/01\/son-dakika-meteoroloji-haritayi-guncelledi-akom-istanbul-icin-tarih-verdi-kar-geliyor-0-k2cPzjYe.jpg\"\/><\/img><\/div>\n<\/div>\n<p><strong>AKOM\u2019DAN \u0130STANBUL\u2019A KAR UYARISI<\/strong><\/p>\n<p>\u0130stanbul B\u00fcy\u00fck\u015fehir Belediyesi Afet Koordinasyon Merkezi (AKOM), kentte 2 \u015eubat Pazartesi karla kar\u0131\u015f\u0131k ya\u011fmur, 3 \u015eubat Sal\u0131 ise hafif kar ya\u011f\u0131\u015f\u0131 beklendi\u011fini bildirdi.<\/p>\n<p>AKOM&#8217;un sosyal medya hesab\u0131ndan payla\u015f\u0131lan haftal\u0131k hava tahmin raporuna g\u00f6re, bug\u00fcn r\u00fczgar\u0131n g\u00fcneyden kuvvetlenerek aral\u0131klarla f\u0131rt\u0131na \u015feklinde esmesi, beraberinde aral\u0131klarla sa\u011fanak ge\u00e7i\u015fleri ya\u015fanmas\u0131 ve s\u0131cakl\u0131klar\u0131n 15 derece civar\u0131nda seyretmesi bekleniyor.<\/p>\n<p>En d\u00fc\u015f\u00fck ve en y\u00fcksek hava s\u0131cakl\u0131klar\u0131n\u0131n, aral\u0131kl\u0131 sa\u011fanak g\u00f6r\u00fclecek yar\u0131n 7-13, par\u00e7al\u0131 ve \u00e7ok bulutlu, ak\u015fam ya\u011fmurlu ge\u00e7ecek 31 Ocak Cumartesi 5-8, \u00e7ok bulutlu, sa\u011fanak ya\u011fmurlu ge\u00e7ecek 1 \u015eubat Pazar ise 4-7 derece olaca\u011f\u0131 tahmin ediliyor.<\/p>\n<p>Kentte, 2 \u015eubat Pazartesi karla kar\u0131\u015f\u0131k ya\u011fmur, 3 \u015eubat Sal\u0131 par\u00e7al\u0131 bulutlu hava ve hafif kar bekleniyor. En d\u00fc\u015f\u00fck ve en y\u00fcksek hava s\u0131cakl\u0131klar\u0131n\u0131n pazartesi 1-5, sal\u0131 1-4 derece olaca\u011f\u0131 \u00f6ng\u00f6r\u00fcl\u00fcyor.<\/p>\n<p>\u00c7ar\u015famba g\u00fcn\u00fc ise havan\u0131n par\u00e7al\u0131 ve az bulutlu olaca\u011f\u0131, en d\u00fc\u015f\u00fck s\u0131cakl\u0131\u011f\u0131n s\u0131f\u0131r, en y\u00fcksek s\u0131cakl\u0131\u011f\u0131n ise 7 derece \u00f6l\u00e7\u00fclece\u011fi tahmin ediliyor.<\/p>\n<p><strong>TAT\u0130L UZAYACAK MI?<\/strong><\/p>\n<p>Uzmanlara g\u00f6re etkili olacak so\u011fuk hava dalgas\u0131 ve kar ya\u011f\u0131\u015f\u0131 uyar\u0131lar\u0131 sonras\u0131 g\u00f6zler, kar valilikler taraf\u0131ndan al\u0131nacak tatil kararlar\u0131na \u00e7evrildi. Ancak resmi bir a\u00e7\u0131klama hen\u00fcz yap\u0131lmad\u0131.<\/p>\n<div>\n<div><img decoding=\"async\" src=\"https:\/\/kamucalisani.net\/wp-content\/uploads\/2026\/01\/son-dakika-meteoroloji-haritayi-guncelledi-akom-istanbul-icin-tarih-verdi-kar-geliyor-1-h2Jc8Xua.jpg\"\/><\/img><\/div>\n<\/div>\n<p><strong><em>Baz\u0131 illerde beklenen hava durumuyla g\u00fcn\u00fcn en y\u00fcksek s\u0131cakl\u0131klar\u0131 ise \u015f\u00f6yle:<\/em><\/strong><\/p>\n<p>Ankara: Par\u00e7al\u0131 ve \u00e7ok bulutlu, \u00f6\u011fle saatlerinden sonra aral\u0131kl\u0131 ya\u011fmurlu 11<\/p>\n<p>\u0130stanbul: Par\u00e7al\u0131 ve \u00e7ok bulutlu, aral\u0131kl\u0131 ya\u011fmur ve sa\u011fanak ya\u011f\u0131\u015fl\u0131 15<\/p>\n<p>\u0130zmir: Par\u00e7al\u0131 ve \u00e7ok bulutlu, aral\u0131kl\u0131 sa\u011fanak ve g\u00f6k g\u00fcr\u00fclt\u00fcl\u00fc sa\u011fanak ya\u011f\u0131\u015fl\u0131 17<\/p>\n<p>Adana: Par\u00e7al\u0131 ve \u00e7ok bulutlu 16<\/p>\n<p>Antalya: \u00c7ok bulutlu ve aral\u0131kl\u0131 sa\u011fanak ya\u011f\u0131\u015fl\u0131 (Ya\u011f\u0131\u015flar\u0131n \u00f6\u011fle saatlerinden sonra yerel kuvvetli olmas\u0131 bekleniyor) 15<\/p>\n<p>Samsun: Par\u00e7al\u0131 ve \u00e7ok bulutlu 18<\/p>\n<p>Trabzon: Par\u00e7al\u0131 ve \u00e7ok bulutlu 17<\/p>\n<p>Erzurum: \u00c7ok bulutlu 0<\/p>\n<p>Diyarbak\u0131r: \u00c7ok bulutlu 4<\/p>\n<p>\u00a0<\/p>\n\n<p><\/p>\n<p>Kaynak :\u00a0<span style=\"background-color: rgb(255, 249, 236); color: rgb(55, 58, 60); font-size: 14px;\">http:\/\/www.milliyet.com.tr\/gundem\/son-dakika-meteoroloji-haritayi-guncelledi-akom-istanbul-icin-tarih-verdi-kar-geliyor-7529136<\/span><\/p>\n","protected":false},"excerpt":{"rendered":"<p>Meteoroloji ve AKOM\u2019dan \u0130stanbul i\u00e7in kar ya\u011f\u0131\u015f\u0131 uyar\u0131s\u0131 geldi. S\u0131cakl\u0131klar bir anda d\u00fc\u015fecek. Karla kar\u0131\u015f\u0131k ya\u011fmur ve kar ya\u011f\u0131\u015f\u0131 kendini g\u00f6sterecek. Peki okullar\u0131n a\u00e7\u0131laca\u011f\u0131 2 \u015eubat 2026 Pazartesi g\u00fcn\u00fc, yurdu etkisi alt\u0131na almas\u0131 beklenen so\u011fuk hava dalgas\u0131 ve yo\u011fun kar ya\u011f\u0131\u015f\u0131 nedeniyle s\u00f6mestr uzayacak m\u0131? \u0130\u015fte iller ve son durum&#8230;<\/p>\n","protected":false},"author":1,"featured_media":172068,"comment_status":"open","ping_status":"open","sticky":false,"template":"","format":"standard","meta":{"footnotes":""},"categories":[3],"tags":[1641,655,421,714,1640],"class_list":["post-172067","post","type-post","status-publish","format-standard","has-post-thumbnail","hentry","category-guncel","tag-anadolu","tag-bati","tag-hava","tag-kar","tag-saganak"],"_links":{"self":[{"href":"https:\/\/kamucalisani.net\/index.php\/wp-json\/wp\/v2\/posts\/172067","targetHints":{"allow":["GET"]}}],"collection":[{"href":"https:\/\/kamucalisani.net\/index.php\/wp-json\/wp\/v2\/posts"}],"about":[{"href":"https:\/\/kamucalisani.net\/index.php\/wp-json\/wp\/v2\/types\/post"}],"author":[{"embeddable":true,"href":"https:\/\/kamucalisani.net\/index.php\/wp-json\/wp\/v2\/users\/1"}],"replies":[{"embeddable":true,"href":"https:\/\/kamucalisani.net\/index.php\/wp-json\/wp\/v2\/comments?post=172067"}],"version-history":[{"count":1,"href":"https:\/\/kamucalisani.net\/index.php\/wp-json\/wp\/v2\/posts\/172067\/revisions"}],"predecessor-version":[{"id":172071,"href":"https:\/\/kamucalisani.net\/index.php\/wp-json\/wp\/v2\/posts\/172067\/revisions\/172071"}],"wp:featuredmedia":[{"embeddable":true,"href":"https:\/\/kamucalisani.net\/index.php\/wp-json\/wp\/v2\/media\/172068"}],"wp:attachment":[{"href":"https:\/\/kamucalisani.net\/index.php\/wp-json\/wp\/v2\/media?parent=172067"}],"wp:term":[{"taxonomy":"category","embeddable":true,"href":"https:\/\/kamucalisani.net\/index.php\/wp-json\/wp\/v2\/categories?post=172067"},{"taxonomy":"post_tag","embeddable":true,"href":"https:\/\/kamucalisani.net\/index.php\/wp-json\/wp\/v2\/tags?post=172067"}],"curies":[{"name":"wp","href":"https:\/\/api.w.org\/{rel}","templated":true}]}}