{"id":172472,"date":"2026-01-29T19:42:11","date_gmt":"2026-01-29T19:42:11","guid":{"rendered":"https:\/\/kamucalisani.net\/?p=172472"},"modified":"2026-01-29T19:42:11","modified_gmt":"2026-01-29T19:42:11","slug":"canli-fenerbahce-fcsb-deplasmaninda","status":"publish","type":"post","link":"https:\/\/kamucalisani.net\/index.php\/2026\/01\/29\/canli-fenerbahce-fcsb-deplasmaninda\/","title":{"rendered":"CANLI | Fenerbah\u00e7e, FCSB deplasman\u0131nda"},"content":{"rendered":"<p><p>UEFA Avrupa Ligi&#8217;nin 8. haftas\u0131nda Fenerbah\u00e7e, FSCB ile kozlar\u0131n\u0131 payla\u015facak. Zorlu m\u00fcsabaka Natiolana Arena&#8217;da oynanacak.<\/p>\n<p>Heyecan dolu kar\u015f\u0131la\u015fmada Nenad Minakovic d\u00fcd\u00fck \u00e7alacak. FSCB-Fenerbah\u00e7e ma\u00e7\u0131 saat 23.00&#8217;da ba\u015flayacak. M\u00fccadele TRT 1 ekran\u0131ndan yay\u0131nlanacak.<\/p>\n<p>Kritik m\u00fccadelenin canl\u0131 anlat\u0131m\u0131n\u0131 SKORER&#8217;den takip\u00a0edebilirsiniz.<\/p>\n<section>\n<div>\n<div><span>22:06<\/span><span>29 Ocak 2026<\/span><\/p>\n<div>TEDESCO&#8217;DAN EN-NESYR\u0130 A\u00c7IKLAMASI<\/div>\n<div>\n<p>Fenerbah\u00e7e, UEFA Avrupa Ligi&#8217;nde lig etab\u0131n\u0131 Romanya deplasman\u0131nda tamaml\u0131yor. Sar\u0131-lacivertliler lig a\u015famas\u0131ndaki son ma\u00e7\u0131nda FCSB&#8217;ye konuk olacak.<\/p>\n<p>Ma\u00e7 \u00f6ncesinde Fenerbah\u00e7e teknik direkt\u00f6r\u00fc Domenico Tedesco a\u00e7\u0131klamalarda bulundu.<\/p>\n<p><strong>\u0130\u015fte Domenico Tedesco&#8217;nun s\u00f6zlerinden \u00f6ne \u00e7\u0131kanlar;<\/strong><\/p>\n<p>&#8220;Tak\u0131m i\u00e7erisinde g\u00fczel bir atmosfer var. Ma\u00e7a haz\u0131r\u0131z. Buraya bizim i\u00e7in gelen ve evde izleyen taraftar\u0131m\u0131z\u0131 gururland\u0131rmak istiyoruz. Ufak da olsa ilk 8 i\u00e7in bir \u015fans\u0131m\u0131z var. \u015eans\u0131m\u0131z az da olsa elimizden gelenin en iyisini yapmak istiyoruz. Kolay ma\u00e7 olmayacak. Rakibimiz de ilk 24 i\u00e7in her \u015feyi yapacak.<\/p>\n<p>\u00c7a\u011flar \u00e7ok iyi durumda, d\u00fczenli olarak antrenmanlar\u0131n\u0131 s\u00fcrd\u00fcrd\u00fc. En-Nesyri de Afrika Uluslar Kupas\u0131&#8217;nda oynamad\u0131, 1 haftas\u0131nda hastayd\u0131. \u00d6n\u00fcm\u00fczdeki ma\u00e7larda ona ihtiyac\u0131m\u0131z var. En-Nesyri geri d\u00f6nd\u00fc\u011f\u00fc i\u00e7in mutluyum.&#8221;<\/p>\n<\/div>\n<\/div>\n<div><span>22:02<\/span><span>29 Ocak 2026<\/span><\/p>\n<div>FSCB 11&#8217;\u0130<\/div>\n<div>\n<p>Tarnovanu, Pantea, Ngezana, Graovac, Radunovic, Alhassan, L\u0131xandru, M\u0131culescu, Olaru, Politic, Thiam.<\/p>\n<\/div>\n<\/div>\n<div><span>21:49<\/span><span>29 Ocak 2026<\/span><\/p>\n<div>FENERBAH\u00c7E&#8217;N\u0130N 11&#8217;\u0130 BELL\u0130 OLDU<\/div>\n<div>\n<p>Ederson, Mert, \u00c7a\u011flar, Oosterwolde, Semedo, \u0130smail Y\u00fcksek, Fred, Nene, Kerem , Talisca, En-Nesyri.<\/p>\n<\/div>\n<\/div>\n<div><span>02:40<\/span><span>29 Ocak 2026<\/span><\/p>\n<div>AVRUPA 298. SINAV<\/div>\n<div>\n<p>FCSB ekibiyle deplasmanda kar\u015f\u0131la\u015facak Fenerbah\u00e7e, Avrupa kupalar\u0131ndaki 298. ma\u00e7\u0131na \u00e7\u0131kacak.<\/p>\n<p>Sar\u0131-lacivertliler, Avrupa kupalar\u0131nda geride kalan 297 m\u00fcsabakada 117 galibiyet ve 116 yenilgi ya\u015fad\u0131. Fenerbah\u00e7e, 64 ma\u00e7ta rakipleriyle yeni\u015femedi.<\/p>\n<p>Sar\u0131-lacivertliler, 297 m\u00fccadelede rakip fileleri 406 kez havaland\u0131r\u0131rken kalesinde 418 gol g\u00f6rd\u00fc.<\/p>\n<\/div>\n<\/div>\n<div><span>02:40<\/span><span>29 Ocak 2026<\/span><\/p>\n<div>4 \u0130S\u0130M SINIRDA<\/div>\n<div>\n<p>Fenerbah\u00e7e&#8217;de FCSB ma\u00e7\u0131 \u00f6ncesinde 4 oyuncu sar\u0131 kart s\u0131n\u0131r\u0131nda.<\/p>\n<p>Sar\u0131-lacivertlilerde iki\u015fer sar\u0131 kart\u0131 bulunan O\u011fuz Ayd\u0131n, Edson Alvarez, Nelson Semedo ve Jhon Duran, yar\u0131nki m\u00fccadelede kart g\u00f6rmesi durumunda bir sonraki turda oynanacak ilk ma\u00e7ta tak\u0131mlar\u0131n\u0131 yaln\u0131z b\u0131rakacak.<\/p>\n<\/div>\n<\/div>\n<div><span>02:39<\/span><span>29 Ocak 2026<\/span><\/p>\n<div>FENERBAH\u00c7E&#8217;DE 3 EKS\u0130K<\/div>\n<div>\n<p><b>FCSB m\u00fccadelesi \u00f6ncesinde Fenerbah\u00e7e&#8217;de 3 eksik bulunuyor.<\/b><\/p>\n<p>Sakatl\u0131klar\u0131 devam eden Levent Mercan ve Archie Brown, yar\u0131nki ma\u00e7ta forma giyemeyecek. Aston Villa kar\u015f\u0131s\u0131nda g\u00f6rd\u00fc\u011f\u00fc sar\u0131 kartla cezal\u0131 duruma d\u00fc\u015fen kaptan Milan Skriniar da Ramonya deplasman\u0131nda tak\u0131m\u0131 yaln\u0131z b\u0131rakacak.<\/p>\n<p>Bu isimlerin yan\u0131 sar\u0131 yeni transferler Matteo Guendouzi, Anthony Musaba ve Mert G\u00fcnok da stat\u00fc gere\u011fi forma giyemeyecek.<\/p>\n<\/div>\n<\/div>\n<\/div>\n<\/section>\n<p><\/p>\n<p>Kaynak :\u00a0<span style=\"background-color: rgb(255, 249, 236); color: rgb(55, 58, 60); font-size: 14px;\">http:\/\/www.milliyet.com.tr\/skorer\/live-fenerbahce-fcsb-deplasmaninda-7529030<\/span><\/p>\n","protected":false},"excerpt":{"rendered":"<p>Fenerbah\u00e7e, UEFA Avrupa Ligi&#8217;nin 8. haftas\u0131nda FCSB&#8217;ye konuk olacak. Kar\u015f\u0131la\u015fman\u0131n heyecan\u0131 SKORER&#8217;de\u00a0ya\u015fanacak.<\/p>\n","protected":false},"author":1,"featured_media":172473,"comment_status":"open","ping_status":"open","sticky":false,"template":"","format":"standard","meta":{"footnotes":""},"categories":[7],"tags":[11254,184,288,526,4638],"class_list":["post-172472","post","type-post","status-publish","format-standard","has-post-thumbnail","hentry","category-spor","tag-29-ocak","tag-fenerbahce","tag-mac","tag-mucadele","tag-sari"],"_links":{"self":[{"href":"https:\/\/kamucalisani.net\/index.php\/wp-json\/wp\/v2\/posts\/172472","targetHints":{"allow":["GET"]}}],"collection":[{"href":"https:\/\/kamucalisani.net\/index.php\/wp-json\/wp\/v2\/posts"}],"about":[{"href":"https:\/\/kamucalisani.net\/index.php\/wp-json\/wp\/v2\/types\/post"}],"author":[{"embeddable":true,"href":"https:\/\/kamucalisani.net\/index.php\/wp-json\/wp\/v2\/users\/1"}],"replies":[{"embeddable":true,"href":"https:\/\/kamucalisani.net\/index.php\/wp-json\/wp\/v2\/comments?post=172472"}],"version-history":[{"count":1,"href":"https:\/\/kamucalisani.net\/index.php\/wp-json\/wp\/v2\/posts\/172472\/revisions"}],"predecessor-version":[{"id":172474,"href":"https:\/\/kamucalisani.net\/index.php\/wp-json\/wp\/v2\/posts\/172472\/revisions\/172474"}],"wp:featuredmedia":[{"embeddable":true,"href":"https:\/\/kamucalisani.net\/index.php\/wp-json\/wp\/v2\/media\/172473"}],"wp:attachment":[{"href":"https:\/\/kamucalisani.net\/index.php\/wp-json\/wp\/v2\/media?parent=172472"}],"wp:term":[{"taxonomy":"category","embeddable":true,"href":"https:\/\/kamucalisani.net\/index.php\/wp-json\/wp\/v2\/categories?post=172472"},{"taxonomy":"post_tag","embeddable":true,"href":"https:\/\/kamucalisani.net\/index.php\/wp-json\/wp\/v2\/tags?post=172472"}],"curies":[{"name":"wp","href":"https:\/\/api.w.org\/{rel}","templated":true}]}}