{"id":172619,"date":"2026-01-30T05:24:13","date_gmt":"2026-01-30T05:24:13","guid":{"rendered":"https:\/\/kamucalisani.net\/?p=172619"},"modified":"2026-01-30T05:24:13","modified_gmt":"2026-01-30T05:24:13","slug":"ederson-fark-yaratti-halil-ozer-fenerbahce-az-kalsin-rahatlamanin-bedelini-oduyordu","status":"publish","type":"post","link":"https:\/\/kamucalisani.net\/index.php\/2026\/01\/30\/ederson-fark-yaratti-halil-ozer-fenerbahce-az-kalsin-rahatlamanin-bedelini-oduyordu\/","title":{"rendered":"Ederson fark yaratt\u0131! Halil \u00d6zer: Fenerbah\u00e7e az kals\u0131n rahatlaman\u0131n bedelini \u00f6d\u00fcyordu"},"content":{"rendered":"<p><p>UEFA Avrupa Ligi&#8217;ndeki temsilcimiz Fenerbah\u00e7e, Romanya temsilcisi FCSB\u2019ye ile kar\u015f\u0131la\u015ft\u0131. Temsilcimiz ma\u00e7tan 1-1&#8217;lik e\u015fitlikle ayr\u0131ld\u0131. UEFA Avrupa Ligi&#8217;nde geride kalan 8 m\u00fcsabakada 3 galibiyet, 3 beraberlik ve 2 yenilgisi bulunan sar\u0131-lacivertli tak\u0131m, 12 puan toplad\u0131. Fenerbah\u00e7e, averajla 19. s\u0131rada yer ald\u0131 ve play-off&#8217;a kalmaya hak kazand\u0131.<\/p>\n<p>M\u00fccadele sonras\u0131 spor yazarlar\u0131 sar\u0131-lacivertli tak\u0131m\u0131n oyununu de\u011ferlendirdi.\u00a0<\/p>\n<p><span><strong>HALL \u00d6ZER: SAHNE EDERSON&#8217;UN (M\u0130LLYET)<\/strong><\/span><\/p>\n<p>Fenerbah\u00e7e \u00e7ok fazla \u00fcst s\u0131ralar\u0131 zorlama niyeti olmadan \u00e7\u0131kt\u0131\u011f\u0131 kar\u015f\u0131la\u015fmada rakibi ile kar\u015f\u0131l\u0131kl\u0131 at\u0131lan gollerle berabere kald\u0131 ve Avrupa Ligi\u2019nde ilk 24\u2019e ad\u0131n\u0131 yazd\u0131rd\u0131.<\/p>\n<p>Fenerbah\u00e7e \u00f6yle bir tak\u0131m ki asla ve asla rahatlamaya gelmiyor. Ma\u00e7\u0131n 30. dakikas\u0131na kadar m\u00fcthi\u015f oynam\u0131\u015fs\u0131n. Savunma da dikkatli. H\u00fccum da etkili, rakibe \u201cben bu tak\u0131m\u0131 yenemem\u201d duygusunu \u015f\u0131r\u0131ngalam\u0131\u015fs\u0131n ve \u00f6ne de ge\u00e7mi\u015fsin.<\/p>\n<div>\n<div><img decoding=\"async\" src=\"https:\/\/kamucalisani.net\/wp-content\/uploads\/2026\/01\/ederson-fark-yaratti-halil-ozer-fenerbahce-az-kalsin-rahatlamanin-bedelini-oduyordu-0-gDc3X7al.jpg\"\/><\/img><\/div>\n<\/div>\n<p>Sonra birden fi\u015fi \u00e7ekiyorsun&#8230;<\/p>\n<p>Rakip cesaretleniyor, orta alan bombo\u015f kal\u0131yor ve rakibe 4 net gol pozisyonu veriyorsun. Allah\u2019tan sahneye Ederson \u00e7\u0131kt\u0131. Do\u011fru yerlerde durdu, do\u011fru m\u00fcdahaleler yapt\u0131. Tecr\u00fcbesini konu\u015fturdu.<\/p>\n<p>Yani bu rahatlaman\u0131n bedelini neredeyse \u00f6d\u00fcyordu Fenerbah\u00e7e.<\/p>\n<p>\u0130lk yar\u0131da Fred ma\u00e7a \u00e7ok iyi ba\u015flad\u0131. Nene, Semedo iyi \u00e7al\u0131\u015ft\u0131. Kerem ve Mert M\u00fcld\u00fcr rakibin sa\u011f kanad\u0131n\u0131 y\u0131pratt\u0131. Talisca orta alanda iyi top da\u011f\u0131tt\u0131. Oyunu iyi a\u00e7t\u0131. \u0130lk 24\u2019\u00fcn garanti olmas\u0131 da futbolcular\u0131 otomatikman etkiledi. O y\u00fczden ba\u015flang\u0131\u00e7ta yakalad\u0131klar\u0131 ritmi s\u00fcrd\u00fcremediler. K\u0131saca aktif dinlenmeye ge\u00e7tiler.<\/p>\n<p>2. yar\u0131 Fenerbah\u00e7e a\u00e7\u0131s\u0131ndan vasat ge\u00e7ti. Tek farkl\u0131 galibiyeti yeterli g\u00f6r\u00fcp oyunu idare etmeye \u00e7al\u0131\u015ft\u0131lar. Ancak ev sahibi tak\u0131m\u0131n ataklar\u0131 ilk yar\u0131daki kadar yo\u011fun olmasa da tehlike yaratt\u0131. Ancak Ederson kalesinde yine ba\u015far\u0131l\u0131yd\u0131. Ama \u00f6yle bir pozisyon oldu ki art\u0131k Ederson\u2019un yapaca\u011f\u0131 hi\u00e7bir \u015fey yoktu. Mert M\u00fcld\u00fcr\u2019\u00fcn uyumas\u0131 ve arkadaki adam\u0131n fark\u0131nda olmamas\u0131 skoru e\u015fitledi. Fenerbah\u00e7e gol\u00fc yedikten sonra saz\u0131 yine eline ald\u0131. Ancak bu kez de rakip kaleci etkiliydi.<\/p>\n<div>\n<div><img decoding=\"async\" src=\"https:\/\/kamucalisani.net\/wp-content\/uploads\/2026\/01\/ederson-fark-yaratti-halil-ozer-fenerbahce-az-kalsin-rahatlamanin-bedelini-oduyordu-1-CSZmc4WQ.jpg\"\/><\/img><\/div>\n<\/div>\n<p>Asl\u0131nda bu ma\u00e7 Tedesco\u2019nun kadro konusunda elini g\u00fc\u00e7lendirdi. \u00d6rne\u011fin Fred ilk yar\u0131daki biraz k\u0131p\u0131rdanmas\u0131n\u0131n d\u0131\u015f\u0131nda oyunda hi\u00e7 etkili olmad\u0131. Mert M\u00fcld\u00fcr\u2019\u00fcn yeri oras\u0131 de\u011fil. Yine \u00e7ok bocalad\u0131. Sonradan oyuna giren O\u011fuz Ayd\u0131n\u2019\u0131n ise resmen i\u00e7i ge\u00e7mi\u015f.<\/p>\n<p>Ama \u015fu var&#8230; Fenerbah\u00e7e tam kadro \u00e7\u0131kt\u0131\u011f\u0131 zaman bu kupada y\u00fcr\u00fcyecektir. Yeter ki do\u011fru ta\u015flar yerinde olsun. Ve tabii ki ma\u00e7\u0131n y\u0131ld\u0131z\u0131 kesinlikle Ederson\u2019du.<\/p>\n<p><span><strong>MERT AYDIN: EDERSON&#8217;UN KOLLARI DA \u0130Y\u0130YM\u0130\u015e<\/strong><\/span><br \/>Transfer dedikodular\u0131 aras\u0131nda bir Romanya deplasman\u0131&#8230; Ma\u00e7a giden ve kar\u015f\u0131la\u015fma boyu susmayan taraftarlar\u0131n d\u0131\u015f\u0131ndakilerin telefonlar\u0131nda Lookman ve Kante haberlerine sard\u0131klar\u0131 bir ak\u015fam. \u00dcst\u00fcne sakat, cezal\u0131 ve kural gere\u011fi oynayamayanlar\u0131n eksiltti\u011fi bir kadro.<\/p>\n<div>\n<div><img decoding=\"async\" src=\"https:\/\/kamucalisani.net\/wp-content\/uploads\/2026\/01\/ederson-fark-yaratti-halil-ozer-fenerbahce-az-kalsin-rahatlamanin-bedelini-oduyordu-2-OL2geeiz.jpg\"\/><\/img><\/div>\n<\/div>\n<p>Gidece\u011fine inan\u0131lan En Nesyri ve kenarda paslanmay\u0131 pek de dert etmi\u015fe benzemeyen \u00c7a\u011flar ilk 11\u2019deydi d\u00fcn. \u0130lk yar\u0131m saatte ka\u00e7an goller ve \u0130smail\u2019in fileleri bulan kafas\u0131 acaba beklenilenden daha kolay bir galibiyet mi geliyor heyecan\u0131n\u0131 yaratt\u0131.<\/p>\n<p>Ne var ki Skriniar\u2019\u0131n yoklu\u011fu, tak\u0131m\u0131n art\u0131k klasikle\u015fen geri d\u00f6nme s\u0131k\u0131nt\u0131s\u0131, orta sahada Fred zafiyeti derken FCSB, ilk yar\u0131n\u0131n son 15 dakikas\u0131nda hayata d\u00f6nd\u00fc. Ederson\u2019un, \u201cAya\u011f\u0131 iyi ama kollar\u0131 k\u00f6t\u00fc\u201d diyenlere yan\u0131t\u0131n\u0131 g\u00f6rd\u00fck. Arka arkaya yapt\u0131\u011f\u0131 kurtar\u0131\u015flar, Fenerbah\u00e7e\u2019yi galip durumda tuttu.<\/p>\n<p>\u0130kinci yar\u0131da da oyunun gidi\u015fi de\u011fi\u015fmedi. Daha istekli daha agresif g\u00f6r\u00fcnd\u00fc Rumenler. Bunun sonunda bir noktada Ederson\u2019un pes edece\u011fi belliydi.<\/p>\n<div>\n<div><img decoding=\"async\" src=\"https:\/\/kamucalisani.net\/wp-content\/uploads\/2026\/01\/ederson-fark-yaratti-halil-ozer-fenerbahce-az-kalsin-rahatlamanin-bedelini-oduyordu-3-p5P2NEqE.jpg\"\/><\/img><\/div>\n<\/div>\n<p>Elinde fazla opsiyon olmayan Tedesco\u2019nun Asensio hamlesi hareket getirdi. Fenerbah\u00e7e belki rahat\u00e7a play-off grubuna \u00fcst taraftan girebilecekken seri ba\u015f\u0131 olma \u015fans\u0131n\u0131 kaybetti. Eksiklerin getirdi\u011fi dezavantaj\u0131 kabul edebiliriz ama \u00e7ok da i\u00e7 a\u00e7\u0131c\u0131 bir performans olmad\u0131 b\u00f6yle bir rakibe kar\u015f\u0131.<\/p>\n<p>Sonu\u00e7tan ba\u011f\u0131ms\u0131z Fenerbah\u00e7e\u2019nin bir kanat sorunu var. \u00c7ok net bu. En Nesyri elinden geleni yapt\u0131. Ama Talisca\u2019da mini bir d\u00fc\u015f\u00fc\u015f var.<\/p>\n\n<p><\/p>\n<p>Kaynak :\u00a0<span style=\"background-color: rgb(255, 249, 236); color: rgb(55, 58, 60); font-size: 14px;\">http:\/\/www.milliyet.com.tr\/skorer\/ederson-fark-yaratti-halil-ozer-fenerbahce-az-kalsin-rahatlamanin-bedelini-oduyordu-7529623<\/span><\/p>\n","protected":false},"excerpt":{"rendered":"<p>Fenerbah\u00e7e, Avrupa Ligi&#8217;nin 8. haftas\u0131nda deplasmanda Romanya temsilcisi FCSB ile ile 1-1 berabere kald\u0131. M\u00fccadele sonras\u0131 spor yazarlar\u0131 sar\u0131-lacivertli tak\u0131m\u0131n oyununu de\u011ferlendirdi.<\/p>\n","protected":false},"author":1,"featured_media":172620,"comment_status":"open","ping_status":"open","sticky":false,"template":"","format":"standard","meta":{"footnotes":""},"categories":[7],"tags":[7760,184,288,263],"class_list":["post-172619","post","type-post","status-publish","format-standard","has-post-thumbnail","hentry","category-spor","tag-ederson","tag-fenerbahce","tag-mac","tag-takim"],"_links":{"self":[{"href":"https:\/\/kamucalisani.net\/index.php\/wp-json\/wp\/v2\/posts\/172619","targetHints":{"allow":["GET"]}}],"collection":[{"href":"https:\/\/kamucalisani.net\/index.php\/wp-json\/wp\/v2\/posts"}],"about":[{"href":"https:\/\/kamucalisani.net\/index.php\/wp-json\/wp\/v2\/types\/post"}],"author":[{"embeddable":true,"href":"https:\/\/kamucalisani.net\/index.php\/wp-json\/wp\/v2\/users\/1"}],"replies":[{"embeddable":true,"href":"https:\/\/kamucalisani.net\/index.php\/wp-json\/wp\/v2\/comments?post=172619"}],"version-history":[{"count":1,"href":"https:\/\/kamucalisani.net\/index.php\/wp-json\/wp\/v2\/posts\/172619\/revisions"}],"predecessor-version":[{"id":172625,"href":"https:\/\/kamucalisani.net\/index.php\/wp-json\/wp\/v2\/posts\/172619\/revisions\/172625"}],"wp:featuredmedia":[{"embeddable":true,"href":"https:\/\/kamucalisani.net\/index.php\/wp-json\/wp\/v2\/media\/172620"}],"wp:attachment":[{"href":"https:\/\/kamucalisani.net\/index.php\/wp-json\/wp\/v2\/media?parent=172619"}],"wp:term":[{"taxonomy":"category","embeddable":true,"href":"https:\/\/kamucalisani.net\/index.php\/wp-json\/wp\/v2\/categories?post=172619"},{"taxonomy":"post_tag","embeddable":true,"href":"https:\/\/kamucalisani.net\/index.php\/wp-json\/wp\/v2\/tags?post=172619"}],"curies":[{"name":"wp","href":"https:\/\/api.w.org\/{rel}","templated":true}]}}