{"id":17278,"date":"2024-06-04T06:00:06","date_gmt":"2024-06-04T06:00:06","guid":{"rendered":"https:\/\/kamucalisani.net\/?p=17278"},"modified":"2024-06-04T06:00:06","modified_gmt":"2024-06-04T06:00:06","slug":"camide-gizemli-cenaze-saskinligi-sabah-namazina-gelenler-fark-etti","status":"publish","type":"post","link":"https:\/\/kamucalisani.net\/index.php\/2024\/06\/04\/camide-gizemli-cenaze-saskinligi-sabah-namazina-gelenler-fark-etti\/","title":{"rendered":"Camide gizemli cenaze \u015fa\u015fk\u0131nl\u0131\u011f\u0131! Sabah namaz\u0131na gelenler fark etti"},"content":{"rendered":"<p><p>Edinilen bilgiye g\u00f6re, \u0130stanbul\u2019da hayat\u0131n\u0131 kaybeden Tahir Metin G\u00fcler&#8217;in cenazesi, \u0130stanbul B\u00fcy\u00fck\u015fehir Belediyesi taraf\u0131ndan G\u00fcler&#8217;in yak\u0131nlar\u0131n\u0131n talebi \u00fczerine Mu\u011fla\u2019n\u0131n Mente\u015fe il\u00e7esine g\u00f6nderilmi\u015fti. Sabah saatlerinde Mu\u011fla\u2019ya ula\u015fan cenazeyi nereye g\u00f6t\u00fcreceklerini bilemeyen ekipler ve cenaze yak\u0131nlar\u0131, tabutu ge\u00e7ici olarak Kur\u015funlu Camii\u2019nin musalla ta\u015f\u0131na b\u0131rakmay\u0131 tercih ettiler ancak, tabutu b\u0131rakt\u0131ktan sonra kimseye haber vermeden camiden ayr\u0131ld\u0131lar.<\/p>\n<p><strong>ZABITA \u0130NCELEME BA\u015eLATTI<\/strong><\/p>\n<p>Tabutun camide fark edilmesi \u00fczerine, Mu\u011fla B\u00fcy\u00fck\u015fehir Belediyesi Zab\u0131ta M\u00fcd\u00fcrl\u00fc\u011f\u00fc ekipleri olay\u0131n detaylar\u0131n\u0131 ara\u015ft\u0131rmak \u00fczere harekete ge\u00e7ti. Cenazenin kayna\u011f\u0131 ve durumu hakk\u0131nda bilgi edinmek i\u00e7in yap\u0131lan ara\u015ft\u0131rmalar sonucunda, cenazenin \u0130stanbul\u2019dan geldi\u011fi ve G\u00fcler\u2019in yak\u0131nlar\u0131n\u0131n tabutu buraya b\u0131rakt\u0131\u011f\u0131 anla\u015f\u0131ld\u0131.<\/p>\n<p><strong>SABAH NAMAZINA GELENLER \u015eA\u015eKINA D\u00d6ND\u00dc<\/strong><\/p>\n<p>Cenazenin bu \u015fekilde b\u0131rak\u0131lmas\u0131, kentte g\u00fcn\u00fcn konusu oldu. Mente\u015fe il\u00e7esinde ya\u015fanan bu ilgin\u00e7 olay, Kur\u015funlu Camii&#8217;nde sabah namaz\u0131na gelenlerin b\u00fcy\u00fck bir merak ve \u015fa\u015fk\u0131nl\u0131k ya\u015famas\u0131na sebep oldu. Zab\u0131ta ekiplerinin h\u0131zl\u0131 m\u00fcdahalesi ve ara\u015ft\u0131rmalar\u0131 sayesinde olay\u0131n ard\u0131ndaki ger\u00e7ek ortaya \u00e7\u0131kar\u0131ld\u0131 ve cenazenin kayna\u011f\u0131 belirlendi.<\/p>\n\n<p><\/p>\n<p>Kaynak :\u00a0<span style=\"background-color: rgb(255, 249, 236); color: rgb(55, 58, 60); font-size: 14px;\">http:\/\/www.milliyet.com.tr\/gundem\/camide-gizemli-cenaze-saskinligi-sabah-namazina-gelenler-fark-etti-7135237<\/span><\/p>\n","protected":false},"excerpt":{"rendered":"<p>Mu\u011fla\u2019n\u0131n Mente\u015fe il\u00e7esinde bulunan Kur\u015funlu Camii\u2019nde sabah saatlerinde ya\u015fanan olay, kentte b\u00fcy\u00fck merak uyand\u0131rd\u0131. Saat 05.30 s\u0131ralar\u0131nda, caminin musalla ta\u015f\u0131na i\u00e7erisinde cenazesiyle birlikte b\u0131rak\u0131lan bir tabut, g\u00f6renleri \u015fa\u015fk\u0131na \u00e7evirdi. Yakla\u015f\u0131k \u00fc\u00e7 saat boyunca cenaze yak\u0131nlar\u0131na ula\u015f\u0131lamay\u0131nca, olay\u0131n ayd\u0131nlat\u0131lmas\u0131 i\u00e7in Mu\u011fla B\u00fcy\u00fck\u015fehir Belediyesi Zab\u0131ta M\u00fcd\u00fcrl\u00fc\u011f\u00fc ekipleri harekete ge\u00e7ti.<\/p>\n","protected":false},"author":1,"featured_media":17279,"comment_status":"open","ping_status":"open","sticky":false,"template":"","format":"standard","meta":{"footnotes":""},"categories":[3],"tags":[1157],"class_list":["post-17278","post","type-post","status-publish","format-standard","has-post-thumbnail","hentry","category-guncel","tag-cenaze"],"_links":{"self":[{"href":"https:\/\/kamucalisani.net\/index.php\/wp-json\/wp\/v2\/posts\/17278","targetHints":{"allow":["GET"]}}],"collection":[{"href":"https:\/\/kamucalisani.net\/index.php\/wp-json\/wp\/v2\/posts"}],"about":[{"href":"https:\/\/kamucalisani.net\/index.php\/wp-json\/wp\/v2\/types\/post"}],"author":[{"embeddable":true,"href":"https:\/\/kamucalisani.net\/index.php\/wp-json\/wp\/v2\/users\/1"}],"replies":[{"embeddable":true,"href":"https:\/\/kamucalisani.net\/index.php\/wp-json\/wp\/v2\/comments?post=17278"}],"version-history":[{"count":1,"href":"https:\/\/kamucalisani.net\/index.php\/wp-json\/wp\/v2\/posts\/17278\/revisions"}],"predecessor-version":[{"id":17280,"href":"https:\/\/kamucalisani.net\/index.php\/wp-json\/wp\/v2\/posts\/17278\/revisions\/17280"}],"wp:featuredmedia":[{"embeddable":true,"href":"https:\/\/kamucalisani.net\/index.php\/wp-json\/wp\/v2\/media\/17279"}],"wp:attachment":[{"href":"https:\/\/kamucalisani.net\/index.php\/wp-json\/wp\/v2\/media?parent=17278"}],"wp:term":[{"taxonomy":"category","embeddable":true,"href":"https:\/\/kamucalisani.net\/index.php\/wp-json\/wp\/v2\/categories?post=17278"},{"taxonomy":"post_tag","embeddable":true,"href":"https:\/\/kamucalisani.net\/index.php\/wp-json\/wp\/v2\/tags?post=17278"}],"curies":[{"name":"wp","href":"https:\/\/api.w.org\/{rel}","templated":true}]}}