{"id":172962,"date":"2026-01-30T15:00:13","date_gmt":"2026-01-30T15:00:13","guid":{"rendered":"https:\/\/kamucalisani.net\/?p=172962"},"modified":"2026-01-30T15:00:13","modified_gmt":"2026-01-30T15:00:13","slug":"cumhurbaskani-erdogan-iran-disisleri-bakani-erakciyi-kabul-etti","status":"publish","type":"post","link":"https:\/\/kamucalisani.net\/index.php\/2026\/01\/30\/cumhurbaskani-erdogan-iran-disisleri-bakani-erakciyi-kabul-etti\/","title":{"rendered":"Cumhurba\u015fkan\u0131 Erdo\u011fan, \u0130ran D\u0131\u015fi\u015fleri Bakan\u0131 Erak\u00e7i&#8217;yi kabul etti"},"content":{"rendered":"<p><p>Bas\u0131na kapal\u0131 ger\u00e7ekle\u015fen kabulde, D\u0131\u015fi\u015fleri Bakan\u0131 Hakan Fidan da haz\u0131r bulundu.<\/p>\n<div>\n<div><img decoding=\"async\" src=\"https:\/\/kamucalisani.net\/wp-content\/uploads\/2026\/01\/cumhurbaskani-erdogan-iran-disisleri-bakani-erakciyi-kabul-etti-0-YefIJT6Y.jpg\"\/><\/img><\/div>\n<\/div>\n<p>\u00a0<\/p>\n\n<p><\/p>\n<p>Kaynak :\u00a0<span style=\"background-color: rgb(255, 249, 236); color: rgb(55, 58, 60); font-size: 14px;\">http:\/\/www.milliyet.com.tr\/gundem\/cumhurbaskani-erdogan-iran-disisleri-bakani-erakciyi-kabul-etti-7529907<\/span><\/p>\n","protected":false},"excerpt":{"rendered":"<p>Cumhurba\u015fkan\u0131 Recep Tayyip Erdo\u011fan, \u0130ran D\u0131\u015fi\u015fleri Bakan\u0131 Abbas Erak\u00e7i&#8217;yi kabul etti.<\/p>\n","protected":false},"author":1,"featured_media":172963,"comment_status":"open","ping_status":"open","sticky":false,"template":"","format":"standard","meta":{"footnotes":""},"categories":[3],"tags":[],"class_list":["post-172962","post","type-post","status-publish","format-standard","has-post-thumbnail","hentry","category-guncel"],"_links":{"self":[{"href":"https:\/\/kamucalisani.net\/index.php\/wp-json\/wp\/v2\/posts\/172962","targetHints":{"allow":["GET"]}}],"collection":[{"href":"https:\/\/kamucalisani.net\/index.php\/wp-json\/wp\/v2\/posts"}],"about":[{"href":"https:\/\/kamucalisani.net\/index.php\/wp-json\/wp\/v2\/types\/post"}],"author":[{"embeddable":true,"href":"https:\/\/kamucalisani.net\/index.php\/wp-json\/wp\/v2\/users\/1"}],"replies":[{"embeddable":true,"href":"https:\/\/kamucalisani.net\/index.php\/wp-json\/wp\/v2\/comments?post=172962"}],"version-history":[{"count":1,"href":"https:\/\/kamucalisani.net\/index.php\/wp-json\/wp\/v2\/posts\/172962\/revisions"}],"predecessor-version":[{"id":172965,"href":"https:\/\/kamucalisani.net\/index.php\/wp-json\/wp\/v2\/posts\/172962\/revisions\/172965"}],"wp:featuredmedia":[{"embeddable":true,"href":"https:\/\/kamucalisani.net\/index.php\/wp-json\/wp\/v2\/media\/172963"}],"wp:attachment":[{"href":"https:\/\/kamucalisani.net\/index.php\/wp-json\/wp\/v2\/media?parent=172962"}],"wp:term":[{"taxonomy":"category","embeddable":true,"href":"https:\/\/kamucalisani.net\/index.php\/wp-json\/wp\/v2\/categories?post=172962"},{"taxonomy":"post_tag","embeddable":true,"href":"https:\/\/kamucalisani.net\/index.php\/wp-json\/wp\/v2\/tags?post=172962"}],"curies":[{"name":"wp","href":"https:\/\/api.w.org\/{rel}","templated":true}]}}