{"id":172972,"date":"2026-01-30T15:18:11","date_gmt":"2026-01-30T15:18:11","guid":{"rendered":"https:\/\/kamucalisani.net\/?p=172972"},"modified":"2026-01-30T15:18:11","modified_gmt":"2026-01-30T15:18:11","slug":"bakan-yerlikaya-gemide-fenalasan-vatandasimiz-tahliye-edildi","status":"publish","type":"post","link":"https:\/\/kamucalisani.net\/index.php\/2026\/01\/30\/bakan-yerlikaya-gemide-fenalasan-vatandasimiz-tahliye-edildi\/","title":{"rendered":"Bakan Yerlikaya: Gemide fenala\u015fan vatanda\u015f\u0131m\u0131z tahliye edildi"},"content":{"rendered":"<p><p>\u0130\u00e7i\u015fleri Bakan\u0131 Ali Yerlikaya, Sakarya a\u00e7\u0131klar\u0131ndaki bir gemide fenala\u015fan vatanda\u015f\u0131n Sahil G\u00fcvenlik ekiplerince kurtar\u0131larak tahliye edildi\u011fini bildirdi.<\/p>\n<div>\n<div><img decoding=\"async\" src=\"https:\/\/kamucalisani.net\/wp-content\/uploads\/2026\/01\/bakan-yerlikaya-gemide-fenalasan-vatandasimiz-tahliye-edildi-0-pePgkTYJ.jpg\"\/><\/img><\/div>\n<\/div>\n<p>Bakan Yerlikaya, sosyal medya hesab\u0131ndan a\u00e7\u0131klamada bulunarak, &#8220;Gemide fenala\u015fan vatanda\u015f\u0131m\u0131z Sahil G\u00fcvenlik ekiplerimizce tahliye edildi. Sakarya&#8217;n\u0131n Karasu il\u00e7esi a\u00e7\u0131klar\u0131nda, \u2018\u015eampiyon Trabzon&#8217; adl\u0131 RO-RO gemisinde bir vatanda\u015f\u0131m\u0131z\u0131n fenala\u015farak t\u0131bbi tahliyesine ihtiya\u00e7 duyuldu\u011fu ihbar\u0131n\u0131n al\u0131nmas\u0131 \u00fczerine, b\u00f6lgeye derhal 1 Sahil G\u00fcvenlik Botu (KB-108) sevk edildi. Fenala\u015fan vatanda\u015f\u0131m\u0131z, Sahil G\u00fcvenlik Botu taraf\u0131ndan sa\u011fl\u0131k personeli e\u015fli\u011finde tahliye edilerek Karasu Liman\u0131&#8217;nda bulunan 112 Acil Sa\u011fl\u0131k Ambulans\u0131na bilinci a\u00e7\u0131k \u015fekilde teslim edildi. Kurtarma \u00e7al\u0131\u015fmalar\u0131n\u0131 titizlikle y\u00fcr\u00fcten Sahil G\u00fcvenlik Komutanl\u0131\u011f\u0131m\u0131z\u0131 tebrik ediyorum. Allah yard\u0131mc\u0131n\u0131z olsun&#8221; a\u00e7\u0131klamalar\u0131nda bulundu.<\/p>\n\n<p><\/p>\n<p>Kaynak :\u00a0<span style=\"background-color: rgb(255, 249, 236); color: rgb(55, 58, 60); font-size: 14px;\">http:\/\/www.milliyet.com.tr\/gundem\/bakan-yerlikaya-gemide-fenalasan-vatandasimiz-tahliye-edildi-7529909<\/span><\/p>\n","protected":false},"excerpt":{"rendered":"<p>\u0130\u00e7i\u015fleri Bakan\u0131 Yerlikaya, &#8220;Sakarya&#8217;da gemide fenala\u015fan vatanda\u015f\u0131m\u0131z Sahil G\u00fcvenlik ekiplerimizce tahliye edildi. Vatanda\u015f\u0131m\u0131z, Sahil G\u00fcvenlik botu taraf\u0131ndan 112 Acil Sa\u011fl\u0131k Ambulans\u0131na bilinci a\u00e7\u0131k \u015fekilde teslim edildi&#8221; dedi.<\/p>\n","protected":false},"author":1,"featured_media":172973,"comment_status":"open","ping_status":"open","sticky":false,"template":"","format":"standard","meta":{"footnotes":""},"categories":[3],"tags":[6768],"class_list":["post-172972","post","type-post","status-publish","format-standard","has-post-thumbnail","hentry","category-guncel","tag-sahil-guvenlik"],"_links":{"self":[{"href":"https:\/\/kamucalisani.net\/index.php\/wp-json\/wp\/v2\/posts\/172972","targetHints":{"allow":["GET"]}}],"collection":[{"href":"https:\/\/kamucalisani.net\/index.php\/wp-json\/wp\/v2\/posts"}],"about":[{"href":"https:\/\/kamucalisani.net\/index.php\/wp-json\/wp\/v2\/types\/post"}],"author":[{"embeddable":true,"href":"https:\/\/kamucalisani.net\/index.php\/wp-json\/wp\/v2\/users\/1"}],"replies":[{"embeddable":true,"href":"https:\/\/kamucalisani.net\/index.php\/wp-json\/wp\/v2\/comments?post=172972"}],"version-history":[{"count":1,"href":"https:\/\/kamucalisani.net\/index.php\/wp-json\/wp\/v2\/posts\/172972\/revisions"}],"predecessor-version":[{"id":172975,"href":"https:\/\/kamucalisani.net\/index.php\/wp-json\/wp\/v2\/posts\/172972\/revisions\/172975"}],"wp:featuredmedia":[{"embeddable":true,"href":"https:\/\/kamucalisani.net\/index.php\/wp-json\/wp\/v2\/media\/172973"}],"wp:attachment":[{"href":"https:\/\/kamucalisani.net\/index.php\/wp-json\/wp\/v2\/media?parent=172972"}],"wp:term":[{"taxonomy":"category","embeddable":true,"href":"https:\/\/kamucalisani.net\/index.php\/wp-json\/wp\/v2\/categories?post=172972"},{"taxonomy":"post_tag","embeddable":true,"href":"https:\/\/kamucalisani.net\/index.php\/wp-json\/wp\/v2\/tags?post=172972"}],"curies":[{"name":"wp","href":"https:\/\/api.w.org\/{rel}","templated":true}]}}