{"id":173119,"date":"2026-01-30T18:12:16","date_gmt":"2026-01-30T18:12:16","guid":{"rendered":"https:\/\/kamucalisani.net\/?p=173119"},"modified":"2026-01-30T18:12:16","modified_gmt":"2026-01-30T18:12:16","slug":"babanin-istegi-saskina-cevirdi-oglu-mirasi-icin-aracinin-altina-bomba-yerlestirmisti","status":"publish","type":"post","link":"https:\/\/kamucalisani.net\/index.php\/2026\/01\/30\/babanin-istegi-saskina-cevirdi-oglu-mirasi-icin-aracinin-altina-bomba-yerlestirmisti\/","title":{"rendered":"Baban\u0131n iste\u011fi \u015fa\u015fk\u0131na \u00e7evirdi! O\u011flu, miras\u0131 i\u00e7in arac\u0131n\u0131n alt\u0131na bomba yerle\u015ftirmi\u015fti"},"content":{"rendered":"<p><p>Olay, 30 Haziran 2024\u2019te Maz\u0131da\u011f\u0131 il\u00e7esi Kar\u015f\u0131yaka Mahallesi\u2019nde meydana geldi. A\u011fabeyi R.E.\u2019nin kendisine k\u00f6t\u00fc davrand\u0131\u011f\u0131 gerek\u00e7esiyle nefret besleyen Polat E., arkada\u015f\u0131 Abas A. ile birlikte babas\u0131 Mehmet E\u2019yi \u00f6ld\u00fcr\u00fcp mirastan pay almak amac\u0131yla plan yapt\u0131. Berkant K.\u2019nin kurdu\u011fu bomba d\u00fczene\u011fi, Baran A. taraf\u0131ndan Mehmet E.\u2019nin servis arac\u0131na yerle\u015ftirildi. Mehmet E., po\u015fetten \u015f\u00fcphelenerek d\u00fczene\u011fi fark edip metruk bir binaya b\u0131rakt\u0131. Berkant K. ise daha sonra uzaktan kumandayla d\u00fczene\u011fi patlatmaya \u00e7al\u0131\u015ft\u0131. Mehmet E.\u2019nin ikametine girmek \u00fczere oldu\u011fu s\u0131rada patlama meydana geldi. Olayda \u00f6len ya da yaralanan olmad\u0131. Patlama sonras\u0131 ba\u015flat\u0131lan soru\u015fturmada Polat E. ile arkada\u015flar\u0131 Abas A., Baran A. ve Berkant K. g\u00f6zalt\u0131na al\u0131narak tutukland\u0131.<\/p>\n<div>\n<div><img decoding=\"async\" src=\"https:\/\/kamucalisani.net\/wp-content\/uploads\/2026\/01\/babanin-istegi-saskina-cevirdi-oglu-mirasi-icin-aracinin-altina-bomba-yerlestirmisti-0-uPfCdHSG.jpg\"\/><\/img><\/div>\n<\/div>\n<p>Olaya ili\u015fkin iddianame haz\u0131rlanarak Mardin 5\u2019inci A\u011f\u0131r Ceza Mahkemesi\u2019nde dava a\u00e7\u0131ld\u0131. \u0130ddianamede, san\u0131klar hakk\u0131nda \u2018Kasten \u00f6ld\u00fcrmeye te\u015febb\u00fcs\u2019 ve \u2018Tehlikeli maddelerin izinsiz olarak bulundurulmas\u0131 veya el de\u011fi\u015ftirmesi\u2019 su\u00e7lar\u0131ndan 18 y\u0131ldan 29\u2019ar y\u0131la kadar hapis cezas\u0131 istendi.<\/p>\n<div>\n<div><img decoding=\"async\" src=\"https:\/\/kamucalisani.net\/wp-content\/uploads\/2026\/01\/babanin-istegi-saskina-cevirdi-oglu-mirasi-icin-aracinin-altina-bomba-yerlestirmisti-1-ZtJCjKlb.jpg\"\/><\/img><\/div>\n<\/div>\n<p><strong>DURU\u015eMA ERTELEND\u0130<\/strong><\/p>\n<p>Davan\u0131n 3\u2019\u00fcnc\u00fc duru\u015fmas\u0131, bug\u00fcn 5\u2019inci A\u011f\u0131r Ceza Mahkemesi\u2019nde g\u00f6r\u00fcld\u00fc. Duru\u015fmada tutuklu Polat E. ile Baran A. salonda haz\u0131r bulunurken, Abas A., ve Berkant K. ise tutuklu bulunduklar\u0131 cezaevlerinden Ses ve G\u00f6r\u00fcnt\u00fc Bili\u015fim Sistemi (SEGB\u0130S) \u00fczerinden duru\u015fmaya kat\u0131ld\u0131. Duru\u015fmada ayr\u0131ca baba Mehmet E. de haz\u0131r bulundu. Kimlik tespiti ile ba\u015flayan duru\u015fmada iddia makam\u0131 m\u00fctalaas\u0131n\u0131 okuyarak san\u0131klar\u0131n cezaland\u0131r\u0131lmas\u0131n\u0131 talep etti. San\u0131klar ise m\u00fctalaaya kat\u0131lmad\u0131klar\u0131n\u0131 belirterek, tahliyelerini istedi. San\u0131k avukatlar\u0131 ise m\u00fctalaaya kar\u015f\u0131 savunma yapabilmeleri i\u00e7in ek s\u00fcre talep etti. Mahkeme heyeti, verdi\u011fi k\u0131sa aran\u0131n ard\u0131ndan san\u0131klar\u0131n tutukluluk hallerinin devam\u0131na karar vererek duru\u015fmay\u0131, 6 May\u0131s\u2019a erteledi.<\/p>\n<div>\n<div><img decoding=\"async\" src=\"https:\/\/kamucalisani.net\/wp-content\/uploads\/2026\/01\/babanin-istegi-saskina-cevirdi-oglu-mirasi-icin-aracinin-altina-bomba-yerlestirmisti-2-qYXHUTen.jpg\"\/><\/img><\/div>\n<\/div>\n<p><strong>\u2018BABAYA KIZAN \u00c7OCUK, DERS VERMEK \u0130\u00c7\u0130N PLANLAMI\u015e\u2019<\/strong><\/p>\n<p>Adliye \u00e7\u0131k\u0131\u015f\u0131nda gazetecilere a\u00e7\u0131klamalarda bulunan Polat E.\u2019nin avukat\u0131 \u00d6zlem D\u00fcndar, olay\u0131n iddia makam\u0131n\u0131n m\u00fctalaas\u0131nda yans\u0131t\u0131ld\u0131\u011f\u0131 gibi olmad\u0131\u011f\u0131n\u0131 ileri s\u00fcrerek, \u201cMaalesef ki olay, \u2018Mala zarar verme\u2019 \u015feklinde ba\u015flay\u0131p \u2018Adam \u00f6ld\u00fcrmeye te\u015febb\u00fcs\u2019 durumuna kadar gelmi\u015f durumda. Fakat dosyan\u0131n i\u00e7eri\u011fi asl\u0131nda az \u00f6nce anlat\u0131ld\u0131\u011f\u0131 gibi mahkemede ya\u015fand\u0131\u011f\u0131 gibi de\u011fil. Olay, babaya k\u0131zg\u0131n olan bir \u00e7ocu\u011fun sadece babas\u0131n\u0131n arac\u0131na zarar verip babas\u0131na ders vermek amac\u0131yla ba\u015flam\u0131\u015f. Maalesef ki bahse konu patlay\u0131c\u0131 maddenin \u2018Adam \u00f6ld\u00fcrme\u2019 niteli\u011finde olmas\u0131 y\u00fcz\u00fcnden, \u015fu anda m\u00fcvekkil \u2018Adam \u00f6ld\u00fcrmeye te\u015febb\u00fcs\u2019 su\u00e7undan yarg\u0131lanmakta ve netice itibar\u0131yla ailesi oldu\u011fu i\u00e7in birinci derece yak\u0131n olmas\u0131 sebebiyle de nitelikli hale girmektedir. \u015eu anda korkutma maksad\u0131yla zarar vermek istedi\u011fi babas\u0131n\u0131, maalesef \u00f6ld\u00fcrmeye te\u015febb\u00fcsle yarg\u0131lanmaktad\u0131r. Bu y\u00fczden biz bu m\u00fctalaay\u0131 kabul etmiyoruz. Daha \u00f6nce de bas\u0131na yans\u0131yan \u015fekliyle de asla kabul etmiyoruz. M\u00fcvekkilin hi\u00e7bir \u015fekilde babas\u0131n\u0131 \u00f6ld\u00fcrme kast\u0131 s\u00f6z konusu bile de\u011fildir. Babas\u0131n\u0131 korkutma maksad\u0131yla yapm\u0131\u015f oldu\u011fu eylemin neticesinin cezas\u0131 bu \u015fekilde olmamal\u0131d\u0131r. Bu y\u00fczden biz adalet istiyoruz. Hi\u00e7bir \u015fekilde bu m\u00fctalaay\u0131 kabul etmiyoruz. 6 May\u0131s&#8217;ta karar verilecektir. Bu \u015fekilde karar verilirse ciddi anlamda ma\u011fduriyet s\u00f6z konusu olacakt\u0131r ve hukuki bir karar olmayacakt\u0131r. Biz bu karar\u0131n hi\u00e7bir \u015fekilde olmas\u0131n\u0131 istemiyoruz. M\u00fcvekkilin sadece mala zarar vermekten yarg\u0131lanmas\u0131 gerekirken adam \u00f6ld\u00fcrmeye te\u015febb\u00fcsten ve nitelikli haliyle yarg\u0131lanmas\u0131 m\u00fcvekkili ve \u015fu anda kar\u0131s\u0131, annesi, babas\u0131, t\u00fcm herkes kesinlikle bu ki\u015finin \u00e7ocuklar\u0131n\u0131n b\u00f6yle bir eylem yapmad\u0131\u011f\u0131n\u0131 zaten belirtiyor. \u00c7ocuklar\u0131n\u0131 en iyi onlar tan\u0131yorlar. Bu sebeple ma\u011fduriyet \u00e7ok fazla olacak. Bunu istemiyoruz. M\u00fcvekkilin beraat etmesini talep ediyoruz mahkemeden. Umar\u0131m mahkemeden de adil bir karar \u00e7\u0131kacakt\u0131r\u201d dedi.<\/p>\n<div>\n<div><img decoding=\"async\" src=\"https:\/\/kamucalisani.net\/wp-content\/uploads\/2026\/01\/babanin-istegi-saskina-cevirdi-oglu-mirasi-icin-aracinin-altina-bomba-yerlestirmisti-3-mS2wgd8H.jpg\"\/><\/img><\/div>\n<\/div>\n<p><strong>\u2018O\u011eLUMUN BEN\u0130 \u00d6LD\u00dcRME KASTI VEYA TE\u015eEBB\u00dcS\u00dc YOKTUR\u2019<\/strong><\/p>\n<p>San\u0131k Polat E.\u2019nin babas\u0131 Mehmet E. ise o\u011flundan \u015fikayet\u00e7i olmad\u0131\u011f\u0131n\u0131 ve tahliyesini talep etti\u011fini belirterek, \u201cO\u011flum a\u011fabeyiyle tart\u0131\u015fm\u0131\u015ft\u0131, ev i\u00e7inde \u00f6yle \u00e7at\u0131\u015fmalar oldu, ama b\u00fcy\u00fck bir \u015fey de\u011fildi. Ben de onu haks\u0131z etmi\u015ftim, \u2018Niye a\u011fabeyine b\u00f6yle yap\u0131yorsun\u2019 diye. O da gitmi\u015f, beni korkutmak i\u00e7in arabama \u00f6yle bir d\u00fczene\u011fi yerle\u015ftirmi\u015fler. Ben \u00f6yle bir cezay\u0131 kabul etmiyorum. Benim o\u011flumun kesinlikle beni \u00f6ld\u00fcrmek gibi kast\u0131 veya te\u015febb\u00fcs\u00fc yoktur. Ben onun tahliyesini istiyorum\u201d diye konu\u015ftu.<\/p>\n\n<p><\/p>\n<p>Kaynak :\u00a0<span style=\"background-color: rgb(255, 249, 236); color: rgb(55, 58, 60); font-size: 14px;\">http:\/\/www.milliyet.com.tr\/gundem\/babanin-istegi-saskina-cevirdi-oglu-mirasi-icin-aracinin-altina-bomba-yerlestirmisti-7530003<\/span><\/p>\n","protected":false},"excerpt":{"rendered":"<p>Mardin\u2019in Maz\u0131da\u011f\u0131 il\u00e7esinde miras i\u00e7in babas\u0131n\u0131n arac\u0131na bombal\u0131 d\u00fczenek kurdu\u011fu iddia edilen Polat E.\u2019nin yarg\u0131lanmas\u0131nda yeni bir geli\u015fme ya\u015fand\u0131. Bombal\u0131 tuzaktan kurtulan baba Mehmet E., mahkemede o\u011flundan \u015fikayet\u00e7i olmayarak tahliyesini istedi.<\/p>\n","protected":false},"author":1,"featured_media":173120,"comment_status":"open","ping_status":"open","sticky":false,"template":"","format":"standard","meta":{"footnotes":""},"categories":[3],"tags":[390,386,1168,578,446],"class_list":["post-173119","post","type-post","status-publish","format-standard","has-post-thumbnail","hentry","category-guncel","tag-babasi","tag-ceza","tag-durusma","tag-karar","tag-mahkeme"],"_links":{"self":[{"href":"https:\/\/kamucalisani.net\/index.php\/wp-json\/wp\/v2\/posts\/173119","targetHints":{"allow":["GET"]}}],"collection":[{"href":"https:\/\/kamucalisani.net\/index.php\/wp-json\/wp\/v2\/posts"}],"about":[{"href":"https:\/\/kamucalisani.net\/index.php\/wp-json\/wp\/v2\/types\/post"}],"author":[{"embeddable":true,"href":"https:\/\/kamucalisani.net\/index.php\/wp-json\/wp\/v2\/users\/1"}],"replies":[{"embeddable":true,"href":"https:\/\/kamucalisani.net\/index.php\/wp-json\/wp\/v2\/comments?post=173119"}],"version-history":[{"count":1,"href":"https:\/\/kamucalisani.net\/index.php\/wp-json\/wp\/v2\/posts\/173119\/revisions"}],"predecessor-version":[{"id":173125,"href":"https:\/\/kamucalisani.net\/index.php\/wp-json\/wp\/v2\/posts\/173119\/revisions\/173125"}],"wp:featuredmedia":[{"embeddable":true,"href":"https:\/\/kamucalisani.net\/index.php\/wp-json\/wp\/v2\/media\/173120"}],"wp:attachment":[{"href":"https:\/\/kamucalisani.net\/index.php\/wp-json\/wp\/v2\/media?parent=173119"}],"wp:term":[{"taxonomy":"category","embeddable":true,"href":"https:\/\/kamucalisani.net\/index.php\/wp-json\/wp\/v2\/categories?post=173119"},{"taxonomy":"post_tag","embeddable":true,"href":"https:\/\/kamucalisani.net\/index.php\/wp-json\/wp\/v2\/tags?post=173119"}],"curies":[{"name":"wp","href":"https:\/\/api.w.org\/{rel}","templated":true}]}}