{"id":173338,"date":"2026-01-31T06:06:11","date_gmt":"2026-01-31T06:06:11","guid":{"rendered":"https:\/\/kamucalisani.net\/?p=173338"},"modified":"2026-01-31T06:06:11","modified_gmt":"2026-01-31T06:06:11","slug":"organize-suc-orgutu-lideri-serdar-sertcelik-turkiyeye-getirildi","status":"publish","type":"post","link":"https:\/\/kamucalisani.net\/index.php\/2026\/01\/31\/organize-suc-orgutu-lideri-serdar-sertcelik-turkiyeye-getirildi\/","title":{"rendered":"Organize Su\u00e7 \u00d6rg\u00fct\u00fc lideri Serdar Sert\u00e7elik T\u00fcrkiye&#8217;ye getirildi"},"content":{"rendered":"<p><p>K\u0131rm\u0131z\u0131 B\u00fclten ile aranan organize su\u00e7 \u00f6rg\u00fct\u00fc y\u00f6neticisi Serdar Sert\u00e7elik T\u00fcrkiye\u2019ye getirildi. \u0130\u00e7i\u015fleri Bakan\u0131 Ali Yerlikaya&#8217;n\u0131n sosyal medya hesab\u0131ndan yapt\u0131\u011f\u0131 a\u00e7\u0131klama \u015f\u00f6yle:<\/p>\n<p>\u201cK\u0131rm\u0131z\u0131 B\u00fclten ile arad\u0131\u011f\u0131m\u0131z Macaristan\u2019da tutuklu bulunan A.B.K. Organize Su\u00e7 \u00d6rg\u00fct\u00fc Y\u00f6neticisi Serdar Sert\u00e7elik T\u00fcrkiye\u2019de\u201d<\/p>\n<p>Emniyet Genel M\u00fcd\u00fcrl\u00fc\u011f\u00fc KOM Ba\u015fkanl\u0131\u011f\u0131 ve \u0130nterpol-Europol Daire Ba\u015fkanl\u0131\u011f\u0131 g\u00f6revlileri ile Macar Polisi taraf\u0131ndan, A.B.K. Organize su\u00e7 \u00f6rg\u00fct\u00fc y\u00f6neticisi Serdar Sert\u00e7elik Macaristan\u2019dan \u00fclkemize getirildi.<\/p>\n<p>\u201cSu\u00e7 \u0130\u015flemek Amac\u0131yla Kurulan \u00d6rg\u00fcte \u00dcye Olma, Kasten \u00d6ld\u00fcrme ve Bir Su\u00e7u Gizlemek, Ba\u015fka Bir Su\u00e7un Delillerini Gizlemek ya da Yakalanmamak Amac\u0131yla \u00d6ld\u00fcrme\u201d su\u00e7lar\u0131ndan hakk\u0131nda K\u0131rm\u0131z\u0131 B\u00fclten \u00e7\u0131kart\u0131lan Serdar Ser\u00e7elik 25.05.2024 tarihinde Macaristan\u2019da yakalanm\u0131\u015f ve tutuklanm\u0131\u015ft\u0131.<\/p>\n\n<p><\/p>\n<p>Kaynak :\u00a0<span style=\"background-color: rgb(255, 249, 236); color: rgb(55, 58, 60); font-size: 14px;\">http:\/\/www.milliyet.com.tr\/gundem\/organize-suc-orgutu-lideri-serdar-sertcelik-turkiyeye-getirildi-7530203<\/span><\/p>\n","protected":false},"excerpt":{"rendered":"<p>Ayhan Bora Kaplan  Organize Su\u00e7 \u00d6rg\u00fct\u00fc lideri Serdar Sert\u00e7elik T\u00fcrkiye&#8217;ye getirildi .<\/p>\n","protected":false},"author":1,"featured_media":173339,"comment_status":"open","ping_status":"open","sticky":false,"template":"","format":"standard","meta":{"footnotes":""},"categories":[3],"tags":[811],"class_list":["post-173338","post","type-post","status-publish","format-standard","has-post-thumbnail","hentry","category-guncel","tag-suc"],"_links":{"self":[{"href":"https:\/\/kamucalisani.net\/index.php\/wp-json\/wp\/v2\/posts\/173338","targetHints":{"allow":["GET"]}}],"collection":[{"href":"https:\/\/kamucalisani.net\/index.php\/wp-json\/wp\/v2\/posts"}],"about":[{"href":"https:\/\/kamucalisani.net\/index.php\/wp-json\/wp\/v2\/types\/post"}],"author":[{"embeddable":true,"href":"https:\/\/kamucalisani.net\/index.php\/wp-json\/wp\/v2\/users\/1"}],"replies":[{"embeddable":true,"href":"https:\/\/kamucalisani.net\/index.php\/wp-json\/wp\/v2\/comments?post=173338"}],"version-history":[{"count":1,"href":"https:\/\/kamucalisani.net\/index.php\/wp-json\/wp\/v2\/posts\/173338\/revisions"}],"predecessor-version":[{"id":173340,"href":"https:\/\/kamucalisani.net\/index.php\/wp-json\/wp\/v2\/posts\/173338\/revisions\/173340"}],"wp:featuredmedia":[{"embeddable":true,"href":"https:\/\/kamucalisani.net\/index.php\/wp-json\/wp\/v2\/media\/173339"}],"wp:attachment":[{"href":"https:\/\/kamucalisani.net\/index.php\/wp-json\/wp\/v2\/media?parent=173338"}],"wp:term":[{"taxonomy":"category","embeddable":true,"href":"https:\/\/kamucalisani.net\/index.php\/wp-json\/wp\/v2\/categories?post=173338"},{"taxonomy":"post_tag","embeddable":true,"href":"https:\/\/kamucalisani.net\/index.php\/wp-json\/wp\/v2\/tags?post=173338"}],"curies":[{"name":"wp","href":"https:\/\/api.w.org\/{rel}","templated":true}]}}