{"id":174012,"date":"2026-02-01T09:30:12","date_gmt":"2026-02-01T09:30:12","guid":{"rendered":"https:\/\/kamucalisani.net\/?p=174012"},"modified":"2026-02-01T09:30:12","modified_gmt":"2026-02-01T09:30:12","slug":"fenerbahcede-ayrilik-iptal-oldu-fransizlar-transfer-gelismesini-duyurdu","status":"publish","type":"post","link":"https:\/\/kamucalisani.net\/index.php\/2026\/02\/01\/fenerbahcede-ayrilik-iptal-oldu-fransizlar-transfer-gelismesini-duyurdu\/","title":{"rendered":"Fenerbah\u00e7e&#8217;de ayr\u0131l\u0131k iptal oldu! Frans\u0131zlar transfer geli\u015fmesini duyurdu"},"content":{"rendered":"<p><p>Sezon ba\u015f\u0131nda Al Nassr&#8217;dan kiralanan Jhon Duran devre aras\u0131nda tak\u0131mdan ayr\u0131labilir. Kolombiyal\u0131 y\u0131ld\u0131za Fransa Ligue 1 ekiplerinden Lille talip oldu.<\/p>\n<p>Kolombiyal\u0131 golc\u00fcye talip olan tak\u0131mlardan bir di\u011feri de yine Fransa Ligi ekiplerinden Rennes&#8217;di. Ancak Domenico Tedesco y\u00f6netimindeki Fenerbah\u00e7e&#8217;de tak\u0131mdan ayr\u0131laca\u011f\u0131 y\u00f6n\u00fcnde iddialar ortaya at\u0131lan Jhon Duran&#8217;la ilgili s\u0131cak bir geli\u015fme ya\u015fand\u0131.<\/p>\n<p><strong>TRANSFER \u0130PTAL OLDU<\/strong><\/p>\n<p>Gazeteci Marc Mechenoua&#8217;n\u0131n haberine g\u00f6re Duran&#8217;\u0131n transferi iptal oldu. Y\u0131ld\u0131z oyuncu, Frans\u0131z ekibinin formas\u0131n\u0131 giymeyecek. Haberde Duran&#8217;\u0131n Lille&#8217;in g\u00fcndeminde olmad\u0131\u011f\u0131 iddia edildi.<\/p>\n<div>\n<div><img decoding=\"async\" src=\"https:\/\/kamucalisani.net\/wp-content\/uploads\/2026\/02\/fenerbahcede-ayrilik-iptal-oldu-fransizlar-transfer-gelismesini-duyurdu-0-skU8TJbS.jpg\"\/><\/img><\/div>\n<\/div>\n<p>Lille&#8217;in yan\u0131 s\u0131ra Rennes tak\u0131m\u0131n\u0131n da Duran transferinden vazge\u00e7ti\u011fi bilgisine haberde yer verildi. 22 ya\u015f\u0131ndaki santrforun, \u015fu an i\u00e7in Fransa&#8217;ya transferinin s\u00f6z konusu olmad\u0131\u011f\u0131 ifade edildi.<\/p>\n<p>Jhon Duran, bu sezon Fenerbah\u00e7e&#8217;de 21 m\u00fcsabakada s\u00fcre ald\u0131. Kolombiyal\u0131 santrfor bu s\u00fcre\u00e7te 5 gol ile 2 asistlik performans g\u00f6sterdi.<\/p>\n\n<p><\/p>\n<p>Kaynak :\u00a0<span style=\"background-color: rgb(255, 249, 236); color: rgb(55, 58, 60); font-size: 14px;\">http:\/\/www.milliyet.com.tr\/skorer\/fenerbahcede-ayrilik-iptal-oldu-fransizlar-transfer-gelismesini-duyurdu-7530704<\/span><\/p>\n","protected":false},"excerpt":{"rendered":"<p>Transfer \u00e7al\u0131\u015fmalar\u0131n\u0131 s\u00fcrd\u00fcren Fenerbah\u00e7e&#8217;de ayr\u0131lacak isimler konusunda da s\u0131cak geli\u015fmeler ya\u015fan\u0131yor. Sar\u0131-lacivertli ekipte y\u0131ld\u0131z futbolcunun transferinin iptal oldu\u011fu iddia edildi.<\/p>\n","protected":false},"author":1,"featured_media":174013,"comment_status":"open","ping_status":"open","sticky":false,"template":"","format":"standard","meta":{"footnotes":""},"categories":[7],"tags":[8510],"class_list":["post-174012","post","type-post","status-publish","format-standard","has-post-thumbnail","hentry","category-spor","tag-duran"],"_links":{"self":[{"href":"https:\/\/kamucalisani.net\/index.php\/wp-json\/wp\/v2\/posts\/174012","targetHints":{"allow":["GET"]}}],"collection":[{"href":"https:\/\/kamucalisani.net\/index.php\/wp-json\/wp\/v2\/posts"}],"about":[{"href":"https:\/\/kamucalisani.net\/index.php\/wp-json\/wp\/v2\/types\/post"}],"author":[{"embeddable":true,"href":"https:\/\/kamucalisani.net\/index.php\/wp-json\/wp\/v2\/users\/1"}],"replies":[{"embeddable":true,"href":"https:\/\/kamucalisani.net\/index.php\/wp-json\/wp\/v2\/comments?post=174012"}],"version-history":[{"count":1,"href":"https:\/\/kamucalisani.net\/index.php\/wp-json\/wp\/v2\/posts\/174012\/revisions"}],"predecessor-version":[{"id":174015,"href":"https:\/\/kamucalisani.net\/index.php\/wp-json\/wp\/v2\/posts\/174012\/revisions\/174015"}],"wp:featuredmedia":[{"embeddable":true,"href":"https:\/\/kamucalisani.net\/index.php\/wp-json\/wp\/v2\/media\/174013"}],"wp:attachment":[{"href":"https:\/\/kamucalisani.net\/index.php\/wp-json\/wp\/v2\/media?parent=174012"}],"wp:term":[{"taxonomy":"category","embeddable":true,"href":"https:\/\/kamucalisani.net\/index.php\/wp-json\/wp\/v2\/categories?post=174012"},{"taxonomy":"post_tag","embeddable":true,"href":"https:\/\/kamucalisani.net\/index.php\/wp-json\/wp\/v2\/tags?post=174012"}],"curies":[{"name":"wp","href":"https:\/\/api.w.org\/{rel}","templated":true}]}}