{"id":174131,"date":"2026-02-01T13:06:19","date_gmt":"2026-02-01T13:06:19","guid":{"rendered":"https:\/\/kamucalisani.net\/?p=174131"},"modified":"2026-02-01T13:06:19","modified_gmt":"2026-02-01T13:06:19","slug":"1-milyon-400-bin-kisi-geldi-bolgede-5-kilometrelik-arac-kuyrugu-var","status":"publish","type":"post","link":"https:\/\/kamucalisani.net\/index.php\/2026\/02\/01\/1-milyon-400-bin-kisi-geldi-bolgede-5-kilometrelik-arac-kuyrugu-var\/","title":{"rendered":"1 milyon 400 bin ki\u015fi geldi! B\u00f6lgede 5 kilometrelik ara\u00e7 kuyru\u011fu var"},"content":{"rendered":"<p><p>Uluslararas\u0131 standartlarda uzun pistleri, kar kalitesi, teknik altyap\u0131s\u0131, 5 y\u0131ld\u0131zl\u0131 otelleri ve e\u015fsiz do\u011fa manzaras\u0131yla \u00f6ne \u00e7\u0131kan Erciyes Da\u011f\u0131&#8217;ndaki konaklama tesislerinde, yar\u0131y\u0131l tatili nedeniyle yo\u011funluk ya\u015fad\u0131.<\/p>\n<div>\n<div><img decoding=\"async\" src=\"https:\/\/kamucalisani.net\/wp-content\/uploads\/2026\/02\/1-milyon-400-bin-kisi-geldi-bolgede-5-kilometrelik-arac-kuyrugu-var-0-7Xd7AcKb.jpg\"\/><\/img><\/div>\n<\/div>\n<p>Erciyes A\u015e Y\u00f6netim Kurulu Ba\u015fkan\u0131 Zafer Ak\u015fehirlio\u011flu, gazetecilere, Erciyes&#8217;in dolu dolu bir yar\u0131 y\u0131l tatili d\u00f6nemi ge\u00e7ridi\u011fini s\u00f6yledi. Sezonu 18 Aral\u0131k&#8217;ta a\u00e7t\u0131klar\u0131n\u0131, kar ya\u011f\u0131\u015f\u0131yla birlikte g\u00fczel ge\u00e7en bir y\u0131lba\u015f\u0131 d\u00f6neminin ard\u0131ndan s\u00f6mestir tatilini de \u00e7ok yo\u011fun ge\u00e7irdiklerini ifade eden Ak\u015fehirlio\u011flu, &#8220;Erciyes s\u00f6mestirde doldu ta\u015ft\u0131 desek yeridir. Yar\u0131 y\u0131l tatili \u00f6ncesi &#8216;\u015fimdi tam Erciyes zaman\u0131&#8217; demi\u015ftik. Erciyes de bu slogan\u0131n hakk\u0131n\u0131 verdi.&#8221; dedi.<\/p>\n<div>\n<div><img decoding=\"async\" src=\"https:\/\/kamucalisani.net\/wp-content\/uploads\/2026\/02\/1-milyon-400-bin-kisi-geldi-bolgede-5-kilometrelik-arac-kuyrugu-var-1-WxF5Jv8S.jpg\"\/><\/img><\/div>\n<\/div>\n<p><strong>&#8221; 3 M\u0130LYON RAKAMINA EM\u0130N ADIMLARLA \u0130LERL\u0130YORUZ&#8221; <\/strong><\/p>\n<p>Y\u0131lba\u015f\u0131 ve s\u00f6mestir d\u00f6nemide Erciyes&#8217;te 2 milyon 400 bin ki\u015fiyi a\u011f\u0131rlad\u0131klar\u0131n\u0131 vurgulayan Ak\u015fehirlio\u011flu, \u015funlar\u0131 kaydetti:<\/p>\n<section>\n<div>\n<p>&#8220;Son g\u00fcn itibar\u0131yla bekledi\u011fimiz rakama ula\u015ft\u0131k. \u015eu anda s\u00f6mestir d\u00f6neminde 1 milyon 400 bin ziyaret\u00e7i rakam\u0131na ula\u015ft\u0131k. S\u00f6mestire gelene kadar da zaten 1 milyon ziyaret\u00e7iye ula\u015fm\u0131\u015ft\u0131k. Sezon sonu hedefimiz olan 3 milyon rakam\u0131na emin ad\u0131mlarla ilerliyoruz. Yar\u0131 y\u0131l tatilinin ard\u0131ndan da yo\u011funlu\u011fumuz devam edecek. Otellerimiz rezevasyon almaya devam ediyor. S\u00f6mestir sonras\u0131ndaki d\u00f6nemde de oteller \u015fimdiden y\u00fczde 90 dolulu\u011fa ula\u015ft\u0131.&#8221;<\/p>\n<\/div>\n<\/section>\n<div>\n<div><img decoding=\"async\" src=\"https:\/\/kamucalisani.net\/wp-content\/uploads\/2026\/02\/1-milyon-400-bin-kisi-geldi-bolgede-5-kilometrelik-arac-kuyrugu-var-2-3h9tzCsd.jpg\"\/><\/img><\/div>\n<\/div>\n<p>Ankara&#8217;dan Erciyes&#8217;e gelen Filiz Y\u0131ld\u0131r\u0131m ise Erciyes&#8217;e ilk kez geldi\u011fini ve \u00e7ok keyif ald\u0131\u011f\u0131n\u0131 s\u00f6yledi. Ailecek ara tatilinin son g\u00fcnlerini burada de\u011ferlendirmek istediklerini anlatan Y\u0131ld\u0131r\u0131m, &#8220;\u0130lk kez geliyoruz. \u00c7ok keyif ald\u0131k, ilk kayak deneyimim. \u00c7ocu\u011fuma ayak uydurmaya \u00e7al\u0131\u015f\u0131yorum. \u00c7ocuklar\u0131n \u00e7ok sevdi\u011fi bir ortam var. Ara tatili burada g\u00fczelce ge\u00e7irdik.&#8221; diye konu\u015ftu.<\/p>\n<div>\n<div><img decoding=\"async\" src=\"https:\/\/kamucalisani.net\/wp-content\/uploads\/2026\/02\/1-milyon-400-bin-kisi-geldi-bolgede-5-kilometrelik-arac-kuyrugu-var-3-sL8IudOm.jpg\"\/><\/img><\/div>\n<\/div>\n<p>Mersin&#8217;in Silifke il\u00e7esinden arkada\u015flaryla gelen 11. s\u0131n\u0131f \u00f6\u011frencisi Melih \u00c7elik de \u00e7ok e\u011flendiklerini belirtti.<\/p>\n<section>\n<div>\n<div>\n<div>\n<div>\n<div><img decoding=\"async\" src=\"https:\/\/kamucalisani.net\/wp-content\/uploads\/2026\/02\/1-milyon-400-bin-kisi-geldi-bolgede-5-kilometrelik-arac-kuyrugu-var-4-9WOyJMGI.jpg\"\/><\/img><\/div>\n<div><span><span><b>1\/<\/b><em>11<\/em><\/span><\/span><\/div>\n<\/div>\n<div>\n<div><img decoding=\"async\" src=\"https:\/\/kamucalisani.net\/wp-content\/uploads\/2026\/02\/1-milyon-400-bin-kisi-geldi-bolgede-5-kilometrelik-arac-kuyrugu-var-5-SWqRuMIA.jpg\"\/><\/img><\/div>\n<div><span><span><b>2\/<\/b><em>11<\/em><\/span><\/span><\/div>\n<\/div>\n<div>\n<div><img decoding=\"async\" src=\"https:\/\/kamucalisani.net\/wp-content\/uploads\/2026\/02\/1-milyon-400-bin-kisi-geldi-bolgede-5-kilometrelik-arac-kuyrugu-var-6-Gms6ZAC5.jpg\"\/><\/img><\/div>\n<div><span><span><b>3\/<\/b><em>11<\/em><\/span><\/span><\/div>\n<\/div>\n<div>\n<div><img decoding=\"async\" src=\"https:\/\/kamucalisani.net\/wp-content\/uploads\/2026\/02\/1-milyon-400-bin-kisi-geldi-bolgede-5-kilometrelik-arac-kuyrugu-var-7-RfK3FJ81.jpg\"\/><\/img><\/div>\n<div><span><span><b>4\/<\/b><em>11<\/em><\/span><\/span><\/div>\n<\/div>\n<div>\n<div><img decoding=\"async\" src=\"https:\/\/kamucalisani.net\/wp-content\/uploads\/2026\/02\/1-milyon-400-bin-kisi-geldi-bolgede-5-kilometrelik-arac-kuyrugu-var-8-VQhhfrP7.jpg\"\/><\/img><\/div>\n<div><span><span><b>5\/<\/b><em>11<\/em><\/span><\/span><\/div>\n<\/div>\n<div>\n<div><img decoding=\"async\" src=\"https:\/\/kamucalisani.net\/wp-content\/uploads\/2026\/02\/1-milyon-400-bin-kisi-geldi-bolgede-5-kilometrelik-arac-kuyrugu-var-9-v7mbBEEl.jpg\"\/><\/img><\/div>\n<div><span><span><b>6\/<\/b><em>11<\/em><\/span><\/span><\/div>\n<\/div>\n<div>\n<div><img decoding=\"async\" src=\"https:\/\/kamucalisani.net\/wp-content\/uploads\/2026\/02\/1-milyon-400-bin-kisi-geldi-bolgede-5-kilometrelik-arac-kuyrugu-var-10-qbABw64u.jpg\"\/><\/img><\/div>\n<div><span><span><b>7\/<\/b><em>11<\/em><\/span><\/span><\/div>\n<\/div>\n<div>\n<div><img decoding=\"async\" src=\"https:\/\/kamucalisani.net\/wp-content\/uploads\/2026\/02\/1-milyon-400-bin-kisi-geldi-bolgede-5-kilometrelik-arac-kuyrugu-var-11-z962JQ7g.jpg\"\/><\/img><\/div>\n<div><span><span><b>8\/<\/b><em>11<\/em><\/span><\/span><\/div>\n<\/div>\n<div>\n<div><img decoding=\"async\" src=\"https:\/\/kamucalisani.net\/wp-content\/uploads\/2026\/02\/1-milyon-400-bin-kisi-geldi-bolgede-5-kilometrelik-arac-kuyrugu-var-12-HRhgt76t.jpg\"\/><\/img><\/div>\n<div><span><span><b>9\/<\/b><em>11<\/em><\/span><\/span><\/div>\n<\/div>\n<div>\n<div><img decoding=\"async\" src=\"https:\/\/kamucalisani.net\/wp-content\/uploads\/2026\/02\/1-milyon-400-bin-kisi-geldi-bolgede-5-kilometrelik-arac-kuyrugu-var-13-aGjJwqEb.jpg\"\/><\/img><\/div>\n<div><span><span><b>10\/<\/b><em>11<\/em><\/span><\/span><\/div>\n<\/div>\n<div>\n<div><img decoding=\"async\" src=\"https:\/\/kamucalisani.net\/wp-content\/uploads\/2026\/02\/1-milyon-400-bin-kisi-geldi-bolgede-5-kilometrelik-arac-kuyrugu-var-14-j67Z89jS.jpg\"\/><\/img><\/div>\n<div><span><span><b>11\/<\/b><em>11<\/em><\/span><\/span><\/div>\n<\/div>\n<\/div>\n<\/div>\n<\/div>\n<\/section>\n<p><strong>TRAF\u0130K YO\u011eUNLU\u011eU OLU\u015eTU<\/strong><\/p>\n<p>Kayseri-Develi kara yolunda zaman zaman ula\u015f\u0131mda aksamalara neden oldu, uzun ara\u00e7 kuyruklar\u0131 olu\u015fturdu. Oteller b\u00f6lgesinde de ara\u00e7 yo\u011funlu\u011fu oldu\u011fu g\u00f6r\u00fcld\u00fc. Otoparklarda yer bulamayan s\u00fcr\u00fcc\u00fcler, ara\u00e7lar\u0131n\u0131 yol kenarlar\u0131na park etti. Erciyes Kayak Merkezi&#8217;ne giden yolun Hac\u0131lar Kav\u015fa\u011f\u0131\u2019nda ba\u015flayan trafik sonras\u0131 ise yakla\u015f\u0131k 5 kilometrelik ara\u00e7 kuyru\u011fu olu\u015ftu. (DHA)<\/p>\n\n<p><\/p>\n<p>Kaynak :\u00a0<span style=\"background-color: rgb(255, 249, 236); color: rgb(55, 58, 60); font-size: 14px;\">http:\/\/www.milliyet.com.tr\/gundem\/1-milyon-400-bin-kisi-geldi-bolgede-5-kilometrelik-arac-kuyrugu-var-7530805<\/span><\/p>\n","protected":false},"excerpt":{"rendered":"<p>T\u00fcrkiye&#8217;nin \u00f6nemli kayak merkezlerinden Erciyes, yar\u0131y\u0131l tatilinde 1 milyon 400 bin ziyaret\u00e7iyi konuk etti. S\u00f6mestir tatilinin son g\u00fcn\u00fcnde trafik yo\u011funlu\u011fu ya\u015fand\u0131.<\/p>\n","protected":false},"author":1,"featured_media":174132,"comment_status":"open","ping_status":"open","sticky":false,"template":"","format":"standard","meta":{"footnotes":""},"categories":[3],"tags":[9850,47,11344,3664,3402],"class_list":["post-174131","post","type-post","status-publish","format-standard","has-post-thumbnail","hentry","category-guncel","tag-erciyes","tag-milyon","tag-somestir","tag-tatili","tag-yogun"],"_links":{"self":[{"href":"https:\/\/kamucalisani.net\/index.php\/wp-json\/wp\/v2\/posts\/174131","targetHints":{"allow":["GET"]}}],"collection":[{"href":"https:\/\/kamucalisani.net\/index.php\/wp-json\/wp\/v2\/posts"}],"about":[{"href":"https:\/\/kamucalisani.net\/index.php\/wp-json\/wp\/v2\/types\/post"}],"author":[{"embeddable":true,"href":"https:\/\/kamucalisani.net\/index.php\/wp-json\/wp\/v2\/users\/1"}],"replies":[{"embeddable":true,"href":"https:\/\/kamucalisani.net\/index.php\/wp-json\/wp\/v2\/comments?post=174131"}],"version-history":[{"count":1,"href":"https:\/\/kamucalisani.net\/index.php\/wp-json\/wp\/v2\/posts\/174131\/revisions"}],"predecessor-version":[{"id":174148,"href":"https:\/\/kamucalisani.net\/index.php\/wp-json\/wp\/v2\/posts\/174131\/revisions\/174148"}],"wp:featuredmedia":[{"embeddable":true,"href":"https:\/\/kamucalisani.net\/index.php\/wp-json\/wp\/v2\/media\/174132"}],"wp:attachment":[{"href":"https:\/\/kamucalisani.net\/index.php\/wp-json\/wp\/v2\/media?parent=174131"}],"wp:term":[{"taxonomy":"category","embeddable":true,"href":"https:\/\/kamucalisani.net\/index.php\/wp-json\/wp\/v2\/categories?post=174131"},{"taxonomy":"post_tag","embeddable":true,"href":"https:\/\/kamucalisani.net\/index.php\/wp-json\/wp\/v2\/tags?post=174131"}],"curies":[{"name":"wp","href":"https:\/\/api.w.org\/{rel}","templated":true}]}}