{"id":174350,"date":"2026-02-01T20:06:13","date_gmt":"2026-02-01T20:06:13","guid":{"rendered":"https:\/\/kamucalisani.net\/?p=174350"},"modified":"2026-02-01T20:06:13","modified_gmt":"2026-02-01T20:06:13","slug":"sanliurfada-arazi-kavgasi-husumetli-taraflarin-kavgasina-komandolar-mudahale-etti-11-yarali","status":"publish","type":"post","link":"https:\/\/kamucalisani.net\/index.php\/2026\/02\/01\/sanliurfada-arazi-kavgasi-husumetli-taraflarin-kavgasina-komandolar-mudahale-etti-11-yarali\/","title":{"rendered":"\u015eanl\u0131urfa&#8217;da arazi kavgas\u0131! Husumetli taraflar\u0131n kavgas\u0131na komandolar m\u00fcdahale etti: 11 yaral\u0131"},"content":{"rendered":"<p><p>Kavga, d\u00fcn ak\u015fam saatlerinde Ak\u00e7akale il\u00e7esine ba\u011fl\u0131 k\u0131rsal Mil Dalca Mahallesi\u2019nde meydana geldi. \u0130ddiaya g\u00f6re, aralar\u0131nda arazi anla\u015fmazl\u0131\u011f\u0131 nedeniyle husumet bulunan iki grup, yolda kar\u015f\u0131la\u015f\u0131nca \u00e7\u0131kan tart\u0131\u015fma, yak\u0131nlar\u0131n\u0131n da dahil olmas\u0131yla b\u00fcy\u00fcyerek kavgaya d\u00f6n\u00fc\u015ft\u00fc. Ta\u015f, sopa ve k\u00fcreklerin kullan\u0131ld\u0131\u011f\u0131 kavgada 7 ki\u015fi, v\u00fccutlar\u0131n\u0131n \u00e7e\u015fitli yerlerinden yaraland\u0131.<\/p>\n<p>Husumetli grup bug\u00fcn Ak\u00e7akale il\u00e7e merkezi Fevzi \u00c7akmak Mahallesi\u2019nde bulunan bir akaryak\u0131t istasyonunda kar\u015f\u0131la\u015f\u0131nca aralar\u0131nda yeniden tart\u0131\u015fma \u00e7\u0131kt\u0131. K\u0131sa s\u00fcrede kavgaya d\u00f6n\u00fc\u015fen olayda taraflar, sokak ortas\u0131nda birbirlerine ta\u015f ve sopalarla sald\u0131r\u0131p, tekme tokat kavga etti.<\/p>\n<section>\n<div>\n<div>\n<div>\n<div>\n<div><img decoding=\"async\" src=\"https:\/\/kamucalisani.net\/wp-content\/uploads\/2026\/02\/sanliurfada-arazi-kavgasi-husumetli-taraflarin-kavgasina-komandolar-mudahale-etti-11-yarali-0-nYizmmBX.jpg\"\/><\/img><\/div>\n<div><span><span><b>1\/<\/b><em>5<\/em><\/span><\/span><\/div>\n<\/div>\n<div>\n<div><img decoding=\"async\" src=\"https:\/\/kamucalisani.net\/wp-content\/uploads\/2026\/02\/sanliurfada-arazi-kavgasi-husumetli-taraflarin-kavgasina-komandolar-mudahale-etti-11-yarali-1-ad5actQ8.jpg\"\/><\/img><\/div>\n<div><span><span><b>2\/<\/b><em>5<\/em><\/span><\/span><\/div>\n<\/div>\n<div>\n<div><img decoding=\"async\" src=\"https:\/\/kamucalisani.net\/wp-content\/uploads\/2026\/02\/sanliurfada-arazi-kavgasi-husumetli-taraflarin-kavgasina-komandolar-mudahale-etti-11-yarali-2-H92w9V2E.jpg\"\/><\/img><\/div>\n<div><span><span><b>3\/<\/b><em>5<\/em><\/span><\/span><\/div>\n<\/div>\n<div>\n<div><img decoding=\"async\" src=\"https:\/\/kamucalisani.net\/wp-content\/uploads\/2026\/02\/sanliurfada-arazi-kavgasi-husumetli-taraflarin-kavgasina-komandolar-mudahale-etti-11-yarali-3-QfOF8baj.jpg\"\/><\/img><\/div>\n<div><span><span><b>4\/<\/b><em>5<\/em><\/span><\/span><\/div>\n<\/div>\n<div>\n<div><img decoding=\"async\" src=\"https:\/\/kamucalisani.net\/wp-content\/uploads\/2026\/02\/sanliurfada-arazi-kavgasi-husumetli-taraflarin-kavgasina-komandolar-mudahale-etti-11-yarali-4-rN4OKffS.jpg\"\/><\/img><\/div>\n<div><span><span><b>5\/<\/b><em>5<\/em><\/span><\/span><\/div>\n<\/div>\n<\/div>\n<\/div>\n<\/div>\n<\/section>\n<p>Olay yerine sevk edilen polis ekipleri yetersiz kal\u0131nca jandarma komando birliklerinden destek istendi. G\u00fcvenlik g\u00fc\u00e7lerinin m\u00fcdahalesiyle taraflar g\u00fc\u00e7l\u00fckle ayr\u0131l\u0131rken, \u00e7\u0131kan olaylarda 4 ki\u015fi daha yaraland\u0131. Yaral\u0131lar, Ak\u00e7akale Devlet Hastanesi ile \u015eanl\u0131urfa\u2019daki \u00e7e\u015fitli hastanelere kald\u0131r\u0131larak tedavi alt\u0131na al\u0131nd\u0131. Olayla ilgili soru\u015fturma s\u00fcr\u00fcyor.<\/p>\n\n<p><\/p>\n<p>Kaynak :\u00a0<span style=\"background-color: rgb(255, 249, 236); color: rgb(55, 58, 60); font-size: 14px;\">http:\/\/www.milliyet.com.tr\/gundem\/sanliurfada-arazi-kavgasi-husumetli-taraflarin-kavgasina-komandolar-mudahale-etti-11-yarali-7530913<\/span><\/p>\n","protected":false},"excerpt":{"rendered":"<p>\u015eanl\u0131urfa&#8217;n\u0131n Ak\u00e7akale il\u00e7esinde iki grup aras\u0131ndaki arazi husumeti bitmek bilmedi. D\u00fcn k\u0131rsalda ba\u015flayan, bug\u00fcn il\u00e7e merkezinde akaryak\u0131t istasyonuna ta\u015f\u0131nd\u0131. Ta\u015fl\u0131 sopal\u0131 kavgay\u0131 ay\u0131rmak i\u00e7in jandarma komando birlikleri devreye girdi.<\/p>\n","protected":false},"author":1,"featured_media":174351,"comment_status":"open","ping_status":"open","sticky":false,"template":"","format":"standard","meta":{"footnotes":""},"categories":[3],"tags":[1724],"class_list":["post-174350","post","type-post","status-publish","format-standard","has-post-thumbnail","hentry","category-guncel","tag-kavga"],"_links":{"self":[{"href":"https:\/\/kamucalisani.net\/index.php\/wp-json\/wp\/v2\/posts\/174350","targetHints":{"allow":["GET"]}}],"collection":[{"href":"https:\/\/kamucalisani.net\/index.php\/wp-json\/wp\/v2\/posts"}],"about":[{"href":"https:\/\/kamucalisani.net\/index.php\/wp-json\/wp\/v2\/types\/post"}],"author":[{"embeddable":true,"href":"https:\/\/kamucalisani.net\/index.php\/wp-json\/wp\/v2\/users\/1"}],"replies":[{"embeddable":true,"href":"https:\/\/kamucalisani.net\/index.php\/wp-json\/wp\/v2\/comments?post=174350"}],"version-history":[{"count":1,"href":"https:\/\/kamucalisani.net\/index.php\/wp-json\/wp\/v2\/posts\/174350\/revisions"}],"predecessor-version":[{"id":174357,"href":"https:\/\/kamucalisani.net\/index.php\/wp-json\/wp\/v2\/posts\/174350\/revisions\/174357"}],"wp:featuredmedia":[{"embeddable":true,"href":"https:\/\/kamucalisani.net\/index.php\/wp-json\/wp\/v2\/media\/174351"}],"wp:attachment":[{"href":"https:\/\/kamucalisani.net\/index.php\/wp-json\/wp\/v2\/media?parent=174350"}],"wp:term":[{"taxonomy":"category","embeddable":true,"href":"https:\/\/kamucalisani.net\/index.php\/wp-json\/wp\/v2\/categories?post=174350"},{"taxonomy":"post_tag","embeddable":true,"href":"https:\/\/kamucalisani.net\/index.php\/wp-json\/wp\/v2\/tags?post=174350"}],"curies":[{"name":"wp","href":"https:\/\/api.w.org\/{rel}","templated":true}]}}