{"id":174380,"date":"2026-02-01T21:06:10","date_gmt":"2026-02-01T21:06:10","guid":{"rendered":"https:\/\/kamucalisani.net\/?p=174380"},"modified":"2026-02-01T21:06:10","modified_gmt":"2026-02-01T21:06:10","slug":"fenerbahce-sidiki-cherif-transferini-resmen-acikladi","status":"publish","type":"post","link":"https:\/\/kamucalisani.net\/index.php\/2026\/02\/01\/fenerbahce-sidiki-cherif-transferini-resmen-acikladi\/","title":{"rendered":"Fenerbah\u00e7e, Sidiki Cherif transferini resmen a\u00e7\u0131klad\u0131"},"content":{"rendered":"<p><p>Fenerbah\u00e7e,\u00a0Sidiki Cherif transferini a\u00e7\u0131klad\u0131.<\/p>\n<p>Fenerbah\u00e7emiz, 19 ya\u015f\u0131ndaki santrafor Sidiki Cherif\u2019i kadrosuna katt\u0131. Frans\u0131z gen\u00e7 oyuncu sat\u0131n alma opsiyonuyla 2025\/2026 sezonunun sonuna kadar kiraland\u0131.<br \/>\u00a0<br \/>Kul\u00fcp binas\u0131nda ger\u00e7ekle\u015ftirilen imza t\u00f6reninde Fenerbah\u00e7e Futbol A.\u015e. Y\u00f6netim Kurulu \u00dcyemiz Turgay Terzi yer ald\u0131.<br \/>\u00a0<br \/>Sidiki Cherif\u2019e \u2018Ailemize ho\u015f geldin\u2019 diyor, sar\u0131 lacivert forma alt\u0131nda sonsuz ba\u015far\u0131lar diliyoruz.<\/p>\n\n<p><\/p>\n<p>Kaynak :\u00a0<span style=\"background-color: rgb(255, 249, 236); color: rgb(55, 58, 60); font-size: 14px;\">http:\/\/www.milliyet.com.tr\/skorer\/fenerbahce-sidiki-cherif-transferini-resmen-acikladi-7530929<\/span><\/p>\n","protected":false},"excerpt":{"rendered":"<p>Fenerbah\u00e7e,\u00a0Sidiki Cherif transferini a\u00e7\u0131klad\u0131.<\/p>\n","protected":false},"author":1,"featured_media":174381,"comment_status":"open","ping_status":"open","sticky":false,"template":"","format":"standard","meta":{"footnotes":""},"categories":[7],"tags":[],"class_list":["post-174380","post","type-post","status-publish","format-standard","has-post-thumbnail","hentry","category-spor"],"_links":{"self":[{"href":"https:\/\/kamucalisani.net\/index.php\/wp-json\/wp\/v2\/posts\/174380","targetHints":{"allow":["GET"]}}],"collection":[{"href":"https:\/\/kamucalisani.net\/index.php\/wp-json\/wp\/v2\/posts"}],"about":[{"href":"https:\/\/kamucalisani.net\/index.php\/wp-json\/wp\/v2\/types\/post"}],"author":[{"embeddable":true,"href":"https:\/\/kamucalisani.net\/index.php\/wp-json\/wp\/v2\/users\/1"}],"replies":[{"embeddable":true,"href":"https:\/\/kamucalisani.net\/index.php\/wp-json\/wp\/v2\/comments?post=174380"}],"version-history":[{"count":1,"href":"https:\/\/kamucalisani.net\/index.php\/wp-json\/wp\/v2\/posts\/174380\/revisions"}],"predecessor-version":[{"id":174382,"href":"https:\/\/kamucalisani.net\/index.php\/wp-json\/wp\/v2\/posts\/174380\/revisions\/174382"}],"wp:featuredmedia":[{"embeddable":true,"href":"https:\/\/kamucalisani.net\/index.php\/wp-json\/wp\/v2\/media\/174381"}],"wp:attachment":[{"href":"https:\/\/kamucalisani.net\/index.php\/wp-json\/wp\/v2\/media?parent=174380"}],"wp:term":[{"taxonomy":"category","embeddable":true,"href":"https:\/\/kamucalisani.net\/index.php\/wp-json\/wp\/v2\/categories?post=174380"},{"taxonomy":"post_tag","embeddable":true,"href":"https:\/\/kamucalisani.net\/index.php\/wp-json\/wp\/v2\/tags?post=174380"}],"curies":[{"name":"wp","href":"https:\/\/api.w.org\/{rel}","templated":true}]}}