{"id":175232,"date":"2026-02-03T08:12:12","date_gmt":"2026-02-03T08:12:12","guid":{"rendered":"https:\/\/kamucalisani.net\/?p=175232"},"modified":"2026-02-03T08:12:12","modified_gmt":"2026-02-03T08:12:12","slug":"galatasarayli-yildizin-sozlesmesi-feshediliyor-yeni-takimiyla-anlasma-cok-yakin","status":"publish","type":"post","link":"https:\/\/kamucalisani.net\/index.php\/2026\/02\/03\/galatasarayli-yildizin-sozlesmesi-feshediliyor-yeni-takimiyla-anlasma-cok-yakin\/","title":{"rendered":"Galatasarayl\u0131 y\u0131ld\u0131z\u0131n s\u00f6zle\u015fmesi feshediliyor! Yeni tak\u0131m\u0131yla anla\u015fma \u00e7ok yak\u0131n"},"content":{"rendered":"<p><p>Galatasaray\u2019da sezon planlamas\u0131 kapsam\u0131nda Yusuf Demir\u2019in gelece\u011fiyle ilgili beklenen karar al\u0131nd\u0131. Teknik heyetin raporu do\u011frultusunda y\u00f6netim, oyuncuyla yollar\u0131 ay\u0131rma s\u00fcrecini ba\u015flatt\u0131.<\/p>\n<p>Sar\u0131-k\u0131rm\u0131z\u0131l\u0131 kul\u00fcp, 22 ya\u015f\u0131ndaki Yusuf Demir\u2019in s\u00f6zle\u015fmesini feshetmeye haz\u0131rlan\u0131yor. Sar\u0131-k\u0131rm\u0131z\u0131l\u0131lar\u0131n, sezon sonunda kontrat\u0131 sona erecek futbolcunun t\u00fcm alacaklar\u0131n\u0131 \u00f6deyece\u011fi aktar\u0131ld\u0131.<\/p>\n<p>Daha \u00f6nce Yusuf Demir i\u00e7in lisans\u0131n\u0131n ask\u0131ya al\u0131nmas\u0131 se\u00e7ene\u011fi g\u00fcndeme gelmi\u015fti. Ancak y\u00f6netimin son de\u011ferlendirmesiyle bu plan rafa kald\u0131r\u0131ld\u0131 ve do\u011frudan fesih karar\u0131 \u00f6n plana \u00e7\u0131kt\u0131.<\/p>\n<div>\n<div><img decoding=\"async\" src=\"https:\/\/kamucalisani.net\/wp-content\/uploads\/2026\/02\/galatasarayli-yildizin-sozlesmesi-feshediliyor-yeni-takimiyla-anlasma-cok-yakin-0-givat87e.jpg\"\/><\/img><\/div>\n<\/div>\n<p><strong>MENAJER\u0130 TES\u0130SLERE GELD\u0130<\/strong><br \/>Yusuf Demir&#8217;in menajeri, Kemerburgaz Tesisleri&#8217;ne geldi. Menajeri o anlar\u0131 sosyal medyadan payla\u015ft\u0131. Galatasaray y\u00f6netimi ile Yusuf Demir&#8217;in temsilcisi aras\u0131ndaki m\u00fczakerelerin ard\u0131ndan ayr\u0131l\u0131k ger\u00e7ekle\u015fecek.<\/p>\n<div>\n<div><img decoding=\"async\" src=\"https:\/\/kamucalisani.net\/wp-content\/uploads\/2026\/02\/galatasarayli-yildizin-sozlesmesi-feshediliyor-yeni-takimiyla-anlasma-cok-yakin-1-TR6jUfUu.jpg\"\/><\/img><\/div>\n<\/div>\n<p><strong>RAPID WIEN TEKL\u0130F YAPTI<\/strong><br \/>Ya\u011f\u0131z Sabuncuo\u011flu&#8217;nun haberine g\u00f6re; Rapid Wien, Galatasaray formas\u0131 giyen Yusuf Demir i\u00e7in teklif yapt\u0131. iki taraf aras\u0131nda anla\u015fman\u0131n \u00e7ok yak\u0131n oldu\u011fu belirtildi.<\/p>\n<p><strong>4 YILDA 26 MA\u00c7A \u00c7IKTI<\/strong><br \/>Galatasaray&#8217;\u0131n Rapid Wien&#8217;den 6 milyon Euro bonservis bedeliyle 2022 yaz\u0131nda transfer etti\u011fi Yusuf, sar\u0131 k\u0131rm\u0131z\u0131l\u0131 formayla 26 ma\u00e7a \u00e7\u0131kt\u0131 ve 2 gol at\u0131p 2 asist yapt\u0131.<\/p>\n<div>\n<div><img decoding=\"async\" src=\"https:\/\/kamucalisani.net\/wp-content\/uploads\/2026\/02\/galatasarayli-yildizin-sozlesmesi-feshediliyor-yeni-takimiyla-anlasma-cok-yakin-2-K2aQin8i.jpg\"\/><\/img><\/div>\n<\/div>\n<p>\u00a0<\/p>\n<p><strong>KONTENJAN TRANSFER \u0130\u00c7\u0130N KULLANILACAK <\/strong><\/p>\n<p>Galatasaray, Yusuf Demir ile yollar\u0131n ayr\u0131lmas\u0131n\u0131n ard\u0131ndan bo\u015falacak 23 ya\u015f alt\u0131 yabanc\u0131 oyuncu kontenjan\u0131n\u0131 yeni bir transfer i\u00e7in kullanmay\u0131 hedefliyor. Y\u00f6netimin bu do\u011frultuda alternatif isimler \u00fczerinde \u00e7al\u0131\u015ft\u0131\u011f\u0131 \u00f6\u011frenildi.<\/p>\n\n<p><\/p>\n<p>Kaynak :\u00a0<span style=\"background-color: rgb(255, 249, 236); color: rgb(55, 58, 60); font-size: 14px;\">http:\/\/www.milliyet.com.tr\/skorer\/galatasarayli-yildizin-sozlesmesi-feshediliyor-yeni-takimiyla-anlasma-cok-yakin-7531779<\/span><\/p>\n","protected":false},"excerpt":{"rendered":"<p>Galatasaray&#8217;da Teknik Direkt\u00f6r Okan Buruk&#8217;un kadroda d\u00fc\u015f\u00fcnmedi\u011fi y\u0131ld\u0131z isimle ayr\u0131l\u0131k vakti geldi. Menajerinin \u00f6nceki g\u00fcn tesislere gelmesi dikkat \u00e7ekerken yeni tak\u0131m\u0131n\u0131n Rapid Wien oldu\u011fu ortaya \u00e7\u0131kt\u0131.<\/p>\n","protected":false},"author":1,"featured_media":175233,"comment_status":"open","ping_status":"open","sticky":false,"template":"","format":"standard","meta":{"footnotes":""},"categories":[7],"tags":[257,9750],"class_list":["post-175232","post","type-post","status-publish","format-standard","has-post-thumbnail","hentry","category-spor","tag-galatasaray","tag-yusuf-demir"],"_links":{"self":[{"href":"https:\/\/kamucalisani.net\/index.php\/wp-json\/wp\/v2\/posts\/175232","targetHints":{"allow":["GET"]}}],"collection":[{"href":"https:\/\/kamucalisani.net\/index.php\/wp-json\/wp\/v2\/posts"}],"about":[{"href":"https:\/\/kamucalisani.net\/index.php\/wp-json\/wp\/v2\/types\/post"}],"author":[{"embeddable":true,"href":"https:\/\/kamucalisani.net\/index.php\/wp-json\/wp\/v2\/users\/1"}],"replies":[{"embeddable":true,"href":"https:\/\/kamucalisani.net\/index.php\/wp-json\/wp\/v2\/comments?post=175232"}],"version-history":[{"count":1,"href":"https:\/\/kamucalisani.net\/index.php\/wp-json\/wp\/v2\/posts\/175232\/revisions"}],"predecessor-version":[{"id":175237,"href":"https:\/\/kamucalisani.net\/index.php\/wp-json\/wp\/v2\/posts\/175232\/revisions\/175237"}],"wp:featuredmedia":[{"embeddable":true,"href":"https:\/\/kamucalisani.net\/index.php\/wp-json\/wp\/v2\/media\/175233"}],"wp:attachment":[{"href":"https:\/\/kamucalisani.net\/index.php\/wp-json\/wp\/v2\/media?parent=175232"}],"wp:term":[{"taxonomy":"category","embeddable":true,"href":"https:\/\/kamucalisani.net\/index.php\/wp-json\/wp\/v2\/categories?post=175232"},{"taxonomy":"post_tag","embeddable":true,"href":"https:\/\/kamucalisani.net\/index.php\/wp-json\/wp\/v2\/tags?post=175232"}],"curies":[{"name":"wp","href":"https:\/\/api.w.org\/{rel}","templated":true}]}}