{"id":175492,"date":"2026-02-03T14:36:12","date_gmt":"2026-02-03T14:36:12","guid":{"rendered":"https:\/\/kamucalisani.net\/?p=175492"},"modified":"2026-02-03T14:36:12","modified_gmt":"2026-02-03T14:36:12","slug":"beylikduzunde-is-yerinin-onundeki-turk-bayragi-indirildi-polis-her-yerde-ariyor","status":"publish","type":"post","link":"https:\/\/kamucalisani.net\/index.php\/2026\/02\/03\/beylikduzunde-is-yerinin-onundeki-turk-bayragi-indirildi-polis-her-yerde-ariyor\/","title":{"rendered":"Beylikd\u00fcz\u00fc&#8217;nde i\u015f yerinin \u00f6n\u00fcndeki T\u00fcrk bayra\u011f\u0131 indirildi! Polis her yerde ar\u0131yor"},"content":{"rendered":"<p><p>Olay, saat 07.15 s\u0131ralar\u0131nda Yakuplu Mahallesi&#8217;de meydana geldi. Esnaf Furkan Aksoy i\u015f yerinin \u00f6n\u00fcne T\u00fcrk Bayra\u011f\u0131 ast\u0131. Sabah d\u00fckkan\u0131n\u0131 a\u00e7mak isteyen Aksoy, T\u00fcrk bayra\u011f\u0131n\u0131 g\u00f6remeyince g\u00fcvenlik kamera kay\u0131tlar\u0131na bakt\u0131.<\/p>\n<div>\n<div><img decoding=\"async\" src=\"https:\/\/kamucalisani.net\/wp-content\/uploads\/2026\/02\/beylikduzunde-is-yerinin-onundeki-turk-bayragi-indirildi-polis-her-yerde-ariyor-0-qjcmuhNs.jpg\"\/><\/img><\/div>\n<\/div>\n<p>Aksoy bayra\u011f\u0131n bir ki\u015fi taraf\u0131ndan indirildi\u011fini g\u00f6r\u00fcnce polise ihbarda bulundu. G\u00fcvenlik kameras\u0131 kay\u0131tlar\u0131n\u0131 inceleyen polis ekipleri, \u015f\u00fcpheliyi yakalamak i\u00e7in \u00e7al\u0131\u015fma ba\u015flatt\u0131. Ya\u015fananlar ise i\u015f yerinin g\u00fcvenlik kameras\u0131na yans\u0131d\u0131.\u00a0<\/p>\n<div>\n<div><img decoding=\"async\" src=\"https:\/\/kamucalisani.net\/wp-content\/uploads\/2026\/02\/beylikduzunde-is-yerinin-onundeki-turk-bayragi-indirildi-polis-her-yerde-ariyor-1-ApEkvzff.jpg\"\/><\/img><\/div>\n<\/div>\n<p><strong>&#8216;B\u0130LEREK A\u015eA\u011eI DO\u011eRU \u00c7EK\u0130YOR&#8217;<\/strong><\/p>\n<p>\u0130s yeri sahibi Furkan Aksoy &#8220;Sabah d\u00fckkan\u0131 a\u00e7mak i\u00e7in geldik. Bakt\u0131k ki T\u00fcrk Bayra\u011f\u0131m\u0131z\u0131 indirilmi\u015fler. Kamera kay\u0131tlar\u0131na bakt\u0131k. Eleman\u0131n biri geliyor, telefon kayd\u0131n\u0131 alarak, telefonu bayra\u011fa tutuyor. Bilerek a\u015fa\u011f\u0131 do\u011fru \u00e7ekiyor. \u0130ndiriyor kopart\u0131rcas\u0131na. Sonra y\u00fcr\u00fcyerek gidiyor. Polis ekiplerine att\u0131k videoyu. Normalde bayra\u011f\u0131m\u0131z her zaman as\u0131l\u0131. Mardin&#8217;deki olaylardan sonra daha b\u00fcy\u00fck bir bayrak ast\u0131k. Bayrakt\u0131r, ba\u015fka ne s\u00f6ylenir ki. Vatan\u0131m\u0131z\u0131n bayra\u011f\u0131&#8221; dedi. (DHA)<\/p>\n<div>\n<div><img decoding=\"async\" src=\"https:\/\/kamucalisani.net\/wp-content\/uploads\/2026\/02\/beylikduzunde-is-yerinin-onundeki-turk-bayragi-indirildi-polis-her-yerde-ariyor-2-u8kcKyi9.jpg\"\/><\/img><\/div>\n<\/div>\n<p><\/p>\n<div>\n<div><img decoding=\"async\" src=\"https:\/\/kamucalisani.net\/wp-content\/uploads\/2026\/02\/beylikduzunde-is-yerinin-onundeki-turk-bayragi-indirildi-polis-her-yerde-ariyor-3-LsgP8Tlm.jpg\"\/><\/img><\/div>\n<\/div>\n<p><\/p>\n<div>\n<div><img decoding=\"async\" src=\"https:\/\/kamucalisani.net\/wp-content\/uploads\/2026\/02\/beylikduzunde-is-yerinin-onundeki-turk-bayragi-indirildi-polis-her-yerde-ariyor-4-zvrKygxd.jpg\"\/><\/img><\/div>\n<\/div>\n<p><\/p>\n<p>Kaynak :\u00a0<span style=\"background-color: rgb(255, 249, 236); color: rgb(55, 58, 60); font-size: 14px;\">http:\/\/www.milliyet.com.tr\/gundem\/beylikduzunde-is-yerinin-onundeki-turk-bayragi-indirildi-polis-her-yerde-ariyor-7532067<\/span><\/p>\n","protected":false},"excerpt":{"rendered":"<p>Beylikd\u00fcz\u00fc i\u015f yeri \u00f6n\u00fcnde as\u0131l\u0131 olan T\u00fcrk Bayra\u011f\u0131&#8217;n\u0131 indiren \u015f\u00fcpheli , o anlar\u0131 cep telefonu kameras\u0131yla da kaydetti. \u0130\u015f yeri sahibinin ihbar\u0131yla g\u00fcvenlik kameralar\u0131n\u0131 inceleyen polis ekipleri, \u015f\u00fcpheliyi yakalamak i\u00e7in \u00e7al\u0131\u015fma ba\u015flatt\u0131.<\/p>\n","protected":false},"author":1,"featured_media":175493,"comment_status":"open","ping_status":"open","sticky":false,"template":"","format":"standard","meta":{"footnotes":""},"categories":[3],"tags":[3134],"class_list":["post-175492","post","type-post","status-publish","format-standard","has-post-thumbnail","hentry","category-guncel","tag-bayragi"],"_links":{"self":[{"href":"https:\/\/kamucalisani.net\/index.php\/wp-json\/wp\/v2\/posts\/175492","targetHints":{"allow":["GET"]}}],"collection":[{"href":"https:\/\/kamucalisani.net\/index.php\/wp-json\/wp\/v2\/posts"}],"about":[{"href":"https:\/\/kamucalisani.net\/index.php\/wp-json\/wp\/v2\/types\/post"}],"author":[{"embeddable":true,"href":"https:\/\/kamucalisani.net\/index.php\/wp-json\/wp\/v2\/users\/1"}],"replies":[{"embeddable":true,"href":"https:\/\/kamucalisani.net\/index.php\/wp-json\/wp\/v2\/comments?post=175492"}],"version-history":[{"count":1,"href":"https:\/\/kamucalisani.net\/index.php\/wp-json\/wp\/v2\/posts\/175492\/revisions"}],"predecessor-version":[{"id":175499,"href":"https:\/\/kamucalisani.net\/index.php\/wp-json\/wp\/v2\/posts\/175492\/revisions\/175499"}],"wp:featuredmedia":[{"embeddable":true,"href":"https:\/\/kamucalisani.net\/index.php\/wp-json\/wp\/v2\/media\/175493"}],"wp:attachment":[{"href":"https:\/\/kamucalisani.net\/index.php\/wp-json\/wp\/v2\/media?parent=175492"}],"wp:term":[{"taxonomy":"category","embeddable":true,"href":"https:\/\/kamucalisani.net\/index.php\/wp-json\/wp\/v2\/categories?post=175492"},{"taxonomy":"post_tag","embeddable":true,"href":"https:\/\/kamucalisani.net\/index.php\/wp-json\/wp\/v2\/tags?post=175492"}],"curies":[{"name":"wp","href":"https:\/\/api.w.org\/{rel}","templated":true}]}}