{"id":175528,"date":"2026-02-03T15:30:10","date_gmt":"2026-02-03T15:30:10","guid":{"rendered":"https:\/\/kamucalisani.net\/?p=175528"},"modified":"2026-02-03T15:30:10","modified_gmt":"2026-02-03T15:30:10","slug":"kalp-rahatsizligi-nedeniyle-27-yasinda-emekli-edildi-genc-astsubaydan-aci-haber","status":"publish","type":"post","link":"https:\/\/kamucalisani.net\/index.php\/2026\/02\/03\/kalp-rahatsizligi-nedeniyle-27-yasinda-emekli-edildi-genc-astsubaydan-aci-haber\/","title":{"rendered":"Kalp rahats\u0131zl\u0131\u011f\u0131 nedeniyle 27 ya\u015f\u0131nda emekli edildi! Gen\u00e7 astsubaydan ac\u0131 haber"},"content":{"rendered":"<p><p>Olay, sabah saatlerinde Ere\u011fli il\u00e7esinde meydana geldi. Evinde fenala\u015fan Mert Necati G\u00fcnay, \u00f6zel bir hastaneye g\u00f6t\u00fcr\u00fcld\u00fc. Kalp krizi ge\u00e7irdi\u011fi anla\u015f\u0131lan G\u00fcnay yap\u0131lan m\u00fcdahalelere ra\u011fmen kurtar\u0131lamad\u0131.<\/p>\n<p>Mert Necati G\u00fcnay&#8217;\u0131n Ere\u011fli Belediye Ba\u015fkan Yard\u0131mc\u0131s\u0131 G\u00f6khan G\u00fcnay&#8217;\u0131n o\u011flu oldu\u011fu, 1 y\u0131l \u00f6nce kalp rahats\u0131zl\u0131\u011f\u0131 nedeniyle Astsubay K\u0131demli \u00c7avu\u015f r\u00fctbesindeyken g\u00f6revinden emekli edildi\u011fi belirtildi.<\/p>\n<p>G\u00fcnay i\u00e7in, B\u00f6l\u00fccek Mahallesi\u2019nde askeri birli\u011fin de kat\u0131l\u0131m\u0131yla askeri t\u00f6reni d\u00fczenlendi. T\u00f6ren sonras\u0131 B\u00f6l\u00fccek Camisi\u2019nde k\u0131l\u0131nan cenaze namaz\u0131n\u0131n ard\u0131ndan Mert Necati G\u00fcnay, son yolculu\u011funa u\u011furland\u0131.<\/p>\n\n<p><\/p>\n<p>Kaynak :\u00a0<span style=\"background-color: rgb(255, 249, 236); color: rgb(55, 58, 60); font-size: 14px;\">http:\/\/www.milliyet.com.tr\/gundem\/kalp-rahatsizligi-nedeniyle-27-yasinda-emekli-edildi-genc-astsubaydan-aci-haber-7532091<\/span><\/p>\n","protected":false},"excerpt":{"rendered":"<p>Zonguldak\u2019ta kalp rahats\u0131zl\u0131\u011f\u0131 nedeniyle emekli edilen Astsubay Mert Necati G\u00fcnay (27) ge\u00e7irdi\u011fi kalp krizi sonras\u0131 hayat\u0131n\u0131 kaybetti.<\/p>\n","protected":false},"author":1,"featured_media":175529,"comment_status":"open","ping_status":"open","sticky":false,"template":"","format":"standard","meta":{"footnotes":""},"categories":[3],"tags":[10163],"class_list":["post-175528","post","type-post","status-publish","format-standard","has-post-thumbnail","hentry","category-guncel","tag-gunay"],"_links":{"self":[{"href":"https:\/\/kamucalisani.net\/index.php\/wp-json\/wp\/v2\/posts\/175528","targetHints":{"allow":["GET"]}}],"collection":[{"href":"https:\/\/kamucalisani.net\/index.php\/wp-json\/wp\/v2\/posts"}],"about":[{"href":"https:\/\/kamucalisani.net\/index.php\/wp-json\/wp\/v2\/types\/post"}],"author":[{"embeddable":true,"href":"https:\/\/kamucalisani.net\/index.php\/wp-json\/wp\/v2\/users\/1"}],"replies":[{"embeddable":true,"href":"https:\/\/kamucalisani.net\/index.php\/wp-json\/wp\/v2\/comments?post=175528"}],"version-history":[{"count":1,"href":"https:\/\/kamucalisani.net\/index.php\/wp-json\/wp\/v2\/posts\/175528\/revisions"}],"predecessor-version":[{"id":175530,"href":"https:\/\/kamucalisani.net\/index.php\/wp-json\/wp\/v2\/posts\/175528\/revisions\/175530"}],"wp:featuredmedia":[{"embeddable":true,"href":"https:\/\/kamucalisani.net\/index.php\/wp-json\/wp\/v2\/media\/175529"}],"wp:attachment":[{"href":"https:\/\/kamucalisani.net\/index.php\/wp-json\/wp\/v2\/media?parent=175528"}],"wp:term":[{"taxonomy":"category","embeddable":true,"href":"https:\/\/kamucalisani.net\/index.php\/wp-json\/wp\/v2\/categories?post=175528"},{"taxonomy":"post_tag","embeddable":true,"href":"https:\/\/kamucalisani.net\/index.php\/wp-json\/wp\/v2\/tags?post=175528"}],"curies":[{"name":"wp","href":"https:\/\/api.w.org\/{rel}","templated":true}]}}